{"id":607345,"date":"2025-12-18T12:00:57","date_gmt":"2025-12-18T12:00:57","guid":{"rendered":"https:\/\/www.europesays.com\/fr\/607345\/"},"modified":"2025-12-18T12:00:57","modified_gmt":"2025-12-18T12:00:57","slug":"la-fdsea-regrette-que-des-elements-exterieurs-aient-coupe-deux-arbres-a-la-tronconneuse-a-grenoble","status":"publish","type":"post","link":"https:\/\/www.europesays.com\/fr\/607345\/","title":{"rendered":"la FDSEA regrette que \u00ab\u00a0des \u00e9l\u00e9ments ext\u00e9rieurs\u00a0\u00bb aient coup\u00e9 deux arbres \u00e0 la tron\u00e7onneuse \u00e0 Grenoble"},"content":{"rendered":"<p>La rencontre des agriculteurs avec la pr\u00e9f\u00e8te de l&rsquo;Is\u00e8re, initialement pr\u00e9vue \u00e0 la Direction d\u00e9partementale des territoires, sur le boulevard Joseph-Vallier, devrait finalement se tenir directement \u00e0 la pr\u00e9fecture.<\/p>\n<p>La pr\u00e9f\u00e8te Catherine Seguin serait m\u00e9contente apr\u00e8s la coupe et la mise \u00e0 feu de deux arbres devant la DDT38 pendant la nuit.<br \/>En attendant l&rsquo;arriv\u00e9e de la dizaine de tracteurs pour la rel\u00e8ve du blocage d&rsquo;une portion du boulevard Joseph-Vallier, la circulation de la ligne C du tram a repris entre Gustave-Rivet et Catane.<\/p>\n","protected":false},"excerpt":{"rendered":"La rencontre des agriculteurs avec la pr\u00e9f\u00e8te de l&rsquo;Is\u00e8re, initialement pr\u00e9vue \u00e0 la Direction d\u00e9partementale des territoires, sur&hellip;\n","protected":false},"author":2,"featured_media":607346,"comment_status":"","ping_status":"","sticky":false,"template":"","format":"standard","meta":{"footnotes":""},"categories":[9566],"tags":[1111,11,327,1867,2430,115,112,113,116,111,114,341,436,1777,674,107,1011,27,2731,108,12,25,71],"class_list":{"0":"post-607345","1":"post","2":"type-post","3":"status-publish","4":"format-standard","5":"has-post-thumbnail","7":"category-grenoble","8":"tag-actu","9":"tag-actualites","10":"tag-agriculture","11":"tag-animaux","12":"tag-auvergne-rhone-alpes","13":"tag-edition-bourgoin-jallieu-nord-dauphine","14":"tag-edition-grenoble-agglomeration","15":"tag-edition-gresivaudan-oisans","16":"tag-edition-la-tour-du-pin-nord-dauphine","17":"tag-edition-vienne-roussillon","18":"tag-edition-voiron-saint-marcellin","19":"tag-emploi","20":"tag-environnement","21":"tag-eu","22":"tag-europe","23":"tag-fil-info","24":"tag-fr","25":"tag-france","26":"tag-grenoble","27":"tag-isere","28":"tag-news","29":"tag-republique-francaise","30":"tag-sante"},"share_on_mastodon":{"url":"https:\/\/pubeurope.com\/@fr\/115740467747846590","error":""},"_links":{"self":[{"href":"https:\/\/www.europesays.com\/fr\/wp-json\/wp\/v2\/posts\/607345","targetHints":{"allow":["GET"]}}],"collection":[{"href":"https:\/\/www.europesays.com\/fr\/wp-json\/wp\/v2\/posts"}],"about":[{"href":"https:\/\/www.europesays.com\/fr\/wp-json\/wp\/v2\/types\/post"}],"author":[{"embeddable":true,"href":"https:\/\/www.europesays.com\/fr\/wp-json\/wp\/v2\/users\/2"}],"replies":[{"embeddable":true,"href":"https:\/\/www.europesays.com\/fr\/wp-json\/wp\/v2\/comments?post=607345"}],"version-history":[{"count":0,"href":"https:\/\/www.europesays.com\/fr\/wp-json\/wp\/v2\/posts\/607345\/revisions"}],"wp:featuredmedia":[{"embeddable":true,"href":"https:\/\/www.europesays.com\/fr\/wp-json\/wp\/v2\/media\/607346"}],"wp:attachment":[{"href":"https:\/\/www.europesays.com\/fr\/wp-json\/wp\/v2\/media?parent=607345"}],"wp:term":[{"taxonomy":"category","embeddable":true,"href":"https:\/\/www.europesays.com\/fr\/wp-json\/wp\/v2\/categories?post=607345"},{"taxonomy":"post_tag","embeddable":true,"href":"https:\/\/www.europesays.com\/fr\/wp-json\/wp\/v2\/tags?post=607345"}],"curies":[{"name":"wp","href":"https:\/\/api.w.org\/{rel}","templated":true}]}}