{"id":607349,"date":"2025-12-18T12:05:15","date_gmt":"2025-12-18T12:05:15","guid":{"rendered":"https:\/\/www.europesays.com\/fr\/607349\/"},"modified":"2025-12-18T12:05:15","modified_gmt":"2025-12-18T12:05:15","slug":"quelles-sont-les-villes-les-plus-peuplees-voici-le-top-10","status":"publish","type":"post","link":"https:\/\/www.europesays.com\/fr\/607349\/","title":{"rendered":"quelles sont les villes les plus peupl\u00e9es ? Voici le top 10"},"content":{"rendered":"<p>                    Par<br \/>\n        <strong><br \/>\n            <a href=\"https:\/\/actu.fr\/auteur\/clemence-pays02-actu-fr\" title=\"Consulter tous les articles de Cl\u00e9mence Pays\" target=\"_blank\" rel=\"noopener\">Cl\u00e9mence Pays<\/a><br \/>\n                    <\/strong><\/p>\n<p>        Publi\u00e9 le<\/p>\n<p>            18 d\u00e9c. 2025 \u00e0 12h25        <\/p>\n<p>L\u2019Institut national de la statistique et des \u00e9tudes \u00e9conomiques (Insee) a publi\u00e9, ce jeudi 18\u00a0d\u00e9cembre 2025, les chiffres de la d\u00e9mographie en <a href=\"https:\/\/actu.fr\/bretagne\/\" target=\"_blank\" rel=\"noopener\">Bretagne<\/a>. La r\u00e9gion compte <strong>3\u2009449\u2009370\u00a0habitants<\/strong> \u2013 avec pour populations de r\u00e9f\u00e9rence 2023 (lire encadr\u00e9) \u2013 soit une <strong>augmentation de 0,6\u2009%<\/strong> <a href=\"https:\/\/actu.fr\/bretagne\/vannes_56260\/demographie-en-bretagne-quel-est-le-top-10-des-villes-bretonnes-les-plus-peuplees_62021884.html\" target=\"_blank\" rel=\"noopener\">compar\u00e9 au dernier relev\u00e9<\/a>.\u00a0Voici les <strong>10\u00a0communes bretonnes les plus peupl\u00e9es.<\/strong><\/p>\n<p>Le top\u00a010 des communes les plus peupl\u00e9es en Bretagne<\/p>\n<p class=\" wall-content\">C\u2019est <strong>la capitale bretonne<\/strong> qui se hisse en t\u00eate du classement avec <strong>230\u2009890\u00a0habitants,<\/strong> soit un taux de croissance annuel moyen de 1,1\u2009% sur la p\u00e9riode 2017-2023. Toutefois, c\u2019est <strong>Concarneau<\/strong> qui enregistre la <strong>plus forte progression<\/strong> avec une croissance \u00e0 1,5\u2009%.<\/p>\n<ol class=\" wall-content\">\n<li><strong>Rennes<\/strong> (Ille-et-Vilaine)\u2009: 230\u2009890\u00a0habitants (+1,1\u2009%) ;<\/li>\n<li>\u00a0<strong>Brest<\/strong> (Finist\u00e8re)\u2009: 142\u2009346\u00a0habitants (+0,3\u2009%) ;<\/li>\n<li>\u00a0<strong>Quimper<\/strong> (Finist\u00e8re)\u2009: 64\u2009385\u00a0habitants (+0,4\u2009%) ;<\/li>\n<li><strong>Lorient<\/strong> (Morbihan)\u2009: 58\u2009329\u00a0habitants (+0,3 % ;<\/li>\n<li><strong>Vannes<\/strong> (Morbihan)\u2009: 55\u2009790\u00a0habitants (+0,7\u2009%) ;<\/li>\n<li><strong>Saint-Malo<\/strong> (Ille-et-Vilaine)\u2009: 47\u2009439\u00a0habitants (+0,5 %) ;<\/li>\n<li><strong>Saint-Brieuc<\/strong> (C\u00f4tes-d\u2019Armor)\u2009: 44\u2009364\u00a0habitants (+0,0 %) ;<\/li>\n<li><strong>Lanester<\/strong> (Morbihan)\u2009: 23\u2009263\u00a0habitants (+0,4 %) ;<\/li>\n<li><strong>Concarneau<\/strong> (Finist\u00e8re)\u2009: 20\u2009845\u00a0habitants (+1,5 %) ;<\/li>\n<li><strong>Lannion<\/strong> (C\u00f4tes-d\u2019Armor)\u2009: 20\u2009315\u00a0habitants (+0,4 %).<\/li>\n<\/ol>\n<p>M\u00e9thodologie de l&rsquo;Insee<\/p>\n<p>Ces donn\u00e9es portent sur la France hors Mayotte. Les donn\u00e9es de population au 1er janvier 2023 dans les limites territoriales des communes au 1er janvier 2025 sont officielles et authentifi\u00e9es par d\u00e9cret. Pour assurer une coh\u00e9rence temporelle, les populations 2012 et<br \/>2017 correspondent au m\u00eame p\u00e9rim\u00e8tre.<br \/>Les statistiques de l\u2019\u00e9tat civil sur les naissances et les d\u00e9c\u00e8s sont issues d\u2019une exploitation des informations transmises par les mairies \u00e0 l\u2019Insee. Les taux de croissance sont arrondis au plus pr\u00e8s de leurs valeurs r\u00e9elles.<\/p>\n<p>Quel est le d\u00e9partement le plus peupl\u00e9\u2009?<\/p>\n<p class=\" wall-content\">Concernant les d\u00e9partements bretons, c\u2019est <strong>l\u2019Ille-et-Vilaine<\/strong> qui compte le plus grand nombre d\u2019habitants avec <strong>1\u2009120\u2009666\u00a0habitants,<\/strong> un chiffre en progression de 0,9\u2009%.<\/p>\n<ol class=\" wall-content\">\n<li><strong>Ille-et-Vilaine<\/strong>\u2009: 1\u2009120\u2009666\u00a0habitants (+0,9 %) ;<\/li>\n<li><strong>Finist\u00e8re<\/strong>\u2009: 933\u2009455\u00a0habitants (+0,4 %) ;<\/li>\n<li><strong>Morbihan<\/strong>\u2009: 783\u2009390\u00a0habitants (+0,7 %) ;<\/li>\n<li><strong>C\u00f4tes-d\u2019Armor<\/strong>\u2009: 611\u2009859\u00a0habitants (+0,4 %).<\/li>\n<\/ol>\n<p class=\" wall-content\">Personnalisez votre actualit\u00e9 en ajoutant vos villes et m\u00e9dias en favori avec <a href=\"https:\/\/moncompte.actu.fr\" title=\"D\u00e9couvez Mon Actu\" rel=\"nofollow noopener\" data-trk=\"{&quot;cta&quot;:{&quot;action&quot;:&quot;https:\\\/\\\/moncompte.actu.fr&quot;,&quot;category&quot;:&quot;mon compte&quot;,&quot;from&quot;:&quot;article footer&quot;,&quot;name&quot;:&quot;Mon actu&quot;,&quot;type&quot;:&quot;cta&quot;}}\" target=\"_blank\">Mon Actu<\/a>.<\/p>\n","protected":false},"excerpt":{"rendered":"Par Cl\u00e9mence Pays Publi\u00e9 le 18 d\u00e9c. 2025 \u00e0 12h25 L\u2019Institut national de la statistique et des \u00e9tudes&hellip;\n","protected":false},"author":2,"featured_media":466998,"comment_status":"","ping_status":"","sticky":false,"template":"","format":"standard","meta":{"footnotes":""},"categories":[2821],"tags":[1111,11,829,6969,1777,674,1011,27,12,584,25,104],"class_list":{"0":"post-607349","1":"post","2":"type-post","3":"status-publish","4":"format-standard","5":"has-post-thumbnail","7":"category-rennes","8":"tag-actu","9":"tag-actualites","10":"tag-bretagne","11":"tag-demographie","12":"tag-eu","13":"tag-europe","14":"tag-fr","15":"tag-france","16":"tag-news","17":"tag-rennes","18":"tag-republique-francaise","19":"tag-societe"},"share_on_mastodon":{"url":"https:\/\/pubeurope.com\/@fr\/115740483778434233","error":""},"_links":{"self":[{"href":"https:\/\/www.europesays.com\/fr\/wp-json\/wp\/v2\/posts\/607349","targetHints":{"allow":["GET"]}}],"collection":[{"href":"https:\/\/www.europesays.com\/fr\/wp-json\/wp\/v2\/posts"}],"about":[{"href":"https:\/\/www.europesays.com\/fr\/wp-json\/wp\/v2\/types\/post"}],"author":[{"embeddable":true,"href":"https:\/\/www.europesays.com\/fr\/wp-json\/wp\/v2\/users\/2"}],"replies":[{"embeddable":true,"href":"https:\/\/www.europesays.com\/fr\/wp-json\/wp\/v2\/comments?post=607349"}],"version-history":[{"count":0,"href":"https:\/\/www.europesays.com\/fr\/wp-json\/wp\/v2\/posts\/607349\/revisions"}],"wp:featuredmedia":[{"embeddable":true,"href":"https:\/\/www.europesays.com\/fr\/wp-json\/wp\/v2\/media\/466998"}],"wp:attachment":[{"href":"https:\/\/www.europesays.com\/fr\/wp-json\/wp\/v2\/media?parent=607349"}],"wp:term":[{"taxonomy":"category","embeddable":true,"href":"https:\/\/www.europesays.com\/fr\/wp-json\/wp\/v2\/categories?post=607349"},{"taxonomy":"post_tag","embeddable":true,"href":"https:\/\/www.europesays.com\/fr\/wp-json\/wp\/v2\/tags?post=607349"}],"curies":[{"name":"wp","href":"https:\/\/api.w.org\/{rel}","templated":true}]}}