{"id":607361,"date":"2025-12-18T12:12:12","date_gmt":"2025-12-18T12:12:12","guid":{"rendered":"https:\/\/www.europesays.com\/fr\/607361\/"},"modified":"2025-12-18T12:12:12","modified_gmt":"2025-12-18T12:12:12","slug":"pourquoi-airbnb-bloque-plus-dune-centaine-de-reservations-en-fin-dannee-a-bordeaux","status":"publish","type":"post","link":"https:\/\/www.europesays.com\/fr\/607361\/","title":{"rendered":"Pourquoi Airbnb bloque plus d&rsquo;une centaine de r\u00e9servations en fin d&rsquo;ann\u00e9e \u00e0 Bordeaux"},"content":{"rendered":"<p>                    Par<br \/>\n        <strong><br \/>\n            <a href=\"https:\/\/actu.fr\/auteur\/juliette-cardinale\" title=\"Consulter tous les articles de Juliette Cardinale\" target=\"_blank\" rel=\"noopener\">Juliette Cardinale<\/a><br \/>\n                    <\/strong><\/p>\n<p>        Publi\u00e9 le<\/p>\n<p>            18 d\u00e9c. 2025 \u00e0 12h39        <\/p>\n<p>Airbnb lutte contre <strong>les f\u00eates non autoris\u00e9es<\/strong><a href=\"https:\/\/actu.fr\/bordeaux\/\" target=\"_blank\" rel=\"noopener\"> \u00e0 Bordeaux<\/a> en cette fin d\u2019ann\u00e9e 2025. La plateforme remet en place \u00ab\u2009son dispositif anti-f\u00eates\u2009\u00bb pour pr\u00e9venir les organisations de soir\u00e9es, particuli\u00e8rement le soir du 31\u00a0d\u00e9cembre.<\/p>\n<p>Une centaine de r\u00e9servations bloqu\u00e9es en 2024<\/p>\n<p class=\" wall-content\">\u00ab\u2009Lors du dernier r\u00e9veillon, ces mesures ont permis de <strong>bloquer une centaine de r\u00e9servations<\/strong> consid\u00e9r\u00e9es comme \u00e9tant \u00e0 risque dans la ville\u2009\u00bb, d\u00e9taille <a href=\"https:\/\/actu.fr\/tag\/airbnb\" target=\"_blank\" rel=\"noopener\">Airbnb.<\/a> Au niveau national, ce sont environ 11\u2009600 utilisateurs qui n\u2019ont pas pu r\u00e9server un logement entier en France.<\/p>\n<p class=\" wall-content\">\u00ab\u2009Depuis sa mise en \u0153uvre il y a cinq ans, nous avons constat\u00e9 <strong>une baisse de plus de 50\u2009%<\/strong> du taux de signalements de f\u00eates \u00e0 l\u2019\u00e9chelle globale, et un d\u00e9clin important pendant le r\u00e9veillon du Nouvel an\u2009\u00bb, ajoute encore la plateforme de r\u00e9servation de logement.<\/p>\n<p>Comment \u00e7a marche\u2009?<\/p>\n<p class=\" wall-content\">Pour mettre en place sa politique anti-f\u00eates, Airbnb s\u2019appuie sur le machine learning. La technologique analyse \u00ab\u2009des <strong>centaines de facteurs<\/strong> pour identifier et emp\u00eacher les r\u00e9servations qui pr\u00e9sentent un risque plus \u00e9lev\u00e9 d\u2019organisation de f\u00eates susceptibles de cr\u00e9er des nuisances\u2009\u00bb.<\/p>\n<p class=\" wall-content\">Les voyageurs concern\u00e9s sont alors <strong>bloqu\u00e9s dans leurs r\u00e9servations<\/strong> ou <strong>redirig\u00e9s vers des h\u00e9bergements alternatifs<\/strong> sur la plateforme, comme des chambres chez l\u2019habitant.<\/p>\n<p class=\" wall-content\">\u00ab\u2009Face \u00e0 l\u2019essor des \u00e9v\u00e9nements organis\u00e9s via les r\u00e9seaux sociaux, Airbnb appelle \u00e0 la vigilance et rappelle que toute r\u00e9servation doit \u00eatre effectu\u00e9e par la personne qui s\u00e9journe dans le logement. Toute infraction peut entra\u00eener <strong>la suppression du compte<\/strong> et l\u2019annulation de la r\u00e9servation\u2009\u00bb, pr\u00e9vient la plateforme.<\/p>\n<p class=\" wall-content\">Par ailleurs, Airbnb a mis en place <a href=\"https:\/\/news.airbnb.com\/fr\/nouvel-an-airbnb-met-en-place-une-tecnoloanti-fetes-pour-prevenir-des-fe\/\" target=\"_blank\" rel=\"noopener\">des outils<\/a> \u00e0 destination<strong> des h\u00f4tes, des voyageurs et des voisins<\/strong> pour appuyer sa politique anti f\u00eates.<\/p>\n<p class=\" wall-content\">Personnalisez votre actualit\u00e9 en ajoutant vos villes et m\u00e9dias en favori avec <a href=\"https:\/\/moncompte.actu.fr\" title=\"D\u00e9couvez Mon Actu\" rel=\"nofollow noopener\" data-trk=\"{&quot;cta&quot;:{&quot;action&quot;:&quot;https:\\\/\\\/moncompte.actu.fr&quot;,&quot;category&quot;:&quot;mon compte&quot;,&quot;from&quot;:&quot;article footer&quot;,&quot;name&quot;:&quot;Mon actu&quot;,&quot;type&quot;:&quot;cta&quot;}}\" target=\"_blank\">Mon Actu<\/a>.<\/p>\n","protected":false},"excerpt":{"rendered":"Par Juliette Cardinale Publi\u00e9 le 18 d\u00e9c. 2025 \u00e0 12h39 Airbnb lutte contre les f\u00eates non autoris\u00e9es \u00e0&hellip;\n","protected":false},"author":2,"featured_media":607362,"comment_status":"","ping_status":"","sticky":false,"template":"","format":"standard","meta":{"footnotes":""},"categories":[2817],"tags":[1111,11,7345,1997,1777,674,1011,27,12,2219,25,104],"class_list":{"0":"post-607361","1":"post","2":"type-post","3":"status-publish","4":"format-standard","5":"has-post-thumbnail","7":"category-bordeaux","8":"tag-actu","9":"tag-actualites","10":"tag-airbnb","11":"tag-bordeaux","12":"tag-eu","13":"tag-europe","14":"tag-fr","15":"tag-france","16":"tag-news","17":"tag-nouvelle-aquitaine","18":"tag-republique-francaise","19":"tag-societe"},"share_on_mastodon":{"url":"https:\/\/pubeurope.com\/@fr\/115740511117696143","error":""},"_links":{"self":[{"href":"https:\/\/www.europesays.com\/fr\/wp-json\/wp\/v2\/posts\/607361","targetHints":{"allow":["GET"]}}],"collection":[{"href":"https:\/\/www.europesays.com\/fr\/wp-json\/wp\/v2\/posts"}],"about":[{"href":"https:\/\/www.europesays.com\/fr\/wp-json\/wp\/v2\/types\/post"}],"author":[{"embeddable":true,"href":"https:\/\/www.europesays.com\/fr\/wp-json\/wp\/v2\/users\/2"}],"replies":[{"embeddable":true,"href":"https:\/\/www.europesays.com\/fr\/wp-json\/wp\/v2\/comments?post=607361"}],"version-history":[{"count":0,"href":"https:\/\/www.europesays.com\/fr\/wp-json\/wp\/v2\/posts\/607361\/revisions"}],"wp:featuredmedia":[{"embeddable":true,"href":"https:\/\/www.europesays.com\/fr\/wp-json\/wp\/v2\/media\/607362"}],"wp:attachment":[{"href":"https:\/\/www.europesays.com\/fr\/wp-json\/wp\/v2\/media?parent=607361"}],"wp:term":[{"taxonomy":"category","embeddable":true,"href":"https:\/\/www.europesays.com\/fr\/wp-json\/wp\/v2\/categories?post=607361"},{"taxonomy":"post_tag","embeddable":true,"href":"https:\/\/www.europesays.com\/fr\/wp-json\/wp\/v2\/tags?post=607361"}],"curies":[{"name":"wp","href":"https:\/\/api.w.org\/{rel}","templated":true}]}}