{"id":607377,"date":"2025-12-18T12:21:20","date_gmt":"2025-12-18T12:21:20","guid":{"rendered":"https:\/\/www.europesays.com\/fr\/607377\/"},"modified":"2025-12-18T12:21:20","modified_gmt":"2025-12-18T12:21:20","slug":"le-groupe-chopard-celebre-ses-clients","status":"publish","type":"post","link":"https:\/\/www.europesays.com\/fr\/607377\/","title":{"rendered":"le groupe Chopard c\u00e9l\u00e8bre ses clients &#8211;"},"content":{"rendered":"<p>\t\t\t\t<img fetchpriority=\"high\" decoding=\"async\" width=\"900\" height=\"599\" src=\"https:\/\/www.europesays.com\/fr\/wp-content\/uploads\/2025\/12\/01_CHOPARD_Mercedes-lyon.jpg\" alt=\"\" title=\"01_CHOPARD_Mercedes lyon\"   class=\"wp-image-168121\"\/><\/p>\n<p>Photos \u00a9 Alexandre Moulard pour Lyon People<\/p>\n<p><strong>Par la r\u00e9daction<\/strong> \u2013 \u00c0 l\u2019approche des f\u00eates de fin d\u2019ann\u00e9e, le groupe Chopard fait un arr\u00eat sur image pour revenir sur une ann\u00e9e riche en \u00e9v\u00e9nements et en nouveaut\u00e9s. L\u2019inauguration, en septembre dernier, du showroom Mercedes-Benz de Dardilly a marqu\u00e9 le d\u00e9but d\u2019une nouvelle \u00e8re pour le groupe, et l\u2019ann\u00e9e 2026 s\u2019annonce d\u00e9j\u00e0 pleine de surprises.<\/p>\n<p><strong>Un lieu pens\u00e9 comme un v\u00e9ritable espace de vie<\/strong><\/p>\n<p>Inaugur\u00e9e en septembre 2025,<a href=\"https:\/\/www.lyonpeople.com\/les-fetes\/groupe-chopard-inauguration-de-limpressionnante-concession-mercedes-benz-lyon-dardilly-2025-10-09.html\" target=\"_blank\" rel=\"noopener\"><strong> la nouvelle concession de Dardilly<\/strong><\/a> s\u2019\u00e9tend sur 13 500 m\u00b2 enti\u00e8rement d\u00e9di\u00e9s \u00e0 la d\u00e9couverte et au confort des clients. Au programme : pr\u00e9sentation de la nouvelle Mercedes CLA 100% \u00e9lectrique, offrant 790 kilom\u00e8tres d\u2019autonomie, mais aussi de nombreux espaces con\u00e7us pour profiter pleinement du lieu.<\/p>\n<p><img loading=\"lazy\" decoding=\"async\" class=\"alignnone size-full wp-image-168122\" src=\"data:image\/svg+xml,%3Csvg%20xmlns=\" http:=\"\" alt=\"\" width=\"900\" height=\"600\" data-lazy- data-lazy- data-lazy-src=\"https:\/\/www.europesays.com\/fr\/wp-content\/uploads\/2025\/12\/05-Groupe-Chopard-MS-1.jpg\"\/><\/p>\n<p>Plus qu\u2019un simple point de vente, cet espace se veut un v\u00e9ritable lieu de d\u00e9couvertes et de rencontres, avec des salles modulables pour des r\u00e9unions, une terrasse ensoleill\u00e9e et une boutique proposant une s\u00e9lection d\u2019articles exclusifs.<\/p>\n<p>\u00ab Notre souhait est que chaque client retrouve cette sensation de confort et de familiarit\u00e9 \u00e0 chaque \u00e9tage, au c\u0153ur de nos univers Mercedes-Benz \u00bb, explique Vanessa Goillerey, directrice de p\u00f4le Mercedes-Benz et Smart Sud.<\/p>\n<p><strong>Des f\u00eates de fin d\u2019ann\u00e9e plac\u00e9es sous le signe de la g\u00e9n\u00e9rosit\u00e9<\/strong><\/p>\n<p>En d\u00e9cembre, le groupe Chopard continue de choyer ses clients tout en partageant sa bonne \u00e9toile avec les plus jeunes. Une collecte de jouets est organis\u00e9e avec le r\u00e9seau \u00ab Rejouons Solidaire \u00bb au profit des enfants malades, et la remise d\u2019une voiturette \u00e0 la Clinique du Val d\u2019Ouest permet d\u2019accompagner les enfants de mani\u00e8re ludique au bloc op\u00e9ratoire, illustrant ainsi l\u2019engagement du groupe aupr\u00e8s de la communaut\u00e9 locale.<\/p>\n<p><img loading=\"lazy\" decoding=\"async\" class=\"alignnone size-full wp-image-168123\" src=\"data:image\/svg+xml,%3Csvg%20xmlns=\" http:=\"\" alt=\"\" width=\"900\" height=\"634\" data-lazy- data-lazy- data-lazy-src=\"https:\/\/www.europesays.com\/fr\/wp-content\/uploads\/2025\/12\/02_Mercedes-CHOPARD_Lyon.jpg\"\/><\/p>\n<p>Enfin pour No\u00ebl, laissez-vous inspirer : v\u00e9hicules d\u2019exception et accessoires soigneusement s\u00e9lectionn\u00e9s vous attendent, pr\u00eats \u00e0 trouver leur place sous le sapin.<\/p>\n<p><strong>Une ann\u00e9e 2026 prometteuse<\/strong><\/p>\n<p>L\u2019ann\u00e9e prochaine s\u2019annonce riche en nouveaut\u00e9s : thermique, hybride ou \u00e9lectrique. Il ne faudra pas h\u00e9sitez \u00e0 venir d\u00e9couvrir tous nos nouveaux mod\u00e8les \u00bb indique Vanessa Goillerey, impatiente de d\u00e9buter cette nouvelle ann\u00e9e ponctu\u00e9e d\u2019\u00e9v\u00e9nements et de portes ouvertes, avec pour objectif constant : remercier la fid\u00e9lit\u00e9 de ses clients et accueillir chaleureusement toutes celles et ceux qui souhaitent rejoindre le bel univers Mercedes-Benz du groupe Chopard.<\/p>\n<p><img loading=\"lazy\" decoding=\"async\" class=\"alignnone size-full wp-image-168124\" src=\"data:image\/svg+xml,%3Csvg%20xmlns=\" http:=\"\" alt=\"\" width=\"900\" height=\"407\" data-lazy- data-lazy- data-lazy-src=\"https:\/\/www.europesays.com\/fr\/wp-content\/uploads\/2025\/12\/03_CHOPARD_AM.jpg\"\/><\/p>\n","protected":false},"excerpt":{"rendered":"Photos \u00a9 Alexandre Moulard pour Lyon People Par la r\u00e9daction \u2013 \u00c0 l\u2019approche des f\u00eates de fin d\u2019ann\u00e9e,&hellip;\n","protected":false},"author":2,"featured_media":607378,"comment_status":"","ping_status":"","sticky":false,"template":"","format":"standard","meta":{"footnotes":""},"categories":[1889],"tags":[4257,1111,11,2430,1777,674,1011,27,2428,71866,12,25],"class_list":{"0":"post-607377","1":"post","2":"type-post","3":"status-publish","4":"format-standard","5":"has-post-thumbnail","7":"category-lyon","8":"tag-0top","9":"tag-actu","10":"tag-actualites","11":"tag-auvergne-rhone-alpes","12":"tag-eu","13":"tag-europe","14":"tag-fr","15":"tag-france","16":"tag-lyon","17":"tag-mercedes-benz-groupe-chopard","18":"tag-news","19":"tag-republique-francaise"},"share_on_mastodon":{"url":"https:\/\/pubeurope.com\/@fr\/115740547353638673","error":""},"_links":{"self":[{"href":"https:\/\/www.europesays.com\/fr\/wp-json\/wp\/v2\/posts\/607377","targetHints":{"allow":["GET"]}}],"collection":[{"href":"https:\/\/www.europesays.com\/fr\/wp-json\/wp\/v2\/posts"}],"about":[{"href":"https:\/\/www.europesays.com\/fr\/wp-json\/wp\/v2\/types\/post"}],"author":[{"embeddable":true,"href":"https:\/\/www.europesays.com\/fr\/wp-json\/wp\/v2\/users\/2"}],"replies":[{"embeddable":true,"href":"https:\/\/www.europesays.com\/fr\/wp-json\/wp\/v2\/comments?post=607377"}],"version-history":[{"count":0,"href":"https:\/\/www.europesays.com\/fr\/wp-json\/wp\/v2\/posts\/607377\/revisions"}],"wp:featuredmedia":[{"embeddable":true,"href":"https:\/\/www.europesays.com\/fr\/wp-json\/wp\/v2\/media\/607378"}],"wp:attachment":[{"href":"https:\/\/www.europesays.com\/fr\/wp-json\/wp\/v2\/media?parent=607377"}],"wp:term":[{"taxonomy":"category","embeddable":true,"href":"https:\/\/www.europesays.com\/fr\/wp-json\/wp\/v2\/categories?post=607377"},{"taxonomy":"post_tag","embeddable":true,"href":"https:\/\/www.europesays.com\/fr\/wp-json\/wp\/v2\/tags?post=607377"}],"curies":[{"name":"wp","href":"https:\/\/api.w.org\/{rel}","templated":true}]}}