{"id":607379,"date":"2025-12-18T12:22:16","date_gmt":"2025-12-18T12:22:16","guid":{"rendered":"https:\/\/www.europesays.com\/fr\/607379\/"},"modified":"2025-12-18T12:22:16","modified_gmt":"2025-12-18T12:22:16","slug":"une-centaine-dagriculteurs-sur-la-place-jean-mace-une-vingtaine-de-tracteurs-attendue","status":"publish","type":"post","link":"https:\/\/www.europesays.com\/fr\/607379\/","title":{"rendered":"une\u00a0centaine d&rsquo;agriculteurs sur la place Jean-Mac\u00e9, une vingtaine de tracteurs attendue"},"content":{"rendered":"<p>Une petite centaine d&rsquo;agriculteurs est arriv\u00e9e place Jean-Mac\u00e9 o\u00f9 l&rsquo;on attend aussi une vingtaine de tracteurs.<\/p>\n<p>Jonathan de Saint-Just-en-Bas (42) &#8211; \u00e0 la fronti\u00e8re du Rh\u00f4ne &#8211; est venu avant tout par solidarit\u00e9. Ses b\u00eates ont \u00e9t\u00e9 vaccin\u00e9es.<\/p>\n<p>\u00ab\u00a0On s&rsquo;oppose \u00e0 l&rsquo;abattage syst\u00e9matique. Il faut arr\u00eater. Ce qu&rsquo;ils font, c&rsquo;est purement financier pour que les exportations, en particulier de broutards [veau sevr\u00e9 ayant grandi avec sa m\u00e8re], continuent. Mais alors, pourquoi on ne vaccinerait pas que les m\u00e8res ?\u00a0\u00bb, s&rsquo;interroge l&rsquo;agriculteur.<\/p>\n","protected":false},"excerpt":{"rendered":"Une petite centaine d&rsquo;agriculteurs est arriv\u00e9e place Jean-Mac\u00e9 o\u00f9 l&rsquo;on attend aussi une vingtaine de tracteurs. Jonathan de&hellip;\n","protected":false},"author":2,"featured_media":607380,"comment_status":"","ping_status":"","sticky":false,"template":"","format":"standard","meta":{"footnotes":""},"categories":[1889],"tags":[1111,11,327,2430,3542,9671,33,3152,2757,3153,3154,3156,1777,674,107,1011,27,2428,2801,12,25,2429,801,104,216],"class_list":{"0":"post-607379","1":"post","2":"type-post","3":"status-publish","4":"format-standard","5":"has-post-thumbnail","7":"category-lyon","8":"tag-actu","9":"tag-actualites","10":"tag-agriculture","11":"tag-auvergne-rhone-alpes","12":"tag-circulation","13":"tag-conflit-social","14":"tag-economie","15":"tag-edition-est-lyonnais","16":"tag-edition-lyon-villeurbanne","17":"tag-edition-ouest-lyonnais","18":"tag-edition-sud-lyonnais","19":"tag-edition-villefranche","20":"tag-eu","21":"tag-europe","22":"tag-fil-info","23":"tag-fr","24":"tag-france","25":"tag-lyon","26":"tag-lyon-1er-arrondissement","27":"tag-news","28":"tag-republique-francaise","29":"tag-rhone","30":"tag-social","31":"tag-societe","32":"tag-vie-des-entreprises"},"share_on_mastodon":{"url":"https:\/\/pubeurope.com\/@fr\/115740550314527404","error":""},"_links":{"self":[{"href":"https:\/\/www.europesays.com\/fr\/wp-json\/wp\/v2\/posts\/607379","targetHints":{"allow":["GET"]}}],"collection":[{"href":"https:\/\/www.europesays.com\/fr\/wp-json\/wp\/v2\/posts"}],"about":[{"href":"https:\/\/www.europesays.com\/fr\/wp-json\/wp\/v2\/types\/post"}],"author":[{"embeddable":true,"href":"https:\/\/www.europesays.com\/fr\/wp-json\/wp\/v2\/users\/2"}],"replies":[{"embeddable":true,"href":"https:\/\/www.europesays.com\/fr\/wp-json\/wp\/v2\/comments?post=607379"}],"version-history":[{"count":0,"href":"https:\/\/www.europesays.com\/fr\/wp-json\/wp\/v2\/posts\/607379\/revisions"}],"wp:featuredmedia":[{"embeddable":true,"href":"https:\/\/www.europesays.com\/fr\/wp-json\/wp\/v2\/media\/607380"}],"wp:attachment":[{"href":"https:\/\/www.europesays.com\/fr\/wp-json\/wp\/v2\/media?parent=607379"}],"wp:term":[{"taxonomy":"category","embeddable":true,"href":"https:\/\/www.europesays.com\/fr\/wp-json\/wp\/v2\/categories?post=607379"},{"taxonomy":"post_tag","embeddable":true,"href":"https:\/\/www.europesays.com\/fr\/wp-json\/wp\/v2\/tags?post=607379"}],"curies":[{"name":"wp","href":"https:\/\/api.w.org\/{rel}","templated":true}]}}