{"id":607389,"date":"2025-12-18T12:29:13","date_gmt":"2025-12-18T12:29:13","guid":{"rendered":"https:\/\/www.europesays.com\/fr\/607389\/"},"modified":"2025-12-18T12:29:13","modified_gmt":"2025-12-18T12:29:13","slug":"pourquoi-camille-razat-nest-pas-dans-la-saison-5","status":"publish","type":"post","link":"https:\/\/www.europesays.com\/fr\/607389\/","title":{"rendered":"pourquoi Camille Razat n&rsquo;est pas dans la saison 5 ?"},"content":{"rendered":"<p>La s\u00e9rie culte de Netflix fait un retour tr\u00e8s attendu, aussi marqu\u00e9 par l\u2019absence d\u2019un personnage historique. La non-participation de Camille Razat a fait r\u00e9agir les fans ; un d\u00e9part assum\u00e9 par l\u2019actrice et expliqu\u00e9 publiquement.<\/p>\n<p>Mise en ligne ce 18 d\u00e9cembre sur <a href=\"https:\/\/leclaireur.fnac.com\/article\/530690-netflix-a-10-ans-quelles-sont-les-meilleures-series-de-la-plateforme\/\" target=\"_blank\" rel=\"noreferrer noopener\">Netflix<\/a>, la cinqui\u00e8me saison d\u2019<a href=\"https:\/\/leclaireur.fnac.com\/article\/644439-emily-in-paris-que-vaut-la-saison-5-notre-avis-tres-critique\/\" target=\"_blank\" rel=\"noreferrer noopener\">Emily in Paris<\/a> marque un nouveau chapitre pour l\u2019h\u00e9ro\u00efne incarn\u00e9e par Lily Collins, <a href=\"https:\/\/leclaireur.fnac.com\/article\/642723-emily-in-paris-ou-et-quand-voir-la-saison-5-toutes-les-infos\/\" target=\"_blank\" rel=\"noreferrer noopener\">entre la France et l\u2019Italie<\/a>. Mais avant m\u00eame sa diffusion, un d\u00e9tail a retenu l\u2019attention des fans. Personnage central depuis la premi\u00e8re saison, Camille \u2013 interpr\u00e9t\u00e9e par Camille Razat \u2013 ne compte pas parmi les personnages de ces nouveaux \u00e9pisodes. Un d\u00e9part assum\u00e9, expliqu\u00e9 publiquement par l\u2019actrice, et int\u00e9gr\u00e9 par la production.<\/p>\n<p>Une annonce officielle<\/p>\n<p>Lorsque Netflix a d\u00e9voil\u00e9 la distribution en avril, le nom de Camille Razat n\u2019y figurait pas. \u00ab\u00a0Les personnages peuvent appara\u00eetre et dispara\u00eetre dans <a href=\"https:\/\/www.fnac.com\/s1732\/Toutes-les-Series-TV\" target=\"_blank\" rel=\"noreferrer noopener\">une s\u00e9rie<\/a>, mais on n\u2019est pas forc\u00e9ment oblig\u00e9 de les voir. Je ne sais pas dans quelle mesure Camille sera pr\u00e9sente la saison prochaine. Mais encore une fois, elle fait partie int\u00e9grante de l\u2019univers de la s\u00e9rie\u00a0\u00bb, avait d\u00e9j\u00e0 d\u00e9clar\u00e9 le cr\u00e9ateur de du show, <a href=\"https:\/\/leclaireur.fnac.com\/article\/644229-arnaud-binard-emily-in-paris-il-ne-faut-pas-se-fier-aux-apparences\/\" target=\"_blank\" rel=\"noreferrer noopener nofollow\">Darren Star<\/a>, aupr\u00e8s de <a href=\"https:\/\/www.tvline.com\/lists\/emily-in-paris-season-4-finale-ending-darren-star-interview\/\" target=\"_blank\" rel=\"noreferrer noopener nofollow\">TVLine<\/a>, en septembre 2024.<\/p>\n<p>L\u2019explication se trouve du c\u00f4t\u00e9 de l\u2019actrice. \u00ab\u00a0Je trouve que la storyline du personnage arrivait un peu \u00e0 sa fin. [\u2026] \u00c7a me prenait \u00e9norm\u00e9ment de temps dans l\u2019ann\u00e9e\u00a0\u00bb, a-t-elle expliqu\u00e9 en octobre sur le plateau de Clique. Elle \u00e9voque aussi la frustration d\u2019avoir d\u00fb refuser d\u2019autres projets et le d\u00e9sir de ne pas s\u2019enfermer dans un r\u00f4le devenu embl\u00e9matique : \u00ab\u00a0Les gens aiment bien me mettre dans une case, et je voulais en sortir.\u00a0\u00bb<\/p>\n<p>Un d\u00e9part pens\u00e9 dans l\u2019histoire<\/p>\n<p>Le 22 avril, Camille Razat a confirm\u00e9 son d\u00e9part. \u00ab\u00a0Apr\u00e8s une aventure incroyable, j\u2019ai d\u00e9cid\u00e9 de me retirer d\u2019Emily in Paris. \u00c7a a \u00e9t\u00e9 une exp\u00e9rience g\u00e9niale, faite de maturit\u00e9, de cr\u00e9ativit\u00e9 et de souvenirs imp\u00e9rissables\u00a0\u00bb, a-t-elle d\u00e9clar\u00e9 \u00e0 <a href=\"https:\/\/www.tvline.com\/casting-news\/emily-in-paris-season-5-camille-razat-leaving-cami-1235436751\/\" target=\"_blank\" rel=\"noreferrer noopener nofollow\">TVLine<\/a> via un communiqu\u00e9.<\/p>\n<p><strong class=\"small\">En stock vendeur partenaire<\/strong><\/p>\n<p>        Acheter sur Fnac.com<\/p>\n<p>D\u2019un point de vue narratif, cette absence a \u00e9t\u00e9 pens\u00e9e dans la narration. La derni\u00e8re saison s\u2019achevait sur la r\u00e9v\u00e9lation du faux positif de grossesse de son personnage et sa d\u00e9cision d\u2019adopter un enfant seule, apr\u00e8s ses ruptures successives. Cette conclusion sera finalement utilis\u00e9e pour apporter un point final \u00e0 son parcours dans la s\u00e9rie culte de Netflix.<\/p>\n","protected":false},"excerpt":{"rendered":"La s\u00e9rie culte de Netflix fait un retour tr\u00e8s attendu, aussi marqu\u00e9 par l\u2019absence d\u2019un personnage historique. La&hellip;\n","protected":false},"author":2,"featured_media":607390,"comment_status":"","ping_status":"","sticky":false,"template":"","format":"standard","meta":{"footnotes":""},"categories":[1888],"tags":[11,11668,11739,1777,674,1011,27,127,12,626,25],"class_list":{"0":"post-607389","1":"post","2":"type-post","3":"status-publish","4":"format-standard","5":"has-post-thumbnail","7":"category-paris","8":"tag-actualites","9":"tag-casting","10":"tag-emily-in-paris","11":"tag-eu","12":"tag-europe","13":"tag-fr","14":"tag-france","15":"tag-netflix","16":"tag-news","17":"tag-paris","18":"tag-republique-francaise"},"share_on_mastodon":{"url":"https:\/\/pubeurope.com\/@fr\/115740577922173351","error":""},"_links":{"self":[{"href":"https:\/\/www.europesays.com\/fr\/wp-json\/wp\/v2\/posts\/607389","targetHints":{"allow":["GET"]}}],"collection":[{"href":"https:\/\/www.europesays.com\/fr\/wp-json\/wp\/v2\/posts"}],"about":[{"href":"https:\/\/www.europesays.com\/fr\/wp-json\/wp\/v2\/types\/post"}],"author":[{"embeddable":true,"href":"https:\/\/www.europesays.com\/fr\/wp-json\/wp\/v2\/users\/2"}],"replies":[{"embeddable":true,"href":"https:\/\/www.europesays.com\/fr\/wp-json\/wp\/v2\/comments?post=607389"}],"version-history":[{"count":0,"href":"https:\/\/www.europesays.com\/fr\/wp-json\/wp\/v2\/posts\/607389\/revisions"}],"wp:featuredmedia":[{"embeddable":true,"href":"https:\/\/www.europesays.com\/fr\/wp-json\/wp\/v2\/media\/607390"}],"wp:attachment":[{"href":"https:\/\/www.europesays.com\/fr\/wp-json\/wp\/v2\/media?parent=607389"}],"wp:term":[{"taxonomy":"category","embeddable":true,"href":"https:\/\/www.europesays.com\/fr\/wp-json\/wp\/v2\/categories?post=607389"},{"taxonomy":"post_tag","embeddable":true,"href":"https:\/\/www.europesays.com\/fr\/wp-json\/wp\/v2\/tags?post=607389"}],"curies":[{"name":"wp","href":"https:\/\/api.w.org\/{rel}","templated":true}]}}