{"id":607391,"date":"2025-12-18T12:30:19","date_gmt":"2025-12-18T12:30:19","guid":{"rendered":"https:\/\/www.europesays.com\/fr\/607391\/"},"modified":"2025-12-18T12:30:19","modified_gmt":"2025-12-18T12:30:19","slug":"la-russie-espere-que-trump-ne-commettra-pas-derreur-fatale-avec-le-venezuela-18-12-2025-a-1309","status":"publish","type":"post","link":"https:\/\/www.europesays.com\/fr\/607391\/","title":{"rendered":"La Russie esp\u00e8re que Trump ne commettra pas d'\u00a0\u00bberreur fatale\u00a0\u00bb avec le Venezuela &#8211; 18\/12\/2025 \u00e0 13:09"},"content":{"rendered":"<p>\n Le minist\u00e8re russe des<br \/>\nAffaires \u00e9trang\u00e8res a dit jeudi esp\u00e9rer que l&rsquo;administration du<br \/>\npr\u00e9sident am\u00e9ricain Donald Trump ne commette pas \u00ab\u00a0d&rsquo;erreur<br \/>\nfatale\u00a0\u00bb au sujet du Venezuela, la Maison blanche ayant accentu\u00e9<br \/>\nla pression sur le pays d&rsquo;Am\u00e9rique du Sud en ordonnant un blocus<br \/>\ndes p\u00e9troliers.\n<\/p>\n<p>\n \u00ab\u00a0Nous notons l&rsquo;escalade continue et d\u00e9lib\u00e9r\u00e9e des tensions<br \/>\nautour du Venezuela, un pays ami. La nature unilat\u00e9rale des<br \/>\nd\u00e9cisions qui constituent une menace pour la navigation<br \/>\ninternationale est particuli\u00e8rement pr\u00e9occupante\u00a0\u00bb, d\u00e9clare le<br \/>\nminist\u00e8re russe dans un communiqu\u00e9.\n<\/p>\n<p>\n \u00ab\u00a0Nous esp\u00e9rons que l&rsquo;administration de D. Trump, qui se<br \/>\ncaract\u00e9rise par une approche rationnelle et pragmatique, ne<br \/>\ncommettra pas une erreur fatale.\u00a0\u00bb\n<\/p>\n<p>\n Le pr\u00e9sident am\u00e9ricain, qui ne fait pas myst\u00e8re de son<br \/>\nhostilit\u00e9 \u00e0 l&rsquo;encontre de son homologue v\u00e9n\u00e9zu\u00e9lien Nicolas<br \/>\nMaduro, a ordonn\u00e9 mercredi le blocus de tous les p\u00e9troliers<br \/>\nvis\u00e9s par des sanctions entrant ou quittant le Venezuela.\n<\/p>\n<p>\n Un blocus de facto est d\u00e9j\u00e0 en place depuis plusieurs jours,<br \/>\ndes navires charg\u00e9s de millions de barils de brut ayant pr\u00e9f\u00e9r\u00e9<br \/>\nrester dans les eaux v\u00e9n\u00e9zu\u00e9liennes plut\u00f4t que de risquer une<br \/>\nsaisie sur ordre des Etats-Unis. Un p\u00e9trolier sanctionn\u00e9 a \u00e9t\u00e9<br \/>\nsaisi par les \u00c9tats-Unis la semaine derni\u00e8re au large des c\u00f4tes<br \/>\nv\u00e9n\u00e9zu\u00e9liennes.\n<\/p>\n<p>\n Selon le minist\u00e8re russe des Affaires \u00e9trang\u00e8res, Moscou est<br \/>\npr\u00e9occup\u00e9 par les d\u00e9cisions am\u00e9ricaines qui pourraient menacer<br \/>\nle transport maritime international et est favorable \u00e0 une<br \/>\nnormalisation du dialogue entre Washington et Caracas.\n<\/p>\n<p>\n La Russie esp\u00e8re que les \u00c9tats-Unis ne s&rsquo;aventureront pas<br \/>\ndans une situation qui aurait des \u00ab\u00a0cons\u00e9quences impr\u00e9visibles<br \/>\npour l&rsquo;ensemble de l&rsquo;h\u00e9misph\u00e8re occidental\u00a0\u00bb, a ajout\u00e9 le<br \/>\nminist\u00e8re, affirmant que la Russie soutenait \u00ab\u00a0la voie du<br \/>\ngouvernement Maduro\u00a0\u00bb.\n<\/p>\n<p>\n S\u00e9par\u00e9ment, le Kremlin a appel\u00e9 les pays de la r\u00e9gion \u00e0<br \/>\nfaire preuve de retenue.\n<\/p>\n<p>\n \u00ab\u00a0Nous voyons les tensions monter dans la r\u00e9gion et nous<br \/>\nconsid\u00e9rons que c&rsquo;est potentiellement tr\u00e8s dangereux\u00a0\u00bb, a d\u00e9clar\u00e9<br \/>\nle porte-parole du Kremlin, Dmitri Peskov, \u00e0 la presse.\n<\/p>\n<p>\n \u00ab\u00a0Le pr\u00e9sident Poutine a r\u00e9cemment eu une conversation<br \/>\nt\u00e9l\u00e9phonique avec le pr\u00e9sident Maduro. Et, bien s\u00fbr, nous<br \/>\nappelons tous les pays de la r\u00e9gion \u00e0 faire preuve de retenue<br \/>\nafin d&rsquo;\u00e9viter toute \u00e9volution impr\u00e9visible.\u00a0\u00bb\n<\/p>\n<p>\n (R\u00e9dig\u00e9 par Vladimir Soldatkin, Guy Faulconbridge et Gleb<br \/>\nStolyarov ; version fran\u00e7aise Etienne Breban ; \u00e9dit\u00e9 par Sophie<br \/>\nLouet)<\/p>\n","protected":false},"excerpt":{"rendered":"Le minist\u00e8re russe des Affaires \u00e9trang\u00e8res a dit jeudi esp\u00e9rer que l&rsquo;administration du pr\u00e9sident am\u00e9ricain Donald Trump ne&hellip;\n","protected":false},"author":2,"featured_media":2956,"comment_status":"","ping_status":"","sticky":false,"template":"","format":"standard","meta":{"footnotes":""},"categories":[1591],"tags":[400,11,398,408,405,1887,403,402,399,404,12,1885,1886,132,401,406,407],"class_list":{"0":"post-607391","1":"post","2":"type-post","3":"status-publish","4":"format-standard","5":"has-post-thumbnail","7":"category-russie","8":"tag-action-cac-40","9":"tag-actualites","10":"tag-bourse-de-paris","11":"tag-boursorama","12":"tag-cotations","13":"tag-federation-de-russie","14":"tag-indices-devises","15":"tag-investir","16":"tag-investissement","17":"tag-marche-boursier","18":"tag-news","19":"tag-russia","20":"tag-russian-federation","21":"tag-russie","22":"tag-sicav","23":"tag-trackers","24":"tag-warrants"},"share_on_mastodon":{"url":"https:\/\/pubeurope.com\/@fr\/115740581969003993","error":""},"_links":{"self":[{"href":"https:\/\/www.europesays.com\/fr\/wp-json\/wp\/v2\/posts\/607391","targetHints":{"allow":["GET"]}}],"collection":[{"href":"https:\/\/www.europesays.com\/fr\/wp-json\/wp\/v2\/posts"}],"about":[{"href":"https:\/\/www.europesays.com\/fr\/wp-json\/wp\/v2\/types\/post"}],"author":[{"embeddable":true,"href":"https:\/\/www.europesays.com\/fr\/wp-json\/wp\/v2\/users\/2"}],"replies":[{"embeddable":true,"href":"https:\/\/www.europesays.com\/fr\/wp-json\/wp\/v2\/comments?post=607391"}],"version-history":[{"count":0,"href":"https:\/\/www.europesays.com\/fr\/wp-json\/wp\/v2\/posts\/607391\/revisions"}],"wp:featuredmedia":[{"embeddable":true,"href":"https:\/\/www.europesays.com\/fr\/wp-json\/wp\/v2\/media\/2956"}],"wp:attachment":[{"href":"https:\/\/www.europesays.com\/fr\/wp-json\/wp\/v2\/media?parent=607391"}],"wp:term":[{"taxonomy":"category","embeddable":true,"href":"https:\/\/www.europesays.com\/fr\/wp-json\/wp\/v2\/categories?post=607391"},{"taxonomy":"post_tag","embeddable":true,"href":"https:\/\/www.europesays.com\/fr\/wp-json\/wp\/v2\/tags?post=607391"}],"curies":[{"name":"wp","href":"https:\/\/api.w.org\/{rel}","templated":true}]}}