{"id":607420,"date":"2025-12-18T12:50:20","date_gmt":"2025-12-18T12:50:20","guid":{"rendered":"https:\/\/www.europesays.com\/fr\/607420\/"},"modified":"2025-12-18T12:50:20","modified_gmt":"2025-12-18T12:50:20","slug":"julie-pietri-outree-par-les-critiques-sur-lage-je-les-emmerde","status":"publish","type":"post","link":"https:\/\/www.europesays.com\/fr\/607420\/","title":{"rendered":"Julie Pietri, outr\u00e9e par les critiques sur l&rsquo;\u00e2ge\u00a0: \u00ab\u00a0je les emmerde\u00a0\u00bb"},"content":{"rendered":"<p>            <a href=\"https:\/\/www.journaldesfemmes.fr\/people\/magazine\/3250584-infos-actu-people-france-decembre-carole-rousseau-sarkozy-shym\/3250973-stephane-bern\" class=\"app_button_nav_prev jMiddlePreviousButton\" target=\"_blank\" rel=\"noopener\"><\/a><a href=\"https:\/\/www.journaldesfemmes.fr\/people\/magazine\/3250584-infos-actu-people-france-decembre-carole-rousseau-sarkozy-shym\/3251023-charlotte-et-bruno-gaccio\" class=\"app_button_nav_next jMiddleNextButton\" target=\"_blank\" rel=\"noopener\"><\/a><\/p>\n<p>                <img loading=\"lazy\" decoding=\"async\" src=\"https:\/\/www.europesays.com\/fr\/wp-content\/uploads\/2025\/12\/40059646.jpeg\" alt=\"\" width=\"250\" height=\"458\"\/><br \/>\n            <a href=\"https:\/\/img-3.journaldesfemmes.fr\/3uN2QegcUeJB4C2MI2H8O9fDX9U=\/533x\/smart\/66bbf93e1fac4e8287fb3820d2397d4f\/ccmcms-jdf\/40059646.jpeg\" class=\"fancy app_btn_1 app_btn--ico\" target=\"_blank\" rel=\"noopener\"><\/a>Julie Pietri \u00a9\u00a0Marechal Aurore\/ABACA    <\/p>\n<p><strong>Agacement.<\/strong> Julie Pietri ne supporte plus les critiques visant les chanteuses d&rsquo;un certain \u00e2ge. \u00ab\u00a0Moi, je suis tr\u00e8s fi\u00e8re de mon \u00e2ge (&#8230;.) Vieillir, c&rsquo;est une chance (&#8230;) Et ceux qui pensent qu&rsquo;une femme ne devrait plus se montrer \u00e0 mon \u00e2ge, je les emmerde\u00a0\u00bb, a ainsi balanc\u00e9 l&rsquo;artiste de 70\u00a0ans interrog\u00e9e par Hebdo25.<\/p>\n","protected":false},"excerpt":{"rendered":"Julie Pietri \u00a9\u00a0Marechal Aurore\/ABACA Agacement. Julie Pietri ne supporte plus les critiques visant les chanteuses d&rsquo;un certain \u00e2ge.&hellip;\n","protected":false},"author":2,"featured_media":607421,"comment_status":"","ping_status":"","sticky":false,"template":"","format":"standard","meta":{"footnotes":""},"categories":[1359],"tags":[71868,51761,58,59,52292,1011,27,51766,1031,973],"class_list":{"0":"post-607420","1":"post","2":"type-post","3":"status-publish","4":"format-standard","5":"has-post-thumbnail","7":"category-people","8":"tag-cms-journaldesfemmes-3250975","9":"tag-controller-content","10":"tag-divertissement","11":"tag-entertainment","12":"tag-format-reportage","13":"tag-fr","14":"tag-france","15":"tag-les-histoires-du-jdf","16":"tag-magazine","17":"tag-people"},"share_on_mastodon":{"url":"https:\/\/pubeurope.com\/@fr\/115740661457434907","error":""},"_links":{"self":[{"href":"https:\/\/www.europesays.com\/fr\/wp-json\/wp\/v2\/posts\/607420","targetHints":{"allow":["GET"]}}],"collection":[{"href":"https:\/\/www.europesays.com\/fr\/wp-json\/wp\/v2\/posts"}],"about":[{"href":"https:\/\/www.europesays.com\/fr\/wp-json\/wp\/v2\/types\/post"}],"author":[{"embeddable":true,"href":"https:\/\/www.europesays.com\/fr\/wp-json\/wp\/v2\/users\/2"}],"replies":[{"embeddable":true,"href":"https:\/\/www.europesays.com\/fr\/wp-json\/wp\/v2\/comments?post=607420"}],"version-history":[{"count":0,"href":"https:\/\/www.europesays.com\/fr\/wp-json\/wp\/v2\/posts\/607420\/revisions"}],"wp:featuredmedia":[{"embeddable":true,"href":"https:\/\/www.europesays.com\/fr\/wp-json\/wp\/v2\/media\/607421"}],"wp:attachment":[{"href":"https:\/\/www.europesays.com\/fr\/wp-json\/wp\/v2\/media?parent=607420"}],"wp:term":[{"taxonomy":"category","embeddable":true,"href":"https:\/\/www.europesays.com\/fr\/wp-json\/wp\/v2\/categories?post=607420"},{"taxonomy":"post_tag","embeddable":true,"href":"https:\/\/www.europesays.com\/fr\/wp-json\/wp\/v2\/tags?post=607420"}],"curies":[{"name":"wp","href":"https:\/\/api.w.org\/{rel}","templated":true}]}}