{"id":607422,"date":"2025-12-18T12:51:10","date_gmt":"2025-12-18T12:51:10","guid":{"rendered":"https:\/\/www.europesays.com\/fr\/607422\/"},"modified":"2025-12-18T12:51:10","modified_gmt":"2025-12-18T12:51:10","slug":"le-louvre-a-porte-plainte-apres-la-fuite-de-documents-internes","status":"publish","type":"post","link":"https:\/\/www.europesays.com\/fr\/607422\/","title":{"rendered":"Le Louvre a port\u00e9 plainte apr\u00e8s la fuite de documents internes"},"content":{"rendered":"<p>\n    Une d\u00e9cision prise \u00e0 la suite de nouvelles fuites sur la s\u00e9curit\u00e9 du mus\u00e9e, quelques semaines apr\u00e8s le cambriolage et la r\u00e9v\u00e9lation d\u2019audits inqui\u00e9tants.<\/p>\n<p class=\"fig-paragraph\">Le Louvre a port\u00e9 plainte contre X apr\u00e8s la fuite dans la presse de \u00abdocuments internes et confidentiels\u00bb, a indiqu\u00e9 jeudi \u00e0 l&rsquo;AFP une porte-parole du mus\u00e9e parisien.<\/p>\n<p class=\"fig-paragraph\">\u00abLe 16 d\u00e9cembre 2025, ayant constat\u00e9 que des documents internes et confidentiels avaient \u00e9t\u00e9 communiqu\u00e9s \u00e0 des tiers en vue de leur publication, l&rsquo;Etablissement public du mus\u00e9e du Louvre a saisi le procureur de la R\u00e9publique de Paris d&rsquo;une plainte contre X pour abus de confiance et recel d&rsquo;abus de confiance\u00bb, a indiqu\u00e9 cette source dans un message \u00e0 l&rsquo;AFP.<\/p>\n<p>                                            <a class=\"fig-a11y-skip\" href=\"#fig-a11y-skip-main-inarticle\" data-module=\"a11y-skip\" data-context=\"was @visible\"><br \/>\n    Passer la publicit\u00e9<br \/>\n<\/a>            <\/p>\n<p class=\"fig-paragraph\">Cette plainte avait \u00e9t\u00e9 \u00e9voqu\u00e9e\u00a0<a href=\"http:\/\/www.lefigaro.fr\/culture\/laurence-des-cars-j-aurais-voulu-aller-plus-vite-sur-la-securite-20251217\" data-fig-type=\"Article\" data-gtm-custom-categorie=\"navigation\" data-gtm-custom-action=\"crossclick\" data-gtm-custom-label=\"Contextuel\" data-gtm-event=\"customEventSPE\" data-fig-domain=\"LEFIGARO\" target=\"_blank\" rel=\"noopener\">mercredi par la pr\u00e9sidente du Louvre<\/a>\u00a0devant les s\u00e9nateurs qui l&rsquo;interrogeaient sur les failles de s\u00e9curit\u00e9 r\u00e9v\u00e9l\u00e9es par le cambriolage du 19 octobre. \u00abTrop de documents sensibles fuitent du Louvre (&#8230;) dans les m\u00e9dias. C&rsquo;est totalement inadmissible\u00bb, avait d\u00e9clar\u00e9 Laurence des Cars, en poste depuis fin 2021, qui a \u00e9t\u00e9 longuement interrog\u00e9e sur deux audits s\u00e9curitaires alarmants datant de 2017 et 2019, dont l&rsquo;un avait \u00e9t\u00e9 r\u00e9v\u00e9l\u00e9 fin novembre par Le Monde. Contact\u00e9 par l&rsquo;AFP, le Louvre n&rsquo;a pas pr\u00e9cis\u00e9 quels documents \u00e9taient vis\u00e9s par la plainte.<\/p>\n<p class=\"fig-paragraph\">Devant les s\u00e9nateurs, la pr\u00e9sidente du Louvre a simplement pr\u00e9cis\u00e9 avoir saisi la justice apr\u00e8s une publication par un \u00aborgane de presse\u00bb, tout en affirmant que cette action ne visait pas les m\u00e9dias mais le responsable de la fuite. \u00abSi nous identifions la personne qui a fait fuiter des documents extr\u00eamement sensibles du Louvre, il y aura \u00e9videmment une action, c&rsquo;est totalement \u00e9vident\u00bb, a-t-elle affirm\u00e9.<\/p>\n<p class=\"fig-paragraph\">Plus g\u00e9n\u00e9ralement, cette plainte vise, selon Mme des Cars, \u00e0 \u00abrappeler aux uns et aux autres qui travaillent dans cet \u00e9tablissement leur devoir de discr\u00e9tion, de r\u00e9serve lorsqu&rsquo;ils manipulent des informations sensibles\u00bb.<\/p>\n","protected":false},"excerpt":{"rendered":"Une d\u00e9cision prise \u00e0 la suite de nouvelles fuites sur la s\u00e9curit\u00e9 du mus\u00e9e, quelques semaines apr\u00e8s le&hellip;\n","protected":false},"author":2,"featured_media":607423,"comment_status":"","ping_status":"","sticky":false,"template":"","format":"standard","meta":{"footnotes":""},"categories":[1358],"tags":[1348,1384,1385,1386,58,59,1011,27,11274,2634],"class_list":{"0":"post-607422","1":"post","2":"type-post","3":"status-publish","4":"format-standard","5":"has-post-thumbnail","7":"category-arts-et-design","8":"tag-arts","9":"tag-arts-and-design","10":"tag-arts-et-design","11":"tag-design","12":"tag-divertissement","13":"tag-entertainment","14":"tag-fr","15":"tag-france","16":"tag-louvre","17":"tag-plainte"},"share_on_mastodon":{"url":"https:\/\/pubeurope.com\/@fr\/115740664385332572","error":""},"_links":{"self":[{"href":"https:\/\/www.europesays.com\/fr\/wp-json\/wp\/v2\/posts\/607422","targetHints":{"allow":["GET"]}}],"collection":[{"href":"https:\/\/www.europesays.com\/fr\/wp-json\/wp\/v2\/posts"}],"about":[{"href":"https:\/\/www.europesays.com\/fr\/wp-json\/wp\/v2\/types\/post"}],"author":[{"embeddable":true,"href":"https:\/\/www.europesays.com\/fr\/wp-json\/wp\/v2\/users\/2"}],"replies":[{"embeddable":true,"href":"https:\/\/www.europesays.com\/fr\/wp-json\/wp\/v2\/comments?post=607422"}],"version-history":[{"count":0,"href":"https:\/\/www.europesays.com\/fr\/wp-json\/wp\/v2\/posts\/607422\/revisions"}],"wp:featuredmedia":[{"embeddable":true,"href":"https:\/\/www.europesays.com\/fr\/wp-json\/wp\/v2\/media\/607423"}],"wp:attachment":[{"href":"https:\/\/www.europesays.com\/fr\/wp-json\/wp\/v2\/media?parent=607422"}],"wp:term":[{"taxonomy":"category","embeddable":true,"href":"https:\/\/www.europesays.com\/fr\/wp-json\/wp\/v2\/categories?post=607422"},{"taxonomy":"post_tag","embeddable":true,"href":"https:\/\/www.europesays.com\/fr\/wp-json\/wp\/v2\/tags?post=607422"}],"curies":[{"name":"wp","href":"https:\/\/api.w.org\/{rel}","templated":true}]}}