{"id":607424,"date":"2025-12-18T12:53:14","date_gmt":"2025-12-18T12:53:14","guid":{"rendered":"https:\/\/www.europesays.com\/fr\/607424\/"},"modified":"2025-12-18T12:53:14","modified_gmt":"2025-12-18T12:53:14","slug":"cyril-hanouna-devoile-le-cachet-etonnant-quil-percevait-chez-rtl-avec-jean-pierre-foucault","status":"publish","type":"post","link":"https:\/\/www.europesays.com\/fr\/607424\/","title":{"rendered":"Cyril Hanouna d\u00e9voile le cachet \u00e9tonnant qu\u2019il percevait chez RTL avec Jean-Pierre Foucault"},"content":{"rendered":"<p>Cyril Hanouna a eu des d\u00e9buts tr\u00e8s fructueux \u00e0 la radio. Alors qu\u2019il recevait Olivier Minne sur le plateau de <a href=\"https:\/\/www.20minutes.fr\/arts-stars\/people\/4185627-20251114-christine-bravo-accepte-excuses-matthieu-delormeau\" target=\"_blank\" class=\"c-link c-link--is-underlined\" rel=\"noopener\">Tout beau, tout n9uf<\/a> mercredi, Baba s\u2019est rappel\u00e9 ses ann\u00e9es pass\u00e9es aux c\u00f4t\u00e9s de Jean-Pierre Foucault dans l\u2019\u00e9mission de RTL La Bonne Touche, qui sera anim\u00e9e d\u00e8s le 25\u00a0d\u00e9cembre prochain par <a href=\"https:\/\/www.20minutes.fr\/arts-stars\/television\/4170349-20250830-fort-boyard-olivier-minne-fait-bon-adieux-france-2\" target=\"_blank\" class=\"c-link c-link--is-underlined\" rel=\"noopener\">l\u2019ancien pr\u00e9sentateur<\/a> de Fort Boyard. Cyril Hanouna, encore \u00ab\u00a0inconnu du bataillon\u00a0\u00bb lorsqu\u2019il a rejoint le programme de divertissement en\u00a02006, l\u2019a coanim\u00e9 jusqu\u2019en\u00a02011.<\/p>\n<p>\u00c0 l\u2019\u00e9poque, l\u2019ancien animateur de Touche pas \u00e0 mon poste\u00a0!, qui se faisait encore sa place dans le monde des m\u00e9dias, a \u00e9t\u00e9 surpris par le cachet qu\u2019on lui proposait pour ce r\u00f4le.<\/p>\n<p>\u00ab\u00a0Quand je suis arriv\u00e9 chez RTL, il y a le patron de RTL qui me dit\u00a0: \u00ab\u00a0Il faut que je te voie aussi pour le c\u00f4t\u00e9 financier.\u00a0\u00bb Et l\u00e0, il me donne le salaire. Je vais le donner, je m\u2019en fous. Sachez que moi, \u00e0 l\u2019\u00e9poque, j\u2019\u00e9tais \u00e0 1.700 euros par mois\u00a0\u00bb, <a href=\"https:\/\/www.m6.fr\/tout-beau-tout-n9uf-p_27254\" rel=\"nofollow noopener\" target=\"_blank\" class=\"c-link c-link--is-underlined\">a-t-il commenc\u00e9<\/a> face \u00e0 ses chroniqueurs.<\/p>\n<p>Changement de grade<\/p>\n<p>\u00ab\u00a0Et donc j\u2019arrive dans le bureau et il me dit\u00a0: \u00ab\u00a0Bon, \u00e9coute, l\u00e0, c\u2019est une coanimation, tu vois\u2026 Bon c\u2019est tous les jours, mais il y a d\u00e9j\u00e0 Jean-Pierre, toi t\u2019es en plus\u2026 On s\u2019est r\u00e9unis, on peut te donner, mais vraiment c\u2019est le max qu\u2019on peut faire, 20.000 euros en factures\u00a0\u00bb, a-t-il rapport\u00e9, avant de feindre l\u2019\u00e9tonnement sous les rires de ses chroniqueurs. Lorsqu\u2019il a cherch\u00e9 \u00e0 savoir si ce montant lui serait vers\u00e9 annuellement, la r\u00e9ponse a \u00e9t\u00e9 d\u2019autant plus surprenante\u00a0: \u00ab\u00a0Je pensais qu\u2019il allait me dire\u00a0: \u00ab\u00a0Par an\u00a0\u00bb. Et il me dit\u00a0: \u00ab\u00a0Par mois\u00a0\u00bb\u00a0\u00bb.<\/p>\n<p>Cachant sa surprise, Cyril Hanouna a assur\u00e9 <a href=\"https:\/\/www.20minutes.fr\/arts-stars\/people\/4191178-20251212-apres-eviction-enfants-tele-laurence-boccolini-retrouve-sourire-chez-grosses-tetes\" target=\"_blank\" class=\"c-link c-link--is-underlined\" rel=\"noopener\">au groupe<\/a> qu\u2019il ne cherchait pas \u00e0 \u00ab\u00a0n\u00e9gocier\u00a0\u00bb, bien trop content de ce nouveau cachet qui lui permettrait de changer son quotidien. \u00ab\u00a0Je suis sorti, j\u2019ai appel\u00e9 ma m\u00e8re, j\u2019ai dit\u00a0: \u00ab\u00a0Maman, je te change les canap\u00e9s.\u00a0\u00bb J\u2019ai chang\u00e9 tous les sofas. Je peux vous dire, on a pris du cuir\u00a0!\u00a0\u00bb s\u2019est-il souvenu.<\/p>\n<p>De son c\u00f4t\u00e9, <a href=\"https:\/\/www.20minutes.fr\/arts-stars\/people\/4191738-20251216-olivier-minne-explique-pourquoi-jamais-tentation-avoir-enfants\" target=\"_blank\" class=\"c-link c-link--is-underlined\" rel=\"noopener\">Olivier Minne<\/a>, qui a quitt\u00e9 France T\u00e9l\u00e9visions plus t\u00f4t cette ann\u00e9e apr\u00e8s 36 ans au sein du service public, encha\u00eene les projets depuis qu\u2019il a rejoint le groupe M6 \u00e0 la rentr\u00e9e, comme la pr\u00e9sentation du Maillon Faible et d\u2019un nouveau jeu, Pandore, \u00e0 d\u00e9couvrir le 22\u00a0d\u00e9cembre.<\/p>\n","protected":false},"excerpt":{"rendered":"Cyril Hanouna a eu des d\u00e9buts tr\u00e8s fructueux \u00e0 la radio. Alors qu\u2019il recevait Olivier Minne sur le&hellip;\n","protected":false},"author":2,"featured_media":607425,"comment_status":"","ping_status":"","sticky":false,"template":"","format":"standard","meta":{"footnotes":""},"categories":[1356],"tags":[1083,58,59,1011,27,9917,500,17033,973,1825,2700,252,1364,133],"class_list":{"0":"post-607424","1":"post","2":"type-post","3":"status-publish","4":"format-standard","5":"has-post-thumbnail","7":"category-television","8":"tag-cyril-hanouna","9":"tag-divertissement","10":"tag-entertainment","11":"tag-fr","12":"tag-france","13":"tag-jean-pierre-foucault","14":"tag-medias","15":"tag-olivier-minne","16":"tag-people","17":"tag-radio","18":"tag-rtl","19":"tag-television","20":"tag-tv","21":"tag-video"},"share_on_mastodon":{"url":"https:\/\/pubeurope.com\/@fr\/115740672332178629","error":""},"_links":{"self":[{"href":"https:\/\/www.europesays.com\/fr\/wp-json\/wp\/v2\/posts\/607424","targetHints":{"allow":["GET"]}}],"collection":[{"href":"https:\/\/www.europesays.com\/fr\/wp-json\/wp\/v2\/posts"}],"about":[{"href":"https:\/\/www.europesays.com\/fr\/wp-json\/wp\/v2\/types\/post"}],"author":[{"embeddable":true,"href":"https:\/\/www.europesays.com\/fr\/wp-json\/wp\/v2\/users\/2"}],"replies":[{"embeddable":true,"href":"https:\/\/www.europesays.com\/fr\/wp-json\/wp\/v2\/comments?post=607424"}],"version-history":[{"count":0,"href":"https:\/\/www.europesays.com\/fr\/wp-json\/wp\/v2\/posts\/607424\/revisions"}],"wp:featuredmedia":[{"embeddable":true,"href":"https:\/\/www.europesays.com\/fr\/wp-json\/wp\/v2\/media\/607425"}],"wp:attachment":[{"href":"https:\/\/www.europesays.com\/fr\/wp-json\/wp\/v2\/media?parent=607424"}],"wp:term":[{"taxonomy":"category","embeddable":true,"href":"https:\/\/www.europesays.com\/fr\/wp-json\/wp\/v2\/categories?post=607424"},{"taxonomy":"post_tag","embeddable":true,"href":"https:\/\/www.europesays.com\/fr\/wp-json\/wp\/v2\/tags?post=607424"}],"curies":[{"name":"wp","href":"https:\/\/api.w.org\/{rel}","templated":true}]}}