{"id":607426,"date":"2025-12-18T12:54:15","date_gmt":"2025-12-18T12:54:15","guid":{"rendered":"https:\/\/www.europesays.com\/fr\/607426\/"},"modified":"2025-12-18T12:54:15","modified_gmt":"2025-12-18T12:54:15","slug":"10-mois-avec-sursis-pour-des-menaces-avec-une-fausse-kalachnikov","status":"publish","type":"post","link":"https:\/\/www.europesays.com\/fr\/607426\/","title":{"rendered":"10 mois avec sursis pour des menaces avec une fausse kalachnikov"},"content":{"rendered":"<p>Dimanche 14\u00a0d\u00e9cembre, vers 16\u00a0h, plusieurs riverains signalent \u00e0 la police la pr\u00e9sence d\u2019un homme arm\u00e9, poursuivant trois individus, rue du Lac \u00e0 Lingolsheim. Sur place, la police prend attache avec l\u2019une des victimes. Le jeune homme leur indique avoir d\u00e9j\u00e0 d\u00e9pos\u00e9 plainte la veille pour extorsion \u00e0 l\u2019encontre du suspect, car celui-ci l\u2019a d\u00e9pouill\u00e9.<\/p>\n<p>Il explique avoir \u00e9t\u00e9 abord\u00e9 par le mis en cause, le 13\u00a0d\u00e9cembre, au pr\u00e9texte qu\u2019il serait l\u2019agresseur de plusieurs jeunes du quartier. Apr\u00e8s avoir ni\u00e9 les accusations de cet inconnu, il est attir\u00e9 \u00e0&#8230;<\/p>\n","protected":false},"excerpt":{"rendered":"Dimanche 14\u00a0d\u00e9cembre, vers 16\u00a0h, plusieurs riverains signalent \u00e0 la police la pr\u00e9sence d\u2019un homme arm\u00e9, poursuivant trois individus,&hellip;\n","protected":false},"author":2,"featured_media":607427,"comment_status":"","ping_status":"","sticky":false,"template":"","format":"standard","meta":{"footnotes":""},"categories":[1355],"tags":[58,2880,59,274,107,1011,27,24067,1361,873,3089],"class_list":{"0":"post-607426","1":"post","2":"type-post","3":"status-publish","4":"format-standard","5":"has-post-thumbnail","7":"category-musique","8":"tag-divertissement","9":"tag-edition-strasbourg","10":"tag-entertainment","11":"tag-faits-divers-justice","12":"tag-fil-info","13":"tag-fr","14":"tag-france","15":"tag-lingolsheim","16":"tag-music","17":"tag-musique","18":"tag-strasbourg-sud"},"share_on_mastodon":{"url":"https:\/\/pubeurope.com\/@fr\/115740676328477905","error":""},"_links":{"self":[{"href":"https:\/\/www.europesays.com\/fr\/wp-json\/wp\/v2\/posts\/607426","targetHints":{"allow":["GET"]}}],"collection":[{"href":"https:\/\/www.europesays.com\/fr\/wp-json\/wp\/v2\/posts"}],"about":[{"href":"https:\/\/www.europesays.com\/fr\/wp-json\/wp\/v2\/types\/post"}],"author":[{"embeddable":true,"href":"https:\/\/www.europesays.com\/fr\/wp-json\/wp\/v2\/users\/2"}],"replies":[{"embeddable":true,"href":"https:\/\/www.europesays.com\/fr\/wp-json\/wp\/v2\/comments?post=607426"}],"version-history":[{"count":0,"href":"https:\/\/www.europesays.com\/fr\/wp-json\/wp\/v2\/posts\/607426\/revisions"}],"wp:featuredmedia":[{"embeddable":true,"href":"https:\/\/www.europesays.com\/fr\/wp-json\/wp\/v2\/media\/607427"}],"wp:attachment":[{"href":"https:\/\/www.europesays.com\/fr\/wp-json\/wp\/v2\/media?parent=607426"}],"wp:term":[{"taxonomy":"category","embeddable":true,"href":"https:\/\/www.europesays.com\/fr\/wp-json\/wp\/v2\/categories?post=607426"},{"taxonomy":"post_tag","embeddable":true,"href":"https:\/\/www.europesays.com\/fr\/wp-json\/wp\/v2\/tags?post=607426"}],"curies":[{"name":"wp","href":"https:\/\/api.w.org\/{rel}","templated":true}]}}