{"id":607430,"date":"2025-12-18T12:56:19","date_gmt":"2025-12-18T12:56:19","guid":{"rendered":"https:\/\/www.europesays.com\/fr\/607430\/"},"modified":"2025-12-18T12:56:19","modified_gmt":"2025-12-18T12:56:19","slug":"cosmetiques-toxiques-quels-sont-les-produits-contamines","status":"publish","type":"post","link":"https:\/\/www.europesays.com\/fr\/607430\/","title":{"rendered":"Cosm\u00e9tiques toxiques : quels sont les produits contamin\u00e9s ?"},"content":{"rendered":"<p>             <a href=\"https:\/\/ma-sante.news\/wp-content\/uploads\/2025\/12\/cosmetiques-toxiques-nanoparticules-invisibles-dans-vos-cosmetiques-pailletes-faut-il-vraiment-sinquieter-Ma-Sante.jpg\" data-caption=\"La pr\u00e9sence de nanomat\u00e9riaux doit normalement \u00eatre mentionn\u00e9e sur l\u2019\u00e9tiquetage, avec la mention [nano]. \u00a9\u00a0Freepik\" target=\"_blank\" rel=\"noopener\"><img loading=\"lazy\" decoding=\"async\" width=\"696\" height=\"463\" class=\"entry-thumb td-modal-image ewww_webp_lazy_load\" src=\"data:image\/svg+xml,%3Csvg%20xmlns=\" http:=\"\" data-lazy- data-lazy- alt=\"Une femme qui se maquille avec des cosm\u00e9tiques paillet\u00e9s toxiques, contamin\u00e9s au titane.\" title=\"cosme\u0301tiques toxiques nanoparticules invisibles dans vos cosme\u0301tiques paillete\u0301s faut il vraiment s\u2019inquie\u0301ter Ma Sante\u0301\" data-lazy-src=\"https:\/\/www.europesays.com\/fr\/wp-content\/uploads\/2025\/12\/cosmetiques-toxiques-nanoparticules-invisibles-dans-vos-cosmetiques-pailletes-faut-il-vraiment-sinqu.jpeg\" data-lazy-src-webp=\"https:\/\/www.europesays.com\/fr\/wp-content\/uploads\/2025\/12\/cosmetiques-toxiques-nanoparticules-invisibles-dans-vos-cosmetiques-pailletes-faut-il-vraiment-sinqu.jpeg.webp\" data-lazy-srcset-webp=\"https:\/\/www.europesays.com\/fr\/wp-content\/uploads\/2025\/12\/cosmetiques-toxiques-nanoparticules-invisibles-dans-vos-cosmetiques-pailletes-faut-il-vraiment-sinqu.jpeg.webp 696w, https:\/\/ma-sante.news\/wp-content\/uploads\/2025\/12\/cosmetiques-toxiques-nanoparticules-invisibles-dans-vos-cosmetiques-pailletes-faut-il-vraiment-sinquieter-Ma-Sante-300x200.jpg.webp 300w, https:\/\/ma-sante.news\/wp-content\/uploads\/2025\/12\/cosmetiques-toxiques-nanoparticules-invisibles-dans-vos-cosmetiques-pailletes-faut-il-vraiment-sinquieter-Ma-Sante-768x511.jpg.webp 768w, https:\/\/ma-sante.news\/wp-content\/uploads\/2025\/12\/cosmetiques-toxiques-nanoparticules-invisibles-dans-vos-cosmetiques-pailletes-faut-il-vraiment-sinquieter-Ma-Sante-632x420.jpg.webp 632w, https:\/\/ma-sante.news\/wp-content\/uploads\/2025\/12\/cosmetiques-toxiques-nanoparticules-invisibles-dans-vos-cosmetiques-pailletes-faut-il-vraiment-sinquieter-Ma-Sante.jpg.webp 800w\"\/><\/a>La pr\u00e9sence de nanomat\u00e9riaux doit normalement \u00eatre mentionn\u00e9e sur l\u2019\u00e9tiquetage, avec la mention [nano]. \u00a9\u00a0Freepik                                    \t\t\t             <a class=\"gofollow\" data-track=\"MjgsMCw2MA==\" href=\"https:\/\/ma-sante.news\/inscrivez-vous-a-notre-newsletter\/\" target=\"_blank\" rel=\"noopener\"><img loading=\"lazy\" decoding=\"async\" width=\"1068\" height=\"131\" src=\"data:image\/svg+xml,%3Csvg%20xmlns=\" http:=\"\" data-lazy-src=\"https:\/\/www.europesays.com\/fr\/wp-content\/uploads\/2025\/03\/banniere-newsletter.png\"\/><\/a> <\/p>\n<p>Poudres iridescentes, sprays scintillants pour le visage ou le corps, maquillages festifs\u2026 Qui n\u2019a jamais \u00e9t\u00e9 tent\u00e9 ? <\/p>\n<p>Pourtant, une \u00e9tude r\u00e9cente men\u00e9e par l\u2019Association de veille et d\u2019information civique sur les enjeux des nanosciences et des nanotechnologies (Avicenn) r\u00e9v\u00e8le la pr\u00e9sence de nanoparticules de dioxyde de titane dans une dizaine de ces produits analys\u00e9s. Et pas n\u2019importe quelles particules, mais des particules si petites qu\u2019on ne les voit pas, et qui n\u2019\u00e9taient pas clairement indiqu\u00e9es sur l\u2019\u00e9tiquette.<\/p>\n<p>        TiO\u2082 : qu\u2019est ce que c\u2019est exactement ?\u00a0    <\/p>\n<p><a href=\"https:\/\/ma-sante.news\/dioxyde-de-titane-dans-le-lait-maternel-faut-il-sinquieter\/\" target=\"_blank\" rel=\"noopener\">Le dioxyde de titane n\u2019est pas un nouveau venu<\/a>. Sous le nom chimique TiO\u2082 (CI 77891), il sert de pigment blanc ou de filtre UV dans de tr\u00e8s nombreux produits, des peintures industrielles <a href=\"https:\/\/ma-sante.news\/protection-solaire-le-guide-ideal-pour-profiter-du-soleil-sans-risque\/\" target=\"_blank\" rel=\"noopener\">aux cr\u00e8mes solaires<\/a> en passant par les cosm\u00e9tiques.<\/p>\n<p>En Europe, le TiO\u2082 est autoris\u00e9 dans les cosm\u00e9tiques \u00e0 certaines conditions, notamment pour sa forme nano, mais avec des restrictions strictes si le produit peut \u00eatre inhal\u00e9 (comme les sprays ou les poudres) car les nanoparticules pourraient p\u00e9n\u00e9trer les poumons.<\/p>\n<p>Ces nanoparticules sont tellement petites qu\u2019elles \u00e9chappent souvent \u00e0 l\u2019\u0153il nu, et \u00e0 l\u2019\u00e9tiquetage clair. Toutes les formulations analys\u00e9es par Avicenn contenaient des nano-TiO\u2082 en quantit\u00e9s et tailles plus importantes que dans d\u2019autres produits, sans mention explicite sur l\u2019emballage.<\/p>\n<p>        Sant\u00e9 : inhalation, peau\u2026 o\u00f9 se situe le vrai danger ?    <strong>Sur la peau : globalement sans risque, mais\u2026<\/strong>    <\/p>\n<p>D\u2019un point de vue dermatologique, les donn\u00e9es scientifiques disponibles \u00e0 ce jour ne mettent pas en \u00e9vidence de risque av\u00e9r\u00e9 li\u00e9 \u00e0 l\u2019application cutan\u00e9e de nanoparticules de dioxyde de titane, lorsqu\u2019elles sont utilis\u00e9es dans des conditions normales.\u00a0<\/p>\n<p>Le Comit\u00e9 scientifique europ\u00e9en pour la s\u00e9curit\u00e9 des consommateurs (SCCS) estime en effet que ces nanoparticules, largement employ\u00e9es notamment dans les \u00e9crans solaires, restent majoritairement \u00e0 la surface de la peau et ne traversent pas la barri\u00e8re cutan\u00e9e lorsqu\u2019elle est intacte.<\/p>\n<p>Sur <a href=\"https:\/\/ma-sante.news\/conference-sante-la-peau-un-precieux-patrimoine-a-proteger\/\" target=\"_blank\" rel=\"noopener\">une peau saine, ni bless\u00e9e ni fortement irrit\u00e9e<\/a>, le TiO\u2082 sous forme nano ne semble pas capable de p\u00e9n\u00e9trer en profondeur dans l\u2019organisme. Les \u00e9tudes montrent qu\u2019il se loge essentiellement dans la couche corn\u00e9e, l\u2019enveloppe protectrice faite de cellules mortes qui joue pr\u00e9cis\u00e9ment le r\u00f4le de rempart.<\/p>\n<p>        <strong>Par l\u2019inhalation : la vraie zone d\u2019attention<\/strong>    <\/p>\n<p>C\u2019est ici que \u00e7a se complique. L\u2019inhalation est consid\u00e9r\u00e9e comme la voie d\u2019exposition la plus pr\u00e9occupante pour ces nanoparticules. Quand on respire de poudres tr\u00e8s fines ou des sprays, ces particules peuvent atteindre les alv\u00e9oles pulmonaires.\u00a0<\/p>\n<p>Des \u00e9tudes toxicologiques sugg\u00e8rent que, une fois l\u00e0-dedans, ces particules peuvent provoquer stress oxydatif, inflammation, voire des dommages cellulaires ou g\u00e9notoxiques, c\u2019est-\u00e0-dire alt\u00e9rer l\u2019ADN.<\/p>\n<p>Ces risques justifient que l\u2019Union europ\u00e9enne ait interdit l\u2019usage de formes nanom\u00e9triques de TiO\u2082 dans les sprays et a\u00e9rosols cosm\u00e9tiques pr\u00e9cis\u00e9ment \u00e0 cause de l\u2019exposition pulmonaire possible.\u00a0<\/p>\n<p>        R\u00e9glementation : entre s\u00e9curit\u00e9 et incertitudes    <\/p>\n<p>On pourrait penser que tout cela est d\u00e9j\u00e0 bien cadr\u00e9. Et dans une certaine mesure, oui. Le r\u00e8glement cosm\u00e9tique europ\u00e9en 1223\/2009 autorise le TiO\u2082, impose des limites, exige la d\u00e9claration des nanos en INCI et interdit certaines formes susceptibles d\u2019\u00eatre inhal\u00e9es.\u00a0<\/p>\n<p>Mais dans les faits, c\u2019est la mise en application qui pose question. Les analyses d\u2019Avicenn montrent que certains produits \u00ab esth\u00e9tiques \u00bb contiennent ces nanoparticules sans l\u2019indiquer clairement. Et si certains fabricants respectent la r\u00e9glementation comme un vieux manuel de recettes, d\u2019autres semblent jouer \u00e0 cache-cache avec les d\u00e9finitions chimiques.<\/p>\n<p>Par ailleurs, l\u2019Europe est en pleine r\u00e9\u00e9valuation scientifique. La Commission europ\u00e9enne a demand\u00e9 une nouvelle opinion sur la s\u00e9curit\u00e9 du TiO\u2082 dans les cosm\u00e9tiques, tant pour les formes nano que non nano, signe que la science continue de d\u00e9battre et d\u2019affiner nos connaissances.<\/p>\n<p>        Consommateurs : faut-il jeter tous ses produits paillet\u00e9s \u00e0 la poubelle ?\u00a0    <\/p>\n<p>Faut-il pour autant vider sa trousse de maquillage et faire une croix d\u00e9finitive sur les produits paillet\u00e9s ? Pas forc\u00e9ment. \u00c0 la lumi\u00e8re des connaissances actuelles, tout d\u00e9pend de l\u2019usage et de la forme du produit.<\/p>\n<ul class=\"wp-block-list\">\n<li>Sur une peau saine, l\u2019utilisation habituelle de cosm\u00e9tiques contenant du dioxyde de titane n\u2019est pas consid\u00e9r\u00e9e comme pr\u00e9sentant un danger imm\u00e9diat. Les autorit\u00e9s sanitaires europ\u00e9ennes estiment que, dans ces conditions, les nanoparticules restent en surface et ne p\u00e9n\u00e8trent pas dans l\u2019organisme.<\/li>\n<li>La prudence est en revanche de mise avec les poudres libres et les sprays scintillants, qui peuvent \u00eatre inhal\u00e9s lors de l\u2019application. Cette voie d\u2019exposition est jug\u00e9e plus pr\u00e9occupante, en particulier chez les personnes souffrant de troubles respiratoires, <a href=\"https:\/\/ma-sante.news\/asthme-comment-prevenir-et-traiter-la-crise\/\" target=\"_blank\" rel=\"noopener\">d\u2019asthme<\/a> ou chez les enfants.<\/li>\n<li>Pour les consommateurs les plus attentifs, privil\u00e9gier des produits sans nanoparticules ou dont la composition est clairement d\u00e9taill\u00e9e sur la liste des ingr\u00e9dients (INCI), avec la mention [nano], constitue une d\u00e9marche raisonnable pour limiter l\u2019exposition.<\/li>\n<\/ul>\n<p>Alors non, inutile de c\u00e9der \u00e0 la panique. Une vigilance \u00e9clair\u00e9e suffit. continuer \u00e0 utiliser des cosm\u00e9tiques en connaissance de cause, en pr\u00eatant attention \u00e0 leur formulation et \u00e0 leur mode d\u2019application, sans renoncer pour autant au plaisir de se faire beau\u2026 ou belle.<\/p>\n<blockquote class=\"wp-block-quote is-layout-flow wp-block-quote-is-layout-flow\">\n<p><strong>\u00c0 SAVOIR<\/strong><\/p>\n<p>Le dioxyde de titane n\u2019est plus autoris\u00e9 dans l\u2019alimentation en Europe. Connu sous le nom d\u2019additif E171, il a \u00e9t\u00e9 interdit dans les denr\u00e9es alimentaires \u00e0 partir de 2022, apr\u00e8s une \u00e9valuation de l\u2019Autorit\u00e9 europ\u00e9enne de s\u00e9curit\u00e9 des aliments (EFSA) qui n\u2019a pas pu exclure un risque de g\u00e9notoxicit\u00e9. Les produits concern\u00e9s ont depuis \u00e9t\u00e9 retir\u00e9s du march\u00e9 ou reformul\u00e9s.<\/p>\n<\/blockquote>\n<p>  <a class=\"gofollow\" data-track=\"MTIsMCw2MA==\" href=\"https:\/\/ma-sante.news\/annonceurs\/\" target=\"_blank\" rel=\"noopener\"><img loading=\"lazy\" decoding=\"async\" width=\"2560\" height=\"2133\" src=\"data:image\/svg+xml,%3Csvg%20xmlns=\" http:=\"\" data-lazy-src=\"https:\/\/www.europesays.com\/fr\/wp-content\/uploads\/2025\/03\/pub-annonceurs-4-scaled.jpg\"\/><\/a>    <img loading=\"lazy\" decoding=\"async\" width=\"755\" height=\"495\" src=\"data:image\/svg+xml,%3Csvg%20xmlns=\" http:=\"\" data-lazy-src=\"https:\/\/www.europesays.com\/fr\/wp-content\/uploads\/2025\/03\/Image1.jpg\" data-lazy-src-webp=\"https:\/\/www.europesays.com\/fr\/wp-content\/uploads\/2025\/03\/Image1.jpg.webp\" class=\"ewww_webp_lazy_load\"\/>Inscrivez-vous \u00e0 notre newsletter <br \/>Ma Sant\u00e9                      <\/p>\n","protected":false},"excerpt":{"rendered":"La pr\u00e9sence de nanomat\u00e9riaux doit normalement \u00eatre mentionn\u00e9e sur l\u2019\u00e9tiquetage, avec la mention [nano]. \u00a9\u00a0Freepik Poudres iridescentes, sprays&hellip;\n","protected":false},"author":2,"featured_media":607431,"comment_status":"","ping_status":"","sticky":false,"template":"","format":"standard","meta":{"footnotes":""},"categories":[10],"tags":[1011,27,72,5447,71],"class_list":{"0":"post-607430","1":"post","2":"type-post","3":"status-publish","4":"format-standard","5":"has-post-thumbnail","7":"category-sante","8":"tag-fr","9":"tag-france","10":"tag-health","11":"tag-intoxication","12":"tag-sante"},"share_on_mastodon":{"url":"https:\/\/pubeurope.com\/@fr\/115740683981648218","error":""},"_links":{"self":[{"href":"https:\/\/www.europesays.com\/fr\/wp-json\/wp\/v2\/posts\/607430","targetHints":{"allow":["GET"]}}],"collection":[{"href":"https:\/\/www.europesays.com\/fr\/wp-json\/wp\/v2\/posts"}],"about":[{"href":"https:\/\/www.europesays.com\/fr\/wp-json\/wp\/v2\/types\/post"}],"author":[{"embeddable":true,"href":"https:\/\/www.europesays.com\/fr\/wp-json\/wp\/v2\/users\/2"}],"replies":[{"embeddable":true,"href":"https:\/\/www.europesays.com\/fr\/wp-json\/wp\/v2\/comments?post=607430"}],"version-history":[{"count":0,"href":"https:\/\/www.europesays.com\/fr\/wp-json\/wp\/v2\/posts\/607430\/revisions"}],"wp:featuredmedia":[{"embeddable":true,"href":"https:\/\/www.europesays.com\/fr\/wp-json\/wp\/v2\/media\/607431"}],"wp:attachment":[{"href":"https:\/\/www.europesays.com\/fr\/wp-json\/wp\/v2\/media?parent=607430"}],"wp:term":[{"taxonomy":"category","embeddable":true,"href":"https:\/\/www.europesays.com\/fr\/wp-json\/wp\/v2\/categories?post=607430"},{"taxonomy":"post_tag","embeddable":true,"href":"https:\/\/www.europesays.com\/fr\/wp-json\/wp\/v2\/tags?post=607430"}],"curies":[{"name":"wp","href":"https:\/\/api.w.org\/{rel}","templated":true}]}}