{"id":607436,"date":"2025-12-18T12:59:13","date_gmt":"2025-12-18T12:59:13","guid":{"rendered":"https:\/\/www.europesays.com\/fr\/607436\/"},"modified":"2025-12-18T12:59:13","modified_gmt":"2025-12-18T12:59:13","slug":"vos-plantes-ont-souffert-ce-geste-dun-jardinier-pro-evite-lerreur-qui-les-condamne","status":"publish","type":"post","link":"https:\/\/www.europesays.com\/fr\/607436\/","title":{"rendered":"vos plantes ont souffert ? ce geste d&rsquo;un jardinier pro \u00e9vite l&rsquo;erreur qui les condamne"},"content":{"rendered":"<p itemprop=\"description\">Apr\u00e8s l\u2019\u00e9pisode de neige abondante, votre<br \/>\njardin semble meurtri et vous craignez pour vos massifs. Un<br \/>\njardinier professionnel r\u00e9v\u00e8le comment traiter des plantes ab\u00eem\u00e9es<br \/>\npar la neige sans empirer la situation.<\/p>\n<p>Dans de nombreuses r\u00e9gions, la derni\u00e8re chute de neige a laiss\u00e9<br \/>\nun <strong>\u00e9pais manteau blanc<\/strong> sur les jardins, parfois<br \/>\njusqu\u2019\u00e0 plier les haies et coucher les massifs. Branches tordues,<br \/>\ntiges cass\u00e9es, feuilles br\u00fbl\u00e9es par le gel : difficile de savoir si<br \/>\narbres, arbustes et potager vont s\u2019en remettre sans un minimum de<br \/>\nm\u00e9thode.<\/p>\n<p>Pour un jardinier professionnel, la premi\u00e8re id\u00e9e \u00e0 garder en<br \/>\nt\u00eate est simple : la neige peut autant prot\u00e9ger que blesser.<br \/>\nCertaines vivaces, bulbes ou l\u00e9gumes d\u2019hiver supportent bien d\u2019\u00eatre<br \/>\nrecouverts, alors que la <strong>neige lourde<\/strong> et humide<br \/>\npeut casser des branches. Tout l\u2019enjeu consiste \u00e0 reconna\u00eetre des<br \/>\n<strong>plantes ab\u00eem\u00e9es par la neige<\/strong> et \u00e0 appliquer les<br \/>\nbons gestes au bon moment, sans pr\u00e9cipitation.<\/p>\n<p>Plantes ab\u00eem\u00e9es par la neige : observer avant d\u2019intervenir<\/p>\n<p>Une couche de neige agit souvent comme une couverture isolante<br \/>\nqui limite les variations de temp\u00e9rature et prot\u00e8ge les racines.<br \/>\nDes fleurs d\u2019hiver comme la rose de No\u00ebl, les violettes odorantes<br \/>\nou l\u2019hamam\u00e9lis sont m\u00eame faites pour braver le froid et restent<br \/>\nintactes sous la poudreuse. Beaucoup de vivaces et de bulbes,<br \/>\ninvisibles en surface, patienteront tranquillement jusqu\u2019au<br \/>\nprintemps, m\u00eame si le dessus du massif semble \u00e9cras\u00e9.<\/p>\n<p>La situation se complique lorsque la neige s\u2019est tass\u00e9e ou<br \/>\nqu\u2019elle est devenue tr\u00e8s humide. Les arbustes \u00e0 feuillage<br \/>\npersistant, les haies ou les jeunes arbres peuvent alors pr\u00e9senter<br \/>\ndes branches arqu\u00e9es, f\u00eal\u00e9es ou cass\u00e9es. Les l\u00e9gumes de saison<br \/>\nfroide comme le kale ou les choux tol\u00e8rent la neige tant que les<br \/>\nfeuilles et tiges ne sont pas rompues. En pr\u00e9sence de grosses<br \/>\nbranches bris\u00e9es en hauteur, un professionnel reste pr\u00e9f\u00e9rable pour<br \/>\ns\u00e9curiser la taille.<\/p>\n<p>Les bons gestes pour aider les plantes apr\u00e8s une neige<br \/>\nabondante<\/p>\n<p>D\u00e8s que la chute de neige s\u2019arr\u00eate, le r\u00e9flexe de ce sp\u00e9cialiste<br \/>\nest de soulager les arbustes sans brutalit\u00e9. Il utilise un balai ou<br \/>\nune brosse souple en commen\u00e7ant par les branches basses, qu\u2019il<br \/>\nrel\u00e8ve vers le haut pour faire glisser l\u2019exc\u00e9dent. Il d\u00e9conseille<br \/>\nde secouer les branches, surtout par grand froid, car le bois<br \/>\ndevient tr\u00e8s cassant. Sur la glace ou le verglas, il vaut mieux<br \/>\nattendre le d\u00e9gel.<\/p>\n<p>Sur les massifs de vivaces ou au potager, il pr\u00e9f\u00e8re laisser la<br \/>\nneige en place, car elle prot\u00e8ge le sol du gel. En revanche, il<br \/>\nenl\u00e8ve ce qui surcharge les feuillages des lauriers ou des<br \/>\nconif\u00e8res. Les branches d\u00e9j\u00e0 rompues ne sont pas taill\u00e9es tout de<br \/>\nsuite, hors danger imm\u00e9diat : elles sont rep\u00e9r\u00e9es, puis reprises en<br \/>\nfin d\u2019hiver, quand les gel\u00e9es sont pass\u00e9es, pour \u00eatre recoup\u00e9es<br \/>\nsous la zone ab\u00eem\u00e9e.<\/p>\n<p>R\u00e9parer les d\u00e9g\u00e2ts de la neige et<br \/>\npr\u00e9parer le jardin pour l\u2019hiver suivant<\/p>\n<p>Au printemps, quand la reprise d\u00e9marre, ce jardinier nettoie les<br \/>\nparties noircies ou pourries des vivaces et arbustes, puis apporte<br \/>\ndu <strong>paillage<\/strong> et du compost pour stimuler la<br \/>\nnouvelle v\u00e9g\u00e9tation. Beaucoup de plantes qui semblaient perdues en<br \/>\njanvier repartent alors depuis la base. M\u00eame si votre arbuste a<br \/>\nl\u2019air mal en point au premier abord, il peut tr\u00e9s bien produire de<br \/>\njeunes pousses vigoureuses d\u00e8s que les temp\u00e9ratures remontent et<br \/>\nque le sol se r\u00e9chauffe.<\/p>\n<p>Pour limiter les d\u00e9g\u00e2ts la saison suivante, ce jardinier mise<br \/>\nsur des vari\u00e9t\u00e9s rustiques, une taille structur\u00e9e hors p\u00e9riode de<br \/>\ngel et un sol bien prot\u00e9g\u00e9 par mulch. Il utilise aussi des voiles<br \/>\nd\u2019hivernage, des b\u00e2ches sur les rangs de l\u00e9gumes et la m\u00e9thode<br \/>\njaponaise <strong>yukitsuri<\/strong> pour les arbres pr\u00e9cieux : un<br \/>\npoteau central, des cordes tendues en c\u00f4ne ou en tipi qui<br \/>\nsoutiennent les branches. Comme le rappelle le site Mon Jardin Ma<br \/>\nMaison, cette technique est \u00e0 la fois protectrice et<br \/>\nd\u00e9corative.<\/p>\n","protected":false},"excerpt":{"rendered":"Apr\u00e8s l\u2019\u00e9pisode de neige abondante, votre jardin semble meurtri et vous craignez pour vos massifs. Un jardinier professionnel&hellip;\n","protected":false},"author":2,"featured_media":607437,"comment_status":"","ping_status":"","sticky":false,"template":"","format":"standard","meta":{"footnotes":""},"categories":[7],"tags":[36744,2612,2956,1011,27,6736,3354,43,40,41,39,42,44],"class_list":{"0":"post-607436","1":"post","2":"type-post","3":"status-publish","4":"format-standard","5":"has-post-thumbnail","7":"category-sciences-et-technologies","8":"tag-astuces","9":"tag-conseils","10":"tag-entretien","11":"tag-fr","12":"tag-france","13":"tag-hiver","14":"tag-jardin","15":"tag-science","16":"tag-science-and-technology","17":"tag-sciences","18":"tag-sciences-et-technologies","19":"tag-technologies","20":"tag-technology"},"share_on_mastodon":{"url":"https:\/\/pubeurope.com\/@fr\/115740695977060247","error":""},"_links":{"self":[{"href":"https:\/\/www.europesays.com\/fr\/wp-json\/wp\/v2\/posts\/607436","targetHints":{"allow":["GET"]}}],"collection":[{"href":"https:\/\/www.europesays.com\/fr\/wp-json\/wp\/v2\/posts"}],"about":[{"href":"https:\/\/www.europesays.com\/fr\/wp-json\/wp\/v2\/types\/post"}],"author":[{"embeddable":true,"href":"https:\/\/www.europesays.com\/fr\/wp-json\/wp\/v2\/users\/2"}],"replies":[{"embeddable":true,"href":"https:\/\/www.europesays.com\/fr\/wp-json\/wp\/v2\/comments?post=607436"}],"version-history":[{"count":0,"href":"https:\/\/www.europesays.com\/fr\/wp-json\/wp\/v2\/posts\/607436\/revisions"}],"wp:featuredmedia":[{"embeddable":true,"href":"https:\/\/www.europesays.com\/fr\/wp-json\/wp\/v2\/media\/607437"}],"wp:attachment":[{"href":"https:\/\/www.europesays.com\/fr\/wp-json\/wp\/v2\/media?parent=607436"}],"wp:term":[{"taxonomy":"category","embeddable":true,"href":"https:\/\/www.europesays.com\/fr\/wp-json\/wp\/v2\/categories?post=607436"},{"taxonomy":"post_tag","embeddable":true,"href":"https:\/\/www.europesays.com\/fr\/wp-json\/wp\/v2\/tags?post=607436"}],"curies":[{"name":"wp","href":"https:\/\/api.w.org\/{rel}","templated":true}]}}