{"id":607460,"date":"2025-12-18T13:12:15","date_gmt":"2025-12-18T13:12:15","guid":{"rendered":"https:\/\/www.europesays.com\/fr\/607460\/"},"modified":"2025-12-18T13:12:15","modified_gmt":"2025-12-18T13:12:15","slug":"municipales-2026-a-montpellier-un-sondage-place-delafosse-a-38-oziol-a-16-saurel-a-11-comme-le-rassemblement-national-et-roumegas-a-7","status":"publish","type":"post","link":"https:\/\/www.europesays.com\/fr\/607460\/","title":{"rendered":"Municipales 2026 \u00e0 Montpellier\u00a0: un sondage place Delafosse \u00e0 38\u00a0%, Oziol \u00e0 16\u00a0%, Saurel \u00e0 11\u00a0%, comme le Rassemblement national et Roum\u00e9gas \u00e0 7\u00a0%"},"content":{"rendered":"<p>\n                                                                Le sondage r\u00e9alis\u00e9 par Harris Interactive pour le Printemps montpelli\u00e9rain, la liste EELV de Jean-Louis Roum\u00e9gas place le maire sortant tr\u00e8s loin devant. Mais le d\u00e9put\u00e9 esp\u00e8re refaire son retard \u00ab\u00a0sur la question de l\u2019incin\u00e9rateur CSR\u00a0\u00bb.\n                            <\/p>\n<p>Les sondages se suivent et, peu ou prou, se ressemblent. Le dernier a \u00e9t\u00e9 r\u00e9alis\u00e9 du 5 5 au 15\u00a0d\u00e9cembre par Harris Interactive pour le Printemps montpelli\u00e9rain, selon la m\u00e9thode des quotas aupr\u00e8s de 809 personnes inscrites sur les listes \u00e9lectorales \u00e0 Montpellier.<\/p>\n<p>22 points d\u2019\u00e9carts entre Delafosse et Oziol<\/p>\n<p>Principal enseignement, Micha\u00ebl Delafosse, maire sortant non d\u00e9clar\u00e9 \u00e0 ce jour, caracole en t\u00eate avec 38\u00a0% des intentions de vote. Loin derri\u00e8re, Nathalie Oziol pour La France Insoumise est \u00e0 16\u00a0%. Suivent l\u2019ancien maire Philippe Saurel \u00e0 11\u00a0%, ainsi que le Rassemblement national \u00e0 11\u00a0%.<\/p>\n<p>Jean-Louis Roum\u00e9gas est \u00e0 7\u00a0%, au-dessus de la barre fatidique des 5\u00a0% pour \u00eatre rembours\u00e9 des frais de campagne et \u00eatre en mesure de fusionner sa liste au deuxi\u00e8me tour. Mohed Altrad est \u00e0 6\u00a0%, tout comme Isabelle Perrein, \u00e9galement \u00e0 6\u00a0%. Enfin Serge Martin est \u00e0 2\u00a0%, ce dernier ayant pris la d\u00e9cision de rejoindre Jean-Louis Roum\u00e9gas.<\/p>\n<p>Plus d\u2019informations \u00e0 venir\u2026<\/p>\n","protected":false},"excerpt":{"rendered":"Le sondage r\u00e9alis\u00e9 par Harris Interactive pour le Printemps montpelli\u00e9rain, la liste EELV de Jean-Louis Roum\u00e9gas place le&hellip;\n","protected":false},"author":2,"featured_media":607461,"comment_status":"","ping_status":"","sticky":false,"template":"","format":"standard","meta":{"footnotes":""},"categories":[9599],"tags":[1111,11,5949,1777,674,1011,27,7089,2208,3434,12,2680,316,25],"class_list":{"0":"post-607460","1":"post","2":"type-post","3":"status-publish","4":"format-standard","5":"has-post-thumbnail","7":"category-montpellier","8":"tag-actu","9":"tag-actualites","10":"tag-elections","11":"tag-eu","12":"tag-europe","13":"tag-fr","14":"tag-france","15":"tag-herault","16":"tag-montpellier","17":"tag-municipales-2026","18":"tag-news","19":"tag-occitanie","20":"tag-politique","21":"tag-republique-francaise"},"share_on_mastodon":{"url":"https:\/\/pubeurope.com\/@fr\/115740746963783180","error":""},"_links":{"self":[{"href":"https:\/\/www.europesays.com\/fr\/wp-json\/wp\/v2\/posts\/607460","targetHints":{"allow":["GET"]}}],"collection":[{"href":"https:\/\/www.europesays.com\/fr\/wp-json\/wp\/v2\/posts"}],"about":[{"href":"https:\/\/www.europesays.com\/fr\/wp-json\/wp\/v2\/types\/post"}],"author":[{"embeddable":true,"href":"https:\/\/www.europesays.com\/fr\/wp-json\/wp\/v2\/users\/2"}],"replies":[{"embeddable":true,"href":"https:\/\/www.europesays.com\/fr\/wp-json\/wp\/v2\/comments?post=607460"}],"version-history":[{"count":0,"href":"https:\/\/www.europesays.com\/fr\/wp-json\/wp\/v2\/posts\/607460\/revisions"}],"wp:featuredmedia":[{"embeddable":true,"href":"https:\/\/www.europesays.com\/fr\/wp-json\/wp\/v2\/media\/607461"}],"wp:attachment":[{"href":"https:\/\/www.europesays.com\/fr\/wp-json\/wp\/v2\/media?parent=607460"}],"wp:term":[{"taxonomy":"category","embeddable":true,"href":"https:\/\/www.europesays.com\/fr\/wp-json\/wp\/v2\/categories?post=607460"},{"taxonomy":"post_tag","embeddable":true,"href":"https:\/\/www.europesays.com\/fr\/wp-json\/wp\/v2\/tags?post=607460"}],"curies":[{"name":"wp","href":"https:\/\/api.w.org\/{rel}","templated":true}]}}