{"id":607466,"date":"2025-12-18T13:17:17","date_gmt":"2025-12-18T13:17:17","guid":{"rendered":"https:\/\/www.europesays.com\/fr\/607466\/"},"modified":"2025-12-18T13:17:17","modified_gmt":"2025-12-18T13:17:17","slug":"population-grenoble-degringole-de-trois-places-au-classement-des-grandes-villes-de-france","status":"publish","type":"post","link":"https:\/\/www.europesays.com\/fr\/607466\/","title":{"rendered":"Population. Grenoble d\u00e9gringole de trois places au classement des grandes villes de France"},"content":{"rendered":"<p>Le recensement de l&rsquo;Insee est tomb\u00e9 un peu \u00e0 l&rsquo;avance cette ann\u00e9e. Pour chacune des 34 860 communes de France, les tableaux \u00e9tablissent officiellement la population municipale en 2023 et rappellent celle de 2017 pour comparer. Bilan\u00a0: entre les communes dynamiques qui gagnent des habitants et celles qui en perdent inlassablement, les classements sont parfois boulevers\u00e9s.<\/p>\n<p>Grenoble sortira-t-elle du top 20 ?<\/p>\n<p>Premi\u00e8re info\u00a0: avec 156 140 habitants en 2023 contre 158 454 en 2017, Grenoble perd des habitants et d\u00e9gringole dans le classement des grandes villes, de la 16e \u00e0 la 19e place. Si elle avait connu une stagnation, sous la forme d&rsquo;une \u00e9volution tr\u00e8s l\u00e9g\u00e8rement positive de sa population entre 2012 et 2017, le d\u00e9clin d\u00e9mographique semble s&rsquo;\u00eatre enclench\u00e9 sur les 6 ans qui ont suivi. La raison apparente : <a href=\"https:\/\/www.ledauphine.com\/societe\/2024\/12\/27\/recensement-nous-sommes-1-29-million-d-iserois\" target=\"_blank\" rel=\"noopener\">des Grenoblois qui quittent la ville<\/a>, plus que le solde naturel (c&rsquo;est \u00e0 dire la diff\u00e9rence entre les naissances et les d\u00e9c\u00e8s, toujours positive). La capitale des Alpes est d\u00e9pass\u00e9e au rang national par Villeurbanne, Dijon et Angers. De quoi \u00eatre pouss\u00e9e hors du top 20 national dans la d\u00e9cennie ? Certaines villes, comme Saint-Denis \u00e0 la R\u00e9union, la talonnent et ont une d\u00e9mographie tr\u00e8s dynamique.<\/p>\n<p>Du c\u00f4t\u00e9 des villes dynamiques de chez nous, Annecy se hisse \u00e0 la 29e place des plus grosses villes en d\u00e9passant Limoges, passant de 126 924 habitants \u00e0 132 117 sur la p\u00e9riode. Avignon (91 921 habitants en 2017, 92 188 en 2023), Valence (de 63 714 \u00e0\u00a064 458) et Chamb\u00e9ry (de 58 919 \u00e0 59 964) font aussi partie des villes qui gagnent des habitants.<\/p>\n<p>Rochefourchat dans la Dr\u00f4me, toujours le plus petit village de France<\/p>\n<p>Et parmi les communes les moins peupl\u00e9es\u00a0? Nous d\u00e9tenons toujours le record de France, avec Rochefourchat dans la Dr\u00f4me, et ses 2 habitants (le village en comprenait un seul en 2017). Chez nous, le village est suivi par Majastres dans les Alpes-de-Haute-Provence avec ses 5 habitants (4 en 2017) et par La B\u00e2tie-des-Fonds, toujours dans la Dr\u00f4me, avec ses 6 habitants.\u00a0<\/p>\n<p class=\"componentDescription\">Et dans votre commune ? Utilisez notre moteur de recherches.<\/p>\n<p>\u00c0 surveiller pour les prochains recensements : La Haute-Beaume dans les Hautes-Alpes, qui voit sa minuscule population diminuer. Elle est pass\u00e9e de 9 habitants en 2017 \u00e0 seulement 7 en 2023.<\/p>\n","protected":false},"excerpt":{"rendered":"Le recensement de l&rsquo;Insee est tomb\u00e9 un peu \u00e0 l&rsquo;avance cette ann\u00e9e. Pour chacune des 34 860 communes&hellip;\n","protected":false},"author":2,"featured_media":607467,"comment_status":"","ping_status":"","sticky":false,"template":"","format":"standard","meta":{"footnotes":""},"categories":[9566],"tags":[1111,11,2738,3853,4646,2430,6184,5509,12163,2730,112,4521,1777,674,107,1011,27,329,2731,4522,4638,881,108,71871,71872,12,25,71870,5508,273,106,104,2733,4520],"class_list":{"0":"post-607466","1":"post","2":"type-post","3":"status-publish","4":"format-standard","5":"has-post-thumbnail","7":"category-grenoble","8":"tag-actu","9":"tag-actualites","10":"tag-ain","11":"tag-annecy","12":"tag-ardeche","13":"tag-auvergne-rhone-alpes","14":"tag-avignon","15":"tag-chambery","16":"tag-data","17":"tag-drome","18":"tag-edition-grenoble-agglomeration","19":"tag-edition-hautes-alpes-alpes-de-haute-provence","20":"tag-eu","21":"tag-europe","22":"tag-fil-info","23":"tag-fr","24":"tag-france","25":"tag-france-monde","26":"tag-grenoble","27":"tag-haute-provence","28":"tag-haute-savoie","29":"tag-hautes-alpes","30":"tag-isere","31":"tag-la-batie-des-fonds","32":"tag-la-haute-beaume","33":"tag-news","34":"tag-republique-francaise","35":"tag-rochefourchat","36":"tag-savoie","37":"tag-selection-de-la-redaction","38":"tag-selection-de-la-redaction-38","39":"tag-societe","40":"tag-valence","41":"tag-vaucluse"},"share_on_mastodon":{"url":"","error":"Validation failed: Text character limit of 500 exceeded"},"_links":{"self":[{"href":"https:\/\/www.europesays.com\/fr\/wp-json\/wp\/v2\/posts\/607466","targetHints":{"allow":["GET"]}}],"collection":[{"href":"https:\/\/www.europesays.com\/fr\/wp-json\/wp\/v2\/posts"}],"about":[{"href":"https:\/\/www.europesays.com\/fr\/wp-json\/wp\/v2\/types\/post"}],"author":[{"embeddable":true,"href":"https:\/\/www.europesays.com\/fr\/wp-json\/wp\/v2\/users\/2"}],"replies":[{"embeddable":true,"href":"https:\/\/www.europesays.com\/fr\/wp-json\/wp\/v2\/comments?post=607466"}],"version-history":[{"count":0,"href":"https:\/\/www.europesays.com\/fr\/wp-json\/wp\/v2\/posts\/607466\/revisions"}],"wp:featuredmedia":[{"embeddable":true,"href":"https:\/\/www.europesays.com\/fr\/wp-json\/wp\/v2\/media\/607467"}],"wp:attachment":[{"href":"https:\/\/www.europesays.com\/fr\/wp-json\/wp\/v2\/media?parent=607466"}],"wp:term":[{"taxonomy":"category","embeddable":true,"href":"https:\/\/www.europesays.com\/fr\/wp-json\/wp\/v2\/categories?post=607466"},{"taxonomy":"post_tag","embeddable":true,"href":"https:\/\/www.europesays.com\/fr\/wp-json\/wp\/v2\/tags?post=607466"}],"curies":[{"name":"wp","href":"https:\/\/api.w.org\/{rel}","templated":true}]}}