{"id":607468,"date":"2025-12-18T13:18:14","date_gmt":"2025-12-18T13:18:14","guid":{"rendered":"https:\/\/www.europesays.com\/fr\/607468\/"},"modified":"2025-12-18T13:18:14","modified_gmt":"2025-12-18T13:18:14","slug":"des-hausses-spectaculaires-voici-les-communes-qui-gagnent-le-plus-dhabitants-en-ille-et-vilaine","status":"publish","type":"post","link":"https:\/\/www.europesays.com\/fr\/607468\/","title":{"rendered":"Des hausses spectaculaires\u00a0: voici les communes qui gagnent le plus d\u2019habitants en Ille-et-Vilaine"},"content":{"rendered":"<p>Les derni\u00e8res donn\u00e9es de l\u2019<a href=\"https:\/\/www.letelegramme.fr\/france\/population-ville\/#:~:text=chiffres%20de%20d%C3%A9mographie-,D&#039;apr%C3%A8s%20les%20chiffres%20publi%C3%A9s%20par%20l&#039;Insee%2C%20la,d%C3%A9sormais%20%C3%A0%201%20124%20habitants.\" target=\"_blank\" rel=\"noopener\">Institut national de la statistique et des \u00e9tudes \u00e9conomiques<\/a>, publi\u00e9es ce jeudi 18 d\u00e9cembre, confirment la vitalit\u00e9 d\u00e9mographique de l\u2019Ille-et-Vilaine. Avec une croissance de 5,7 % sur six ans, le d\u00e9partement a gagn\u00e9 plus de 60 000 r\u00e9sidents pour atteindre un total de 1 120 666 habitants lors du recensement de 2023.<\/p>\n<p>Attractivit\u00e9 rennaise<\/p>\n<p>Cette progression, la plus forte parmi tous les d\u00e9partements bretons, est largement port\u00e9e par l\u2019attractivit\u00e9 de Rennes. La capitale r\u00e9gionale demeure la ville la plus peupl\u00e9e de Bretagne avec 230 890 habitants et son influence booste la d\u00e9mographie des villes p\u00e9riph\u00e9riques. Avec des prix de l\u2019immobilier plus bas et des cadres plus ruraux, elles attirent de nombreux m\u00e9nages d\u2019actifs et de jeunes familles.<\/p>\n<p>Cette tendance se traduit par une forte repr\u00e9sentation de Rennes M\u00e9tropole dans le classement des communes ayant connu les plus fortes pouss\u00e9es d\u00e9mographiques entre 2017 et 2023, puisque huit des douze communes les plus dynamiques du d\u00e9partement en font partie.<\/p>\n<p>En t\u00eate de liste, Nouvoitou conna\u00eet une croissance spectaculaire de 26,2 % sur six ans. En passant de 3 099 \u00e0 3 911 habitants, cette commune du sud de Rennes s\u2019impose comme l\u2019un des territoires les plus attractifs de la r\u00e9gion. Dans toute la Bretagne, seules les petites localit\u00e9s que sont l\u2019\u00eele d\u2019Arz (+ 42,7 %), Saint-Gildas de Rhuys (+ 27,2 %), et Beaussais sur Mer (+ 26,5 %) font mieux.<\/p>\n<p>Des d\u00e9fis \u00e0 relever<\/p>\n<p>Sur la seconde marche du podium, on retrouve Saint-Armel qui a vu sa population augmenter de 22,8 % en six ans. Le r\u00e9sultat d\u2019une strat\u00e9gie urbaine lanc\u00e9e au d\u00e9but des ann\u00e9es 2000, avec la livraison r\u00e9cente de lotissements et de ZAC. Une fortement augmentation synonime de nouveaux de d\u00e9fis \u00e0 relever pour l\u2019\u00e9quipe municipale. \u00ab Il va falloir r\u00e9ussir \u00e0 bien absorber toutes les nouvelles arriv\u00e9es \u00bb, nous avait confi\u00e9 la maire Morgane Madiot l\u2019an dernier. \u00ab La principale difficult\u00e9 est financi\u00e8re car il faut porter beaucoup d\u2019investissement \u00bb.<\/p>\n<p>Enfin, la commune de Liffr\u00e9 compl\u00e8te ce podium en affichant une progression de 22,7 %. Elle se distingue en \u00e9tant la seule ville du trio de t\u00eate \u00e0 ne pas appartenir \u00e0 Rennes M\u00e9tropole. En six ans, Liffr\u00e9 a ainsi franchi un cap symbolique en passant de 7 609 \u00e0 9 339 habitants, confirmant son r\u00f4le de moteur au nord-est de l\u2019agglom\u00e9ration rennaise.<\/p>\n","protected":false},"excerpt":{"rendered":"Les derni\u00e8res donn\u00e9es de l\u2019Institut national de la statistique et des \u00e9tudes \u00e9conomiques, publi\u00e9es ce jeudi 18 d\u00e9cembre,&hellip;\n","protected":false},"author":2,"featured_media":607469,"comment_status":"","ping_status":"","sticky":false,"template":"","format":"standard","meta":{"footnotes":""},"categories":[2821],"tags":[1111,11,829,6969,1777,674,1011,27,848,12,584,25],"class_list":{"0":"post-607468","1":"post","2":"type-post","3":"status-publish","4":"format-standard","5":"has-post-thumbnail","7":"category-rennes","8":"tag-actu","9":"tag-actualites","10":"tag-bretagne","11":"tag-demographie","12":"tag-eu","13":"tag-europe","14":"tag-fr","15":"tag-france","16":"tag-ille-et-vilaine","17":"tag-news","18":"tag-rennes","19":"tag-republique-francaise"},"share_on_mastodon":{"url":"https:\/\/pubeurope.com\/@fr\/115740770675523316","error":""},"_links":{"self":[{"href":"https:\/\/www.europesays.com\/fr\/wp-json\/wp\/v2\/posts\/607468","targetHints":{"allow":["GET"]}}],"collection":[{"href":"https:\/\/www.europesays.com\/fr\/wp-json\/wp\/v2\/posts"}],"about":[{"href":"https:\/\/www.europesays.com\/fr\/wp-json\/wp\/v2\/types\/post"}],"author":[{"embeddable":true,"href":"https:\/\/www.europesays.com\/fr\/wp-json\/wp\/v2\/users\/2"}],"replies":[{"embeddable":true,"href":"https:\/\/www.europesays.com\/fr\/wp-json\/wp\/v2\/comments?post=607468"}],"version-history":[{"count":0,"href":"https:\/\/www.europesays.com\/fr\/wp-json\/wp\/v2\/posts\/607468\/revisions"}],"wp:featuredmedia":[{"embeddable":true,"href":"https:\/\/www.europesays.com\/fr\/wp-json\/wp\/v2\/media\/607469"}],"wp:attachment":[{"href":"https:\/\/www.europesays.com\/fr\/wp-json\/wp\/v2\/media?parent=607468"}],"wp:term":[{"taxonomy":"category","embeddable":true,"href":"https:\/\/www.europesays.com\/fr\/wp-json\/wp\/v2\/categories?post=607468"},{"taxonomy":"post_tag","embeddable":true,"href":"https:\/\/www.europesays.com\/fr\/wp-json\/wp\/v2\/tags?post=607468"}],"curies":[{"name":"wp","href":"https:\/\/api.w.org\/{rel}","templated":true}]}}