{"id":607470,"date":"2025-12-18T13:19:29","date_gmt":"2025-12-18T13:19:29","guid":{"rendered":"https:\/\/www.europesays.com\/fr\/607470\/"},"modified":"2025-12-18T13:19:29","modified_gmt":"2025-12-18T13:19:29","slug":"om-rennes-bagarre-generale-pour-un-prodige-marocain","status":"publish","type":"post","link":"https:\/\/www.europesays.com\/fr\/607470\/","title":{"rendered":"OM, Rennes, bagarre g\u00e9n\u00e9rale pour un prodige marocain"},"content":{"rendered":"<p><b>Malgr\u00e9 un potentiel certain, Reda Belahyane ne parvient pas \u00e0 s\u2019imposer \u00e0 la Lazio Rome. L\u2019international marocain est dans le viseur de plusieurs clubs europ\u00e9ens dont l\u2019OM et le Stade Rennais.<\/b><\/p>\n<p>Vendu par Nice au Hellas V\u00e9rone en janvier 2024, Reda Belahyane a fait du chemin en S\u00e9rie A. L\u2019international marocain (1 s\u00e9lection) a r\u00e9alis\u00e9 douze mois de qualit\u00e9 avant de signer \u00e0 la Lazio Rome pour 9,5 millions d\u2019euros. Un deal qui ressemblait \u00e0 une op\u00e9ration gagnant-gagnant mais pour l\u2019instant, le joueur de 21 ans peine \u00e0 s\u2019imposer sous les ordres de Maurizio Sarri. C\u2019est peu de le dire puisqu\u2019il n\u2019a pour l\u2019instant d\u00e9but\u00e9 aucun match de S\u00e9rie A en 2025-2026.<\/p>\n<\/p>\n<p>Un d\u00e9but de saison difficile pour Reda Belahyane, qui pourrait faire ses valises au mois de janvier, en qu\u00eate d\u2019un temps de jeu plus important ailleurs. En S\u00e9rie A, sa cote reste belle puisque le C\u00f4me de Cesc Fabregas est int\u00e9ress\u00e9 par son profil comme nous l\u2019apprend Africa Foot. Mais le site sp\u00e9cialis\u00e9 explique que par ailleurs, deux autres clubs sont sur les rangs et ils se situent\u2026 en France. En effet, l\u2019Olympique de Marseille ainsi que le Stade Rennais suivent \u00e9galement de pr\u00e8s la situation de Reda Belahyane dans l\u2019optique du mercato hivernal.<\/p>\n<p>Reda Belahyane int\u00e9resse l&rsquo;OM et Rennes<\/p>\n<p>Roberto De Zerbi ne dirait pas non \u00e0 l\u2019arriv\u00e9e d\u2019un joueur au profil plus technique que ce dont il dispose au sein de son effectif. Un pr\u00eat avec option d\u2019achat du joueur marocain pourrait \u00eatre int\u00e9ressant pour Marseille, bien que les solutions ne manquent pas pour le technicien italien dans ce secteur de jeu avec Hojbjerg, Kondogbia, Vermeeren, O\u2019Riley, Bakola ou encore Nadir. De son c\u00f4t\u00e9, Habib Beye ne cracherait pas non plus sur un joueur de ce profil.<\/p>\n<p><img decoding=\"async\" src=\"https:\/\/www.europesays.com\/fr\/wp-content\/uploads\/2025\/12\/37591402.png\" alt=\"R. Belahyane\" class=\"w-16 h-16 object-cover rounded-full\"\/><\/p>\n<p>R. Belahyane<\/p>\n<p><img decoding=\"async\" src=\"https:\/\/www.europesays.com\/fr\/wp-content\/uploads\/2025\/09\/fr.png\" alt=\"France\" class=\"w-6 h-4 object-cover\"\/>France \u2022 \u00c2ge 21 \u2022 MilieuL\u2019entra\u00eeneur du Stade Rennais a aussi des solutions au milieu avec Fofana, Ciss\u00e9 ou encore Rongier et Camara. Mais le coach breton aimerait \u00e9toffer son effectif et suit Reda Belahyane de longue date. Reste \u00e0 voir si la Lazio se d\u00e9cidera de mani\u00e8re d\u00e9finitive \u00e0 se s\u00e9parer de l\u2019international marocain et si tel \u00e9tait le cas, quel serait le club qui parviendrait \u00e0 rafler la mise. L\u2019OM et <a href=\"https:\/\/www.foot01.com\/rennes\" title=\"Rennes\" target=\"_blank\" rel=\"noopener\">Rennes<\/a> ont en tout cas pris la temp\u00e9rature pour offrir une porte de sortie au natif d\u2019Aubervilliers.<\/p>\n","protected":false},"excerpt":{"rendered":"Malgr\u00e9 un potentiel certain, Reda Belahyane ne parvient pas \u00e0 s\u2019imposer \u00e0 la Lazio Rome. L\u2019international marocain est&hellip;\n","protected":false},"author":2,"featured_media":607471,"comment_status":"","ping_status":"","sticky":false,"template":"","format":"standard","meta":{"footnotes":""},"categories":[2821],"tags":[1111,11,829,1777,674,1011,27,1434,12,149,584,25],"class_list":{"0":"post-607470","1":"post","2":"type-post","3":"status-publish","4":"format-standard","5":"has-post-thumbnail","7":"category-rennes","8":"tag-actu","9":"tag-actualites","10":"tag-bretagne","11":"tag-eu","12":"tag-europe","13":"tag-fr","14":"tag-france","15":"tag-mercato","16":"tag-news","17":"tag-om","18":"tag-rennes","19":"tag-republique-francaise"},"share_on_mastodon":{"url":"https:\/\/pubeurope.com\/@fr\/115740775684814514","error":""},"_links":{"self":[{"href":"https:\/\/www.europesays.com\/fr\/wp-json\/wp\/v2\/posts\/607470","targetHints":{"allow":["GET"]}}],"collection":[{"href":"https:\/\/www.europesays.com\/fr\/wp-json\/wp\/v2\/posts"}],"about":[{"href":"https:\/\/www.europesays.com\/fr\/wp-json\/wp\/v2\/types\/post"}],"author":[{"embeddable":true,"href":"https:\/\/www.europesays.com\/fr\/wp-json\/wp\/v2\/users\/2"}],"replies":[{"embeddable":true,"href":"https:\/\/www.europesays.com\/fr\/wp-json\/wp\/v2\/comments?post=607470"}],"version-history":[{"count":0,"href":"https:\/\/www.europesays.com\/fr\/wp-json\/wp\/v2\/posts\/607470\/revisions"}],"wp:featuredmedia":[{"embeddable":true,"href":"https:\/\/www.europesays.com\/fr\/wp-json\/wp\/v2\/media\/607471"}],"wp:attachment":[{"href":"https:\/\/www.europesays.com\/fr\/wp-json\/wp\/v2\/media?parent=607470"}],"wp:term":[{"taxonomy":"category","embeddable":true,"href":"https:\/\/www.europesays.com\/fr\/wp-json\/wp\/v2\/categories?post=607470"},{"taxonomy":"post_tag","embeddable":true,"href":"https:\/\/www.europesays.com\/fr\/wp-json\/wp\/v2\/tags?post=607470"}],"curies":[{"name":"wp","href":"https:\/\/api.w.org\/{rel}","templated":true}]}}