{"id":607480,"date":"2025-12-18T13:24:19","date_gmt":"2025-12-18T13:24:19","guid":{"rendered":"https:\/\/www.europesays.com\/fr\/607480\/"},"modified":"2025-12-18T13:24:19","modified_gmt":"2025-12-18T13:24:19","slug":"ils-denoncent-les-politiques-dausterite-budgetaire-de-la-region-pays-de-la-loire","status":"publish","type":"post","link":"https:\/\/www.europesays.com\/fr\/607480\/","title":{"rendered":"Ils d\u00e9noncent \u00ab les politiques d\u2019aust\u00e9rit\u00e9 budg\u00e9taire \u00bb de la R\u00e9gion Pays de la Loire"},"content":{"rendered":"<p>Ce jeudi 18 d\u00e9cembre 2025, une intersyndicale r\u00e9unissant la F\u00e9d\u00e9ration nationale et r\u00e9gionale des arts de la rue en Pays de la Loire, le Syndicat des cirques et compagnies de cr\u00e9ation, le Syndicat national des arts vivants, le Syndicat national des entreprises artistiques et culturelles, la Sc\u00e8ne ensemble, organisation professionnelle des arts de la repr\u00e9sentation, le Syndicat des musiques actuelles et l\u2019Union r\u00e9gionale f\u00e9d\u00e9rale CGT-Spectacle des Pays de la Loire a r\u00e9agi aux politiques d\u2019aust\u00e9rit\u00e9 budg\u00e9taire de la R\u00e9gion et dress\u00e9 <a href=\"https:\/\/nantes.maville.com\/actu\/actudet_-coupes-budgetaires-des-pays-de-la-loire.-pres-de-3-000-manifestants-mobilises-a-nantes-_8-6567873_actu.Htm\" target=\"_self\" rel=\"noopener\">le bilan des impacts des coupes r\u00e9gionales dans le budget 2025.<\/a><\/p>\n<p>Il y a un an, l\u2019adoption du budget r\u00e9gional a entra\u00een\u00e9 des coupes drastiques dans de nombreux secteurs. Ces mesures ont eu des r\u00e9percussions sur l\u2019ensemble du territoire. Les cons\u00e9quences ont \u00e9t\u00e9 particuli\u00e8rement n\u00e9fastes : destruction d\u2019emplois, affaiblissement de l\u2019action des acteurs et actrices associatifs, impact n\u00e9gatif sur l\u2019\u00e9conomie sociale et solidaire, l\u2019\u00e9galit\u00e9 femmes\/hommes, la lutte contre les violences faitesaux femmes, le soutien \u00e0 l\u2019emploi des jeunes, la culture, l\u2019agriculture, les sports, et bien d\u2019autres domaines.<\/p>\n<p>\u00ab Les premi\u00e8res victimes de ces coupes sont les Lig\u00e9riens \u00bb<\/p>\n<p>L\u2019intersyndicale rappelle que <strong> les premi\u00e8res victimes de ces coupes sont les Lig\u00e9riens<\/strong>. L\u2019in\u00e9galit\u00e9 d\u2019acc\u00e8s \u00e0 de nombreux droits et services s\u2019accentue sur nos territoires, mena\u00e7ant leur coh\u00e9rence et engendrant de la souffrance.<\/p>\n<p>Les organisations appelaient \u00e0 un rassemblement devant l\u2019h\u00f4tel de  R\u00e9gion \u00e0 Nantes, alors que le budget 2026 de la R\u00e9gion est soumis au vote ce jeudi 18 d\u00e9cembre.<\/p>\n<p>Nous tenons \u00e0 souligner la valeur de notre travail, dont nous sommes fiers. Contrairement \u00e0 la pr\u00e9sidente de R\u00e9gion des Pays-de-la-Loire, qui consid\u00e8re avoir acquis une stature nationale apr\u00e8s son coup d\u2019\u00e9clat de d\u00e9cembre dernier, nous restons engag\u00e9s aupr\u00e8s de la population,  attach\u00e9s \u00e0 notre territoire et d\u00e9termin\u00e9s \u00e0 d\u00e9fendre l\u2019id\u00e9e d\u2019une r\u00e9gion plus \u00e9galitaire et plus juste pour tous les Lig\u00e9riens et Lig\u00e9riennes. <\/p>\n<p>\u00a0<\/p>\n","protected":false},"excerpt":{"rendered":"Ce jeudi 18 d\u00e9cembre 2025, une intersyndicale r\u00e9unissant la F\u00e9d\u00e9ration nationale et r\u00e9gionale des arts de la rue&hellip;\n","protected":false},"author":2,"featured_media":607481,"comment_status":"","ping_status":"","sticky":false,"template":"","format":"standard","meta":{"footnotes":""},"categories":[2818],"tags":[1111,11,9301,18059,15785,1777,674,1011,27,3367,766,12,5457,2636,11480,16,25],"class_list":{"0":"post-607480","1":"post","2":"type-post","3":"status-publish","4":"format-standard","5":"has-post-thumbnail","7":"category-nantes","8":"tag-actu","9":"tag-actualites","10":"tag-austerite","11":"tag-budgetaire","12":"tag-denoncent","13":"tag-eu","14":"tag-europe","15":"tag-fr","16":"tag-france","17":"tag-loire","18":"tag-nantes","19":"tag-news","20":"tag-pays","21":"tag-pays-de-la-loire","22":"tag-politiques","23":"tag-region","24":"tag-republique-francaise"},"share_on_mastodon":{"url":"https:\/\/pubeurope.com\/@fr\/115740794061324793","error":""},"_links":{"self":[{"href":"https:\/\/www.europesays.com\/fr\/wp-json\/wp\/v2\/posts\/607480","targetHints":{"allow":["GET"]}}],"collection":[{"href":"https:\/\/www.europesays.com\/fr\/wp-json\/wp\/v2\/posts"}],"about":[{"href":"https:\/\/www.europesays.com\/fr\/wp-json\/wp\/v2\/types\/post"}],"author":[{"embeddable":true,"href":"https:\/\/www.europesays.com\/fr\/wp-json\/wp\/v2\/users\/2"}],"replies":[{"embeddable":true,"href":"https:\/\/www.europesays.com\/fr\/wp-json\/wp\/v2\/comments?post=607480"}],"version-history":[{"count":0,"href":"https:\/\/www.europesays.com\/fr\/wp-json\/wp\/v2\/posts\/607480\/revisions"}],"wp:featuredmedia":[{"embeddable":true,"href":"https:\/\/www.europesays.com\/fr\/wp-json\/wp\/v2\/media\/607481"}],"wp:attachment":[{"href":"https:\/\/www.europesays.com\/fr\/wp-json\/wp\/v2\/media?parent=607480"}],"wp:term":[{"taxonomy":"category","embeddable":true,"href":"https:\/\/www.europesays.com\/fr\/wp-json\/wp\/v2\/categories?post=607480"},{"taxonomy":"post_tag","embeddable":true,"href":"https:\/\/www.europesays.com\/fr\/wp-json\/wp\/v2\/tags?post=607480"}],"curies":[{"name":"wp","href":"https:\/\/api.w.org\/{rel}","templated":true}]}}