{"id":607497,"date":"2025-12-18T13:33:15","date_gmt":"2025-12-18T13:33:15","guid":{"rendered":"https:\/\/www.europesays.com\/fr\/607497\/"},"modified":"2025-12-18T13:33:15","modified_gmt":"2025-12-18T13:33:15","slug":"la-ville-de-marseille-se-positionne-pour-racheter-les-locaux-des-galeries-lafayette","status":"publish","type":"post","link":"https:\/\/www.europesays.com\/fr\/607497\/","title":{"rendered":"La Ville de Marseille se positionne pour racheter les locaux des Galeries Lafayette"},"content":{"rendered":"<p>Le conseil municipal de Marseille a vot\u00e9 jeudi pour un principe d&rsquo;acquisition des anciens locaux des Galeries Lafayette, situ\u00e9 pr\u00e8s du Vieux-Port avec pour projet de les transformer en \u00ab\u00a0une philharmonie des enfants et un centre de la mer et des sciences\u00a0\u00bb.<\/p>\n<p>Fin novembre, en raison de pertes r\u00e9currentes sur plusieurs ann\u00e9es, les Galeries Lafayette ont ferm\u00e9 leurs deux magasins marseillais install\u00e9s dans les galeries marchandes \u00ab\u00a0Centre Bourse\u00a0\u00bb, entre le Vieux-Port et gare Saint-Charles, et au \u00ab\u00a0Prado Shopping\u00a0\u00bb, pr\u00e8s du stade V\u00e9lodrome.<\/p>\n<p>L&rsquo;avenir des 20.000 m2 des Galeries Lafayette du Centre Bourse est devenu un enjeu de la revitalisation du centre-ville et des prochaines \u00e9lections municipales.<\/p>\n<p><a href=\"https:\/\/maritima.fr\/actualites\/economie\/marseille\/9958\/exclusif-benoit-payan-annonce-le-rachat-des-galeries-lafayette-centre-bourse-par-la-ville-de-marseille\" target=\"_blank\" rel=\"noopener\">Comme annonc\u00e9 mi-novembre en exclusivit\u00e9 sur maritima<\/a>, le maire divers gauche de Marseille<a href=\"https:\/\/maritima.fr\/actualites\/politique\/marseille\/9956\/galeries-lafayette-narchomicides-le-maire-de-marseille-benoit-payan-se-livre-dans-rue-de-la-republique\" target=\"_blank\" rel=\"noopener\"> Benoit Payan<\/a>, qui ne s&rsquo;est pas officiellement d\u00e9clar\u00e9 candidat \u00e0 sa succession, souhaite transformer les locaux en un p\u00f4le culturel, scientifique et de loisirs d&rsquo;envergure nationale.<\/p>\n<p>\u00ab\u00a0En faire un lieu avec une philharmonie des enfants et un centre de la mer et des sciences qui va permettre de faire rayonner la ville\u00a0\u00bb, a pr\u00e9cis\u00e9 M. Payan lors du conseil municipal vendredi. Selon lui, le co\u00fbt d&rsquo;acquisition sera de \u00ab\u00a0moins de 50 millions d&rsquo;euros\u00a0\u00bb.<\/p>\n<p>En attendant la finalisation de l&rsquo;achat pour lequel la mairie est prioritaire, et le lancement de l&rsquo;\u00e9tude de projet, la ville va lancer un appel d&rsquo;offres pour un usage transitoire.<\/p>\n<p>Pour les \u00e9lus d&rsquo;opposition, la municipalit\u00e9 est responsable de l'\u00a0\u00bbins\u00e9curit\u00e9\u00a0\u00bb et de l\u00a0\u00bb\u00e9chec politique\u00a0\u00bb du centre-ville.<\/p>\n<p>Candidate \u00e0 la t\u00eate de la deuxi\u00e8me ville de France, la pr\u00e9sidente divers droite de la m\u00e9tropole Aix-Marseille-Provence Martine Vassal a lanc\u00e9 une consultation en ligne pour d\u00e9cider de l&rsquo;avenir du Centre Bourse avec notamment comme proposition l&rsquo;ouverture d&rsquo;une \u00e9cole de cuisine, une maison de l&rsquo;enfant ou encore un parc urbain.<\/p>\n<p>A Paris, la maire socialiste de Paris Anne Hidalgo a propos\u00e9 mardi de racheter les murs du BHV, en cas de d\u00e9part de son exploitant, dans la tourmente depuis l&rsquo;arriv\u00e9e de Shein, pour transformer le grand magasin en un \u00ab\u00a0beau lieu mixte\u00a0\u00bb au coeur du Marais.<\/p>\n<p>\u00a0<\/p>\n<p>avec \u00a9 Agence France-Presse<\/p>\n","protected":false},"excerpt":{"rendered":"Le conseil municipal de Marseille a vot\u00e9 jeudi pour un principe d&rsquo;acquisition des anciens locaux des Galeries Lafayette,&hellip;\n","protected":false},"author":2,"featured_media":607498,"comment_status":"","ping_status":"","sticky":false,"template":"","format":"standard","meta":{"footnotes":""},"categories":[2814],"tags":[1111,11,6469,1777,674,1011,27,71873,884,12,882,25],"class_list":{"0":"post-607497","1":"post","2":"type-post","3":"status-publish","4":"format-standard","5":"has-post-thumbnail","7":"category-marseille","8":"tag-actu","9":"tag-actualites","10":"tag-benoit-payan","11":"tag-eu","12":"tag-europe","13":"tag-fr","14":"tag-france","15":"tag-galerie-lafayette","16":"tag-marseille","17":"tag-news","18":"tag-provence-alpes-cote-dazur","19":"tag-republique-francaise"},"share_on_mastodon":{"url":"https:\/\/pubeurope.com\/@fr\/115740829864269205","error":""},"_links":{"self":[{"href":"https:\/\/www.europesays.com\/fr\/wp-json\/wp\/v2\/posts\/607497","targetHints":{"allow":["GET"]}}],"collection":[{"href":"https:\/\/www.europesays.com\/fr\/wp-json\/wp\/v2\/posts"}],"about":[{"href":"https:\/\/www.europesays.com\/fr\/wp-json\/wp\/v2\/types\/post"}],"author":[{"embeddable":true,"href":"https:\/\/www.europesays.com\/fr\/wp-json\/wp\/v2\/users\/2"}],"replies":[{"embeddable":true,"href":"https:\/\/www.europesays.com\/fr\/wp-json\/wp\/v2\/comments?post=607497"}],"version-history":[{"count":0,"href":"https:\/\/www.europesays.com\/fr\/wp-json\/wp\/v2\/posts\/607497\/revisions"}],"wp:featuredmedia":[{"embeddable":true,"href":"https:\/\/www.europesays.com\/fr\/wp-json\/wp\/v2\/media\/607498"}],"wp:attachment":[{"href":"https:\/\/www.europesays.com\/fr\/wp-json\/wp\/v2\/media?parent=607497"}],"wp:term":[{"taxonomy":"category","embeddable":true,"href":"https:\/\/www.europesays.com\/fr\/wp-json\/wp\/v2\/categories?post=607497"},{"taxonomy":"post_tag","embeddable":true,"href":"https:\/\/www.europesays.com\/fr\/wp-json\/wp\/v2\/tags?post=607497"}],"curies":[{"name":"wp","href":"https:\/\/api.w.org\/{rel}","templated":true}]}}