{"id":607501,"date":"2025-12-18T13:35:15","date_gmt":"2025-12-18T13:35:15","guid":{"rendered":"https:\/\/www.europesays.com\/fr\/607501\/"},"modified":"2025-12-18T13:35:15","modified_gmt":"2025-12-18T13:35:15","slug":"le-budget-2026-de-gregory-doucet-a-lepreuve-des-municipales","status":"publish","type":"post","link":"https:\/\/www.europesays.com\/fr\/607501\/","title":{"rendered":"le budget 2026 de Gr\u00e9gory Doucet \u00e0 l\u2019\u00e9preuve des Municipales"},"content":{"rendered":"<p>C\u2019est \u00ab\u00a0le cr\u00e9puscule du dernier mandat pour le climat\u00a0\u00bb. La formule revient \u00e0 B\u00e9atrice Gailliout, conseill\u00e8re d\u2019opposition (groupe progressistes et r\u00e9publicains), \u00e0 l\u2019heure ce jeudi, en conseil municipal, de voter le budget primitif 2026 pour la ville de Lyon. Le dernier du mandat, donc, alors que dans trois mois, les Lyonnais se rendront aux urnes pour d\u00e9cider de la suite.<\/p>\n<p>Gr\u00e9gory Doucet, dans le fauteuil de maire depuis 2020, et candidat &#8211; de l\u2019union de la gauche et des \u00e9cologistes &#8211; pour y rester, se projette dans la continuit\u00e9. Ce nouveau budget est \u00ab\u00a0de bon augure pour le mandat suivant\u00a0\u00bb, dit-il avant d\u2019ajouter\u00a0: \u00ab\u00a0Malgr\u00e9 les oiseaux de mauvais augure qui nous promettaient le d\u00e9clin de la ville, nous pr\u00e9sentons un budget qui a du sens et porte une vision du territoire. On peut \u00eatre fier collectivement de maintenir un haut niveau d\u2019engagement en pr\u00e9servant les grands&#8230;<\/p>\n","protected":false},"excerpt":{"rendered":"C\u2019est \u00ab\u00a0le cr\u00e9puscule du dernier mandat pour le climat\u00a0\u00bb. La formule revient \u00e0 B\u00e9atrice Gailliout, conseill\u00e8re d\u2019opposition (groupe&hellip;\n","protected":false},"author":2,"featured_media":607502,"comment_status":"","ping_status":"","sticky":false,"template":"","format":"standard","meta":{"footnotes":""},"categories":[1889],"tags":[1111,11,2430,1984,2757,4188,1777,674,1011,27,2428,2756,12,316,25],"class_list":{"0":"post-607501","1":"post","2":"type-post","3":"status-publish","4":"format-standard","5":"has-post-thumbnail","7":"category-lyon","8":"tag-actu","9":"tag-actualites","10":"tag-auvergne-rhone-alpes","11":"tag-conseil-municipal","12":"tag-edition-lyon-villeurbanne","13":"tag-elections-municipales","14":"tag-eu","15":"tag-europe","16":"tag-fr","17":"tag-france","18":"tag-lyon","19":"tag-lyon-bassin","20":"tag-news","21":"tag-politique","22":"tag-republique-francaise"},"share_on_mastodon":{"url":"https:\/\/pubeurope.com\/@fr\/115740837356925044","error":""},"_links":{"self":[{"href":"https:\/\/www.europesays.com\/fr\/wp-json\/wp\/v2\/posts\/607501","targetHints":{"allow":["GET"]}}],"collection":[{"href":"https:\/\/www.europesays.com\/fr\/wp-json\/wp\/v2\/posts"}],"about":[{"href":"https:\/\/www.europesays.com\/fr\/wp-json\/wp\/v2\/types\/post"}],"author":[{"embeddable":true,"href":"https:\/\/www.europesays.com\/fr\/wp-json\/wp\/v2\/users\/2"}],"replies":[{"embeddable":true,"href":"https:\/\/www.europesays.com\/fr\/wp-json\/wp\/v2\/comments?post=607501"}],"version-history":[{"count":0,"href":"https:\/\/www.europesays.com\/fr\/wp-json\/wp\/v2\/posts\/607501\/revisions"}],"wp:featuredmedia":[{"embeddable":true,"href":"https:\/\/www.europesays.com\/fr\/wp-json\/wp\/v2\/media\/607502"}],"wp:attachment":[{"href":"https:\/\/www.europesays.com\/fr\/wp-json\/wp\/v2\/media?parent=607501"}],"wp:term":[{"taxonomy":"category","embeddable":true,"href":"https:\/\/www.europesays.com\/fr\/wp-json\/wp\/v2\/categories?post=607501"},{"taxonomy":"post_tag","embeddable":true,"href":"https:\/\/www.europesays.com\/fr\/wp-json\/wp\/v2\/tags?post=607501"}],"curies":[{"name":"wp","href":"https:\/\/api.w.org\/{rel}","templated":true}]}}