{"id":607507,"date":"2025-12-18T13:39:17","date_gmt":"2025-12-18T13:39:17","guid":{"rendered":"https:\/\/www.europesays.com\/fr\/607507\/"},"modified":"2025-12-18T13:39:17","modified_gmt":"2025-12-18T13:39:17","slug":"paris-le-corps-dun-homme-repeche-dans-la-seine-a-hauteur-du-pont-neuf","status":"publish","type":"post","link":"https:\/\/www.europesays.com\/fr\/607507\/","title":{"rendered":"Paris : le corps d&rsquo;un homme rep\u00each\u00e9 dans la Seine \u00e0 hauteur du Pont Neuf"},"content":{"rendered":"<ul class=\"jsx-862013697 ArticleChapo__List\">\n<li class=\"jsx-862013697 ArticleChapo__List_Item flex\">Le corps d&rsquo;un homme a \u00e9t\u00e9 rep\u00e9r\u00e9 mercredi dans la Seine par un promeneur.<\/li>\n<li class=\"jsx-862013697 ArticleChapo__List_Item flex\">La victime, d\u00e9c\u00e9d\u00e9e, a \u00e9t\u00e9 sortie de l&rsquo;eau par les secours.<\/li>\n<li class=\"jsx-862013697 ArticleChapo__List_Item flex\">Une enqu\u00eate en \u00ab\u00a0recherches des causes de la mort\u00a0\u00bb a \u00e9t\u00e9 ouverte par le parquet de Paris.<\/li>\n<\/ul>\n<p data-module=\"article-paragraph\" class=\"jsx-157965717 Paragraph\">C&rsquo;est un passant qui a alert\u00e9 les secours, mercredi. Vers 14 h, ce t\u00e9moin a aper\u00e7u dans la Seine un objet flottant s&rsquo;apparentant \u00e0 un corps humain dans la Seine \u00e0 hauteur du Pont Neuf, a appris TF1info de source proche du dossier confirmant une information du <a href=\"https:\/\/www.lefigaro.fr\/faits-divers\/paris-le-corps-d-un-homme-ampute-retrouve-dans-la-seine-enquete-ouverte-pour-determiner-les-causes-du-deces-20251218\" target=\"_blank\" rel=\"nofollow noopener\">Figaro (nouvelle fen\u00eatre)<\/a>.\u00a0<\/p>\n<p data-module=\"article-paragraph\" class=\"jsx-157965717 Paragraph Paragraph__End\">Sortie de l&rsquo;eau par les professionnels, la victime, qui \u00e9tait d\u00e9c\u00e9d\u00e9e, semble avoir s\u00e9journ\u00e9 plusieurs jours au moins dans le fleuve. Il s&rsquo;agit d&rsquo;un homme.<\/p>\n<p>Une enqu\u00eate ouverte en \u00ab\u00a0recherches des causes de la mort\u00a0\u00bb<\/p>\n<p data-module=\"article-paragraph\" class=\"jsx-157965717 Paragraph\">Selon une source polici\u00e8re cit\u00e9e par le quotidien, le d\u00e9funt est \u00ab\u00a0de type africain, seulement v\u00eatu d&rsquo;un cale\u00e7on, pr\u00e9sente une main amput\u00e9e et deux impacts au niveau du thorax\u00a0\u00bb.<\/p>\n<p data-module=\"article-paragraph\" class=\"jsx-157965717 Paragraph Paragraph__End\">Une autre source contact\u00e9e par TF1info appelle \u00e0 la prudence quant \u00e0 ces derni\u00e8res informations, pr\u00e9cisant que \u00ab\u00a0les marques sur un corps rep\u00each\u00e9 peuvent \u00eatre li\u00e9es \u00e0 son parcours dans la Seine et au choc parfois brutal avec des obstacles immerg\u00e9s\u00a0\u00bb.\u00a0<\/p>\n<p><a href=\"https:\/\/www.tf1info.fr\/justice-faits-divers\/vienne-un-adolescent-de-14-ans-disparait-lors-d-une-baignade-son-corps-repeche-ce-mardi-a-poitiers-2367817.html\" rel=\"noopener\" class=\"jsx-3308031228 Link flex\" target=\"_blank\"><img decoding=\"async\" src=\"https:\/\/www.europesays.com\/fr\/wp-content\/uploads\/2025\/12\/pompiers-illustration-aurelie-sarrot-1-5e3361-0@1x.jpeg\" alt=\"Aur\u00e9lie Sarrot\" loading=\"lazy\" importance=\"low\" fetchpriority=\"low\" class=\"\" aria-hidden=\"true\"\/><\/p>\n<p class=\"jsx-3657663356 ReadMoreArticle__Title\">Lire aussi<\/p>\n<p class=\"jsx-3657663356\">Vienne : un adolescent de 14 ans disparait lors d&rsquo;une baignade, son corps rep\u00each\u00e9 ce mardi<\/p>\n<p><\/a><\/p>\n<p data-module=\"article-paragraph\" class=\"jsx-157965717 Paragraph Paragraph__End\">Une enqu\u00eate en \u00ab\u00a0recherches des causes de la mort\u00a0\u00bb a \u00e9t\u00e9 ouverte par le parquet de Paris. Elle a \u00e9t\u00e9 confi\u00e9e au commissariat des 5\u1d49 et 6\u1d49 arrondissements. Le corps de la victime doit \u00eatre autopsi\u00e9.<\/p>\n<p>A.S<\/p>\n","protected":false},"excerpt":{"rendered":"Le corps d&rsquo;un homme a \u00e9t\u00e9 rep\u00e9r\u00e9 mercredi dans la Seine par un promeneur. La victime, d\u00e9c\u00e9d\u00e9e, a&hellip;\n","protected":false},"author":2,"featured_media":607508,"comment_status":"","ping_status":"","sticky":false,"template":"","format":"standard","meta":{"footnotes":""},"categories":[1888],"tags":[1111,1928,11,1927,1921,1777,674,6017,1011,27,1922,303,2954,12,1926,626,1925,1072,25,133,2953],"class_list":{"0":"post-607507","1":"post","2":"type-post","3":"status-publish","4":"format-standard","5":"has-post-thumbnail","7":"category-paris","8":"tag-actu","9":"tag-actu-paris","10":"tag-actualites","11":"tag-actualites-paris","12":"tag-article-video","13":"tag-eu","14":"tag-europe","15":"tag-fait-divers","16":"tag-fr","17":"tag-france","18":"tag-info","19":"tag-justice","20":"tag-justice-et-faits-divers","21":"tag-news","22":"tag-news-paris","23":"tag-paris","24":"tag-paris-news","25":"tag-police","26":"tag-republique-francaise","27":"tag-video","28":"tag-video-police"},"share_on_mastodon":{"url":"https:\/\/pubeurope.com\/@fr\/115740853978624890","error":""},"_links":{"self":[{"href":"https:\/\/www.europesays.com\/fr\/wp-json\/wp\/v2\/posts\/607507","targetHints":{"allow":["GET"]}}],"collection":[{"href":"https:\/\/www.europesays.com\/fr\/wp-json\/wp\/v2\/posts"}],"about":[{"href":"https:\/\/www.europesays.com\/fr\/wp-json\/wp\/v2\/types\/post"}],"author":[{"embeddable":true,"href":"https:\/\/www.europesays.com\/fr\/wp-json\/wp\/v2\/users\/2"}],"replies":[{"embeddable":true,"href":"https:\/\/www.europesays.com\/fr\/wp-json\/wp\/v2\/comments?post=607507"}],"version-history":[{"count":0,"href":"https:\/\/www.europesays.com\/fr\/wp-json\/wp\/v2\/posts\/607507\/revisions"}],"wp:featuredmedia":[{"embeddable":true,"href":"https:\/\/www.europesays.com\/fr\/wp-json\/wp\/v2\/media\/607508"}],"wp:attachment":[{"href":"https:\/\/www.europesays.com\/fr\/wp-json\/wp\/v2\/media?parent=607507"}],"wp:term":[{"taxonomy":"category","embeddable":true,"href":"https:\/\/www.europesays.com\/fr\/wp-json\/wp\/v2\/categories?post=607507"},{"taxonomy":"post_tag","embeddable":true,"href":"https:\/\/www.europesays.com\/fr\/wp-json\/wp\/v2\/tags?post=607507"}],"curies":[{"name":"wp","href":"https:\/\/api.w.org\/{rel}","templated":true}]}}