{"id":607509,"date":"2025-12-18T13:40:13","date_gmt":"2025-12-18T13:40:13","guid":{"rendered":"https:\/\/www.europesays.com\/fr\/607509\/"},"modified":"2025-12-18T13:40:13","modified_gmt":"2025-12-18T13:40:13","slug":"paris-le-corps-dun-homme-mutile-retrouve-dans-la-seine-une-enquete-ouverte","status":"publish","type":"post","link":"https:\/\/www.europesays.com\/fr\/607509\/","title":{"rendered":"Paris\u00a0: le corps d\u2019un homme mutil\u00e9 retrouv\u00e9 dans la Seine, une enqu\u00eate ouverte"},"content":{"rendered":"<p>Mercredi 17\u00a0d\u00e9cembre 2025, vers 14\u00a0h, le corps d\u2019un homme mutil\u00e9 a \u00e9t\u00e9 retrouv\u00e9 dans la Seine, \u00e0 <a href=\"https:\/\/.maville.com\/\/\" target=\"_blank\" rel=\"noopener\">Paris<\/a>, a appris Ouest-France de source polici\u00e8re, confirmant une information de nos confr\u00e8res du  <a href=\"https:\/\/www.lefigaro.fr\/faits-divers\/paris-le-corps-d-un-homme-ampute-retrouve-dans-la-seine-enquete-ouverte-pour-determiner-les-causes-du-deces-20251218\" rel=\"nofollow noopener\" target=\"_blank\">Figaro<\/a> .\u00a0Retrouv\u00e9 \u00e0 hauteur du Pont Neuf, dans le VIe\u00a0arrondissement de Paris, le corps de l\u2019homme portait <strong>\u00ab\u00a0des traces suspectes\u00a0\u00bb<\/strong> sur le torse.<\/p>\n<p>Immerg\u00e9 depuis plusieurs semaines, le corps a \u00e9t\u00e9 transf\u00e9r\u00e9 \u00e0 l\u2019Institut m\u00e9dico-l\u00e9gal pour autopsie. Selon Le Figaro, la victime serait un homme <strong>\u00ab\u00a0de type africain, seulement v\u00eatue d\u2019un cale\u00e7on, pr\u00e9sent [ant] une main amput\u00e9e et deux impacts au niveau du thorax\u00a0\u00bb<\/strong>.<\/p>\n<p>Les marques sur son corps peuvent \u00eatre li\u00e9es \u00e0 son parcours dans la Seine<\/p>\n<p>Un officier de police judiciaire se serait ensuite rendu sur place pour proc\u00e9der aux constatations d\u2019usage. Une enqu\u00eate\u00a0a \u00e9t\u00e9 ouverte et confi\u00e9e au commissariat des Ve\u00a0et VIe\u00a0arrondissements, pr\u00e9cise le parquet de Paris.\u00a0Les investigations doivent permettre de comprendre l\u2019origine des l\u00e9sions relev\u00e9es sur le corps de la victime et de dire<strong> \u00ab\u00a0si elles sont compatibles avec une intervention d\u2019un tiers\u00a0\u00bb<\/strong>.<\/p>\n<p>Comme nous l\u2019indique une source polici\u00e8re, prudence est de mise car les marques sur son corps peuvent \u00eatre li\u00e9es \u00e0 son parcours dans la Seine et \u00e0 sa rencontre <strong>\u00ab\u00a0parfois brutale\u00a0\u00bb<\/strong> avec des obstacles.<\/p>\n<p>\u00a0<\/p>\n","protected":false},"excerpt":{"rendered":"Mercredi 17\u00a0d\u00e9cembre 2025, vers 14\u00a0h, le corps d\u2019un homme mutil\u00e9 a \u00e9t\u00e9 retrouv\u00e9 dans la Seine, \u00e0 Paris,&hellip;\n","protected":false},"author":2,"featured_media":607510,"comment_status":"","ping_status":"","sticky":false,"template":"","format":"standard","meta":{"footnotes":""},"categories":[1888],"tags":[11,6725,1067,1777,674,1011,27,4933,2047,71874,12,12884,626,25,4256,13527],"class_list":{"0":"post-607509","1":"post","2":"type-post","3":"status-publish","4":"format-standard","5":"has-post-thumbnail","7":"category-paris","8":"tag-actualites","9":"tag-corps","10":"tag-enquete","11":"tag-eu","12":"tag-europe","13":"tag-fr","14":"tag-france","15":"tag-homme","16":"tag-mans","17":"tag-mutile","18":"tag-news","19":"tag-ouverte","20":"tag-paris","21":"tag-republique-francaise","22":"tag-retrouve","23":"tag-seine"},"share_on_mastodon":{"url":"https:\/\/pubeurope.com\/@fr\/115740857272114934","error":""},"_links":{"self":[{"href":"https:\/\/www.europesays.com\/fr\/wp-json\/wp\/v2\/posts\/607509","targetHints":{"allow":["GET"]}}],"collection":[{"href":"https:\/\/www.europesays.com\/fr\/wp-json\/wp\/v2\/posts"}],"about":[{"href":"https:\/\/www.europesays.com\/fr\/wp-json\/wp\/v2\/types\/post"}],"author":[{"embeddable":true,"href":"https:\/\/www.europesays.com\/fr\/wp-json\/wp\/v2\/users\/2"}],"replies":[{"embeddable":true,"href":"https:\/\/www.europesays.com\/fr\/wp-json\/wp\/v2\/comments?post=607509"}],"version-history":[{"count":0,"href":"https:\/\/www.europesays.com\/fr\/wp-json\/wp\/v2\/posts\/607509\/revisions"}],"wp:featuredmedia":[{"embeddable":true,"href":"https:\/\/www.europesays.com\/fr\/wp-json\/wp\/v2\/media\/607510"}],"wp:attachment":[{"href":"https:\/\/www.europesays.com\/fr\/wp-json\/wp\/v2\/media?parent=607509"}],"wp:term":[{"taxonomy":"category","embeddable":true,"href":"https:\/\/www.europesays.com\/fr\/wp-json\/wp\/v2\/categories?post=607509"},{"taxonomy":"post_tag","embeddable":true,"href":"https:\/\/www.europesays.com\/fr\/wp-json\/wp\/v2\/tags?post=607509"}],"curies":[{"name":"wp","href":"https:\/\/api.w.org\/{rel}","templated":true}]}}