{"id":607515,"date":"2025-12-18T13:43:16","date_gmt":"2025-12-18T13:43:16","guid":{"rendered":"https:\/\/www.europesays.com\/fr\/607515\/"},"modified":"2025-12-18T13:43:16","modified_gmt":"2025-12-18T13:43:16","slug":"guerre-en-ukraine-la-belgique-soppose-fermement-a-lutilisation-des-avoirs-russes-geles-pour-financer-leffort-ukrainien","status":"publish","type":"post","link":"https:\/\/www.europesays.com\/fr\/607515\/","title":{"rendered":"Guerre en Ukraine: la Belgique s&rsquo;oppose fermement \u00e0 l&rsquo;utilisation des avoirs russes gel\u00e9s pour financer l&rsquo;effort ukrainien"},"content":{"rendered":"<p>La Belgique refuse d&rsquo;\u00eatre \u00ab\u00a0seule\u00a0\u00bb \u00e0 assumer les risques d&rsquo;un pr\u00eat de l&rsquo;UE \u00e0 l&rsquo;Ukraine s&rsquo;appuyant sur les avoirs russes gel\u00e9s sur son territoire, a r\u00e9affirm\u00e9 jeudi le Premier ministre belge Bart De Wever, avant un sommet de l&rsquo;<a href=\"https:\/\/www.geo.fr\/geopolitique\/l-utilisation-des-avoirs-russes-geles-pour-financer-l-ukraine-tourne-au-casse-tete-juridique-pour-l-europe-229862\" target=\"_blank\" rel=\"noopener\">UE<\/a> centr\u00e9 sur cette question.<\/p>\n<p>\u00ab\u00a0On a besoin d&rsquo;un parachute avant de sauter. Si on nous demande de sauter, on saute tous ensemble\u00a0\u00bb, a-t-il d\u00e9clar\u00e9 en exigeant des garanties de la part de tous les autres \u00c9tats membres de l&rsquo;UE pour partager le risque en cas de probl\u00e8me.<\/p>\n<p>La Belgique redoute des repr\u00e9sailles \u00e9conomiques et juridiques de la part de la <a href=\"https:\/\/www.geo.fr\/geopolitique\/guerre-en-ukraine-la-russie-pourrait-bientot-ne-plus-pouvoir-payer-ses-soldats-228896\" target=\"_blank\" rel=\"noopener\">Russie<\/a>. L&rsquo;essentiel des avoirs de la banque centrale russe <a href=\"https:\/\/www.geo.fr\/geopolitique\/l-ue-veut-utiliser-les-140-milliards-d-euros-russes-geles-pour-aider-l-ukraine-la-belgique-craint-des-represailles-de-la-russie-229816\" target=\"_blank\" rel=\"noopener\">gel\u00e9s<\/a> en Europe est h\u00e9berg\u00e9 chez Euroclear, institution financi\u00e8re bas\u00e9e \u00e0 Bruxelles.<\/p>\n<p>R\u00e9sultat: les vis\u00e9es de la Commission europ\u00e9enne pour aider l&rsquo;<a href=\"https:\/\/www.geo.fr\/geopolitique\/ukraine-les-chars-monstres-russes-face-aux-drones-fpv-de-lukraine-229185\" target=\"_blank\" rel=\"noopener\">Ukraine<\/a> en guerre via un tel \u00ab\u00a0pr\u00eat de r\u00e9paration\u00a0\u00bb, adoss\u00e9 sur ces avoirs russes, se heurtent depuis des semaines \u00e0 l&rsquo;opposition de la Belgique.<\/p>\n<p>Pas de garanties suffisantes pour la Belgique<\/p>\n<p>\u00ab\u00a0La Belgique continue \u00e0 demander que l&rsquo;Union europ\u00e9enne et non la <a href=\"https:\/\/www.geo.fr\/environnement\/pour-lutter-contre-erosion-cotiere-la-belgique-se-tourne-vers-un-recif-de-moules-ostende-217709\" target=\"_blank\" rel=\"noopener\">Belgique<\/a> seule, assume la pleine responsabilit\u00e9 financi\u00e8re pour l&rsquo;ensemble du risque, qui reste inconnu \u00e0 ce jour\u00a0\u00bb, a lanc\u00e9 Bart De Wever jeudi matin.<\/p>\n<p>Il s&rsquo;exprimait au Parlement f\u00e9d\u00e9ral belge juste avant de se rendre \u00e0 un sommet des chefs d&rsquo;\u00c9tat et de gouvernement de l&rsquo;UE, o\u00f9 ce th\u00e8me de l&rsquo;aide \u00e0 l&rsquo;<a href=\"https:\/\/www.geo.fr\/geopolitique\/en-mer-noire-les-navires-commerciaux-sont-desormais-des-cibles-pour-la-russie-comme-pour-l-ukraine-230045\" target=\"_blank\" rel=\"noopener\">Ukraine<\/a> est le plus gros sujet au menu des discussions.<\/p>\n<p>\u00ab\u00a0Pour \u00eatre clair, je n&rsquo;ai jamais vu un texte qui pourrait me s\u00e9duire et marquer l&rsquo;accord de la Belgique\u00a0\u00bb, a dit le conservateur flamand. \u00ab\u00a0J&rsquo;esp\u00e8re peut-\u00eatre le voir aujourd&rsquo;hui, mais je ne l&rsquo;ai pas encore vu\u00a0\u00bb, a-t-il insist\u00e9.<\/p>\n","protected":false},"excerpt":{"rendered":"La Belgique refuse d&rsquo;\u00eatre \u00ab\u00a0seule\u00a0\u00bb \u00e0 assumer les risques d&rsquo;un pr\u00eat de l&rsquo;UE \u00e0 l&rsquo;Ukraine s&rsquo;appuyant sur les&hellip;\n","protected":false},"author":2,"featured_media":607516,"comment_status":"","ping_status":"","sticky":false,"template":"","format":"standard","meta":{"footnotes":""},"categories":[1590],"tags":[10714,11,1777,674,131,12,7185,220,2475],"class_list":{"0":"post-607515","1":"post","2":"type-post","3":"status-publish","4":"format-standard","5":"has-post-thumbnail","7":"category-ukraine","8":"tag-actu-russie","9":"tag-actualites","10":"tag-eu","11":"tag-europe","12":"tag-guerre-en-ukraine","13":"tag-news","14":"tag-sanctions","15":"tag-ukraine","16":"tag-union-europu00e9enne"},"share_on_mastodon":{"url":"https:\/\/pubeurope.com\/@fr\/115740868908234005","error":""},"_links":{"self":[{"href":"https:\/\/www.europesays.com\/fr\/wp-json\/wp\/v2\/posts\/607515","targetHints":{"allow":["GET"]}}],"collection":[{"href":"https:\/\/www.europesays.com\/fr\/wp-json\/wp\/v2\/posts"}],"about":[{"href":"https:\/\/www.europesays.com\/fr\/wp-json\/wp\/v2\/types\/post"}],"author":[{"embeddable":true,"href":"https:\/\/www.europesays.com\/fr\/wp-json\/wp\/v2\/users\/2"}],"replies":[{"embeddable":true,"href":"https:\/\/www.europesays.com\/fr\/wp-json\/wp\/v2\/comments?post=607515"}],"version-history":[{"count":0,"href":"https:\/\/www.europesays.com\/fr\/wp-json\/wp\/v2\/posts\/607515\/revisions"}],"wp:featuredmedia":[{"embeddable":true,"href":"https:\/\/www.europesays.com\/fr\/wp-json\/wp\/v2\/media\/607516"}],"wp:attachment":[{"href":"https:\/\/www.europesays.com\/fr\/wp-json\/wp\/v2\/media?parent=607515"}],"wp:term":[{"taxonomy":"category","embeddable":true,"href":"https:\/\/www.europesays.com\/fr\/wp-json\/wp\/v2\/categories?post=607515"},{"taxonomy":"post_tag","embeddable":true,"href":"https:\/\/www.europesays.com\/fr\/wp-json\/wp\/v2\/tags?post=607515"}],"curies":[{"name":"wp","href":"https:\/\/api.w.org\/{rel}","templated":true}]}}