{"id":607517,"date":"2025-12-18T13:44:31","date_gmt":"2025-12-18T13:44:31","guid":{"rendered":"https:\/\/www.europesays.com\/fr\/607517\/"},"modified":"2025-12-18T13:44:31","modified_gmt":"2025-12-18T13:44:31","slug":"handicap-mental-et-peine-de-mort-au-prisme-du-qi","status":"publish","type":"post","link":"https:\/\/www.europesays.com\/fr\/607517\/","title":{"rendered":"handicap mental et peine de mort au prisme du QI"},"content":{"rendered":"<p style=\"font-style: italic\" itemprop=\"description\">\u00c0 quel niveau de quotient intellectuel un condamn\u00e9 doit-il \u00eatre consid\u00e9r\u00e9 comme handicap\u00e9 mental et donc \u00e9chapper \u00e0 l&rsquo;ex\u00e9cution ? Telle est la question de vie ou de mort dont ont d\u00e9battu le 10 d\u00e9cembre 2025 les 9 juges de la Cour supr\u00eame am\u00e9ricaine.<\/p>\n<p>Dans un arr\u00eat marquant de 2002, la Cour supr\u00eame des \u00c9tats-Unis a conclu que le Huiti\u00e8me amendement de la Constitution qui prohibe \u00ab tout ch\u00e2timent cruel et inhabituel \u00bb interdisait l&rsquo;ex\u00e9cution d&rsquo;un condamn\u00e9 en situation de d\u00e9ficience mentale. Mais elle a laiss\u00e9 \u00e0 chaque \u00c9tat la discr\u00e9tion d&rsquo;\u00e9tablir les crit\u00e8res pour d\u00e9terminer le seuil de ce handicap. Un grand nombre d&rsquo;entre eux ont ainsi fix\u00e9 la limite \u00e0 70 points ou moins de quotient intellectuel (QI).<\/p>\n<p><strong>Le cas de l&rsquo;Alabama au c\u0153ur du d\u00e9bat<\/strong><\/p>\n<p>En Alabama (sud), Joseph Smith a vu sa peine capitale pour un meurtre commis en 1997 annul\u00e9e par un tribunal f\u00e9d\u00e9ral puis une cour d&rsquo;appel, bien que cinq tests aient \u00e9tabli son quotient intellectuel entre 72 et 78. Ces juridictions ont tenu compte, pour le d\u00e9clarer handicap\u00e9 cognitif, \u00e0 la fois de l&rsquo;in\u00e9vitable marge d&rsquo;erreur des tests de QI et de t\u00e9moignages d&rsquo;experts sur ses capacit\u00e9s cognitives, notamment son niveau scolaire.<\/p>\n<p><strong>Des r\u00e9sultats variables aux tests de QI<\/strong><\/p>\n<p>Les juges de la Cour supr\u00eame se sont longuement interrog\u00e9s, le 10 d\u00e9cembre 2025, sur la fiabilit\u00e9 et l&rsquo;interpr\u00e9tation de multiples tests de QI aux r\u00e9sultats parfois variables. Le repr\u00e9sentant de l&rsquo;Alabama, Robert Overing, leur a demand\u00e9 de s&rsquo;en remettre \u00e0 la d\u00e9cision du jury qui l&rsquo;a condamn\u00e9 sur la base de son score de 72, le plus bas des cinq qu&rsquo;il a obtenus, soit \u00ab le plus en sa faveur \u00bb. \u00ab Et ce qu&rsquo;il s&rsquo;est pass\u00e9 pendant les d\u00e9cennies suivantes n&rsquo;a fait que confirmer ce que le jury savait d\u00e9j\u00e0, \u00e0 savoir qu&rsquo;il n&rsquo;est pas handicap\u00e9 mentalement \u00bb, a-t-il assur\u00e9.<\/p>\n<p><strong>Le handicap ne se r\u00e9sume pas \u00e0 un test<\/strong><\/p>\n<p>Mais une des trois juges progressistes, Ketanji Brown Jackson, lui a reproch\u00e9 de \u00ab modifier les crit\u00e8res \u00bb d&rsquo;\u00e9valuation du handicap cognitif pour \u00ab tout faire reposer sur les tests de QI \u00bb. Le handicap cognitif ne peut pas se r\u00e9duire aux \u00ab r\u00e9sultats de tests de QI \u00bb parce que c&rsquo;est un \u00e9tat m\u00e9dical, \u00ab pas un r\u00e9sultat de test \u00bb, a \u00e9galement plaid\u00e9 l&rsquo;avocat du condamn\u00e9, Seth Waxman. Il a exhort\u00e9 la Cour supr\u00eame \u00e0 ne pas \u00ab \u00e9dicter une r\u00e8gle contraignante \u00bb qui interdirait aux \u00c9tats de prendre en compte \u00ab des \u00e9l\u00e9ments que ces \u00c9tats et la communaut\u00e9 m\u00e9dicale consid\u00e8rent comme probants en mati\u00e8re de facult\u00e9s cognitives \u00bb.<\/p>\n<p><strong>Vers une jurisprudence unifi\u00e9e ?<\/strong><\/p>\n<p>Mais plusieurs des juges conservateurs ont paru d\u00e9sireux de parvenir \u00e0 une r\u00e8gle \u00ab g\u00e9n\u00e9rale \u00bb pour qu&rsquo;un condamn\u00e9 puisse invoquer la d\u00e9ficience mentale. Cette solution pr\u00e9senterait l&rsquo;avantage d&rsquo;apporter \u00ab davantage de coh\u00e9rence et de pr\u00e9visibilit\u00e9, un des principes cardinaux de la jurisprudence de la Cour supr\u00eame en mati\u00e8re de peine capitale \u00bb, a ainsi estim\u00e9 l&rsquo;un d&rsquo;entre eux, Samuel Alito. La d\u00e9cision de la Cour est attendue d&rsquo;ici le terme de sa session annuelle, fin juin.<\/p>\n<p>\u00a9 RDNE Stock project de\u00a0Pexels<\/p>\n<p>\u00ab Tous droits de reproduction et de repr\u00e9sentation r\u00e9serv\u00e9s.\u00a9 (2025) Agence France-Presse.Toutes les informations reproduites sur cette page sont prot\u00e9g\u00e9es par des droits de propri\u00e9t\u00e9 intellectuelle d\u00e9tenus par l&rsquo;AFP. Par cons\u00e9quent, aucune de ces informations ne peut \u00eatre reproduite, modifi\u00e9e, rediffus\u00e9e, traduite, exploit\u00e9e commercialement ou r\u00e9utilis\u00e9e de quelque mani\u00e8re que ce soit sans l&rsquo;accord pr\u00e9alable \u00e9crit de l&rsquo;AFP. L&rsquo;AFP ne pourra \u00eatre tenue pour responsable des d\u00e9lais, erreurs, omissions qui ne peuvent \u00eatre exclus, ni des cons\u00e9quences des actions ou transactions effectu\u00e9es sur la base de ces informations \u00bb.<\/p>\n","protected":false},"excerpt":{"rendered":"\u00c0 quel niveau de quotient intellectuel un condamn\u00e9 doit-il \u00eatre consid\u00e9r\u00e9 comme handicap\u00e9 mental et donc \u00e9chapper \u00e0&hellip;\n","protected":false},"author":2,"featured_media":607518,"comment_status":"","ping_status":"","sticky":false,"template":"","format":"standard","meta":{"footnotes":""},"categories":[1589],"tags":[11,10658,73,1866,71875,12,942,806,71876,1864,1865,1863,308],"class_list":{"0":"post-607517","1":"post","2":"type-post","3":"status-publish","4":"format-standard","5":"has-post-thumbnail","7":"category-etats-unis","8":"tag-actualites","9":"tag-cour-supreme","10":"tag-etats-unis","11":"tag-etats-unis-damerique","12":"tag-handicap-mental","13":"tag-news","14":"tag-peine-de-mort","15":"tag-prison","16":"tag-qi","17":"tag-united-states","18":"tag-united-states-of-america","19":"tag-us","20":"tag-usa"},"share_on_mastodon":{"url":"https:\/\/pubeurope.com\/@fr\/115740873932560202","error":""},"_links":{"self":[{"href":"https:\/\/www.europesays.com\/fr\/wp-json\/wp\/v2\/posts\/607517","targetHints":{"allow":["GET"]}}],"collection":[{"href":"https:\/\/www.europesays.com\/fr\/wp-json\/wp\/v2\/posts"}],"about":[{"href":"https:\/\/www.europesays.com\/fr\/wp-json\/wp\/v2\/types\/post"}],"author":[{"embeddable":true,"href":"https:\/\/www.europesays.com\/fr\/wp-json\/wp\/v2\/users\/2"}],"replies":[{"embeddable":true,"href":"https:\/\/www.europesays.com\/fr\/wp-json\/wp\/v2\/comments?post=607517"}],"version-history":[{"count":0,"href":"https:\/\/www.europesays.com\/fr\/wp-json\/wp\/v2\/posts\/607517\/revisions"}],"wp:featuredmedia":[{"embeddable":true,"href":"https:\/\/www.europesays.com\/fr\/wp-json\/wp\/v2\/media\/607518"}],"wp:attachment":[{"href":"https:\/\/www.europesays.com\/fr\/wp-json\/wp\/v2\/media?parent=607517"}],"wp:term":[{"taxonomy":"category","embeddable":true,"href":"https:\/\/www.europesays.com\/fr\/wp-json\/wp\/v2\/categories?post=607517"},{"taxonomy":"post_tag","embeddable":true,"href":"https:\/\/www.europesays.com\/fr\/wp-json\/wp\/v2\/tags?post=607517"}],"curies":[{"name":"wp","href":"https:\/\/api.w.org\/{rel}","templated":true}]}}