{"id":607519,"date":"2025-12-18T13:45:22","date_gmt":"2025-12-18T13:45:22","guid":{"rendered":"https:\/\/www.europesays.com\/fr\/607519\/"},"modified":"2025-12-18T13:45:22","modified_gmt":"2025-12-18T13:45:22","slug":"le-royaume-uni-espere-voir-des-progres-dans-les-prochains-mois","status":"publish","type":"post","link":"https:\/\/www.europesays.com\/fr\/607519\/","title":{"rendered":"le Royaume-Uni esp\u00e8re voir des progr\u00e8s dans les prochains mois"},"content":{"rendered":"<p>\t\t <br class=\"texte clear\" \/><\/p>\n<p>\t\t <br class=\"texte clear\" \/><\/p>\n<p>R\u00e9dig\u00e9 par L&rsquo;Opinion  Jeudi 18 D\u00e9cembre 2025<\/p>\n<p>\t\t\t\t Le Royaume-Uni esp\u00e8re voir des progr\u00e8s dans le processus politique sur le Sahara dans les mois \u00e0 venir. D\u00e9tails. <\/p>\n<p>\t\t <br class=\"texte clear\" \/><\/p>\n<p>\t\t <br id=\"sep_para_1\" class=\"sep_para access\" \/><\/p>\n<p>\t\t\t\t <a href=\"https:\/\/www.lopinion.ma\/javascript:void(0)\" rel=\"https:\/\/www.europesays.com\/fr\/wp-content\/uploads\/2025\/12\/93263924-65229502.jpg&amp;ibox noopener\" title=\"Sahara : le Royaume-Uni esp\u00e8re voir des progr\u00e8s dans les prochains mois\" target=\"_blank\"><img decoding=\"async\" class=\"responsive\" style=\"display:none\" src=\"https:\/\/www.europesays.com\/fr\/wp-content\/uploads\/2025\/12\/93263924-65229502.jpg\" alt=\"Sahara : le Royaume-Uni esp\u00e8re voir des progr\u00e8s dans les prochains mois\" title=\"Sahara : le Royaume-Uni esp\u00e8re voir des progr\u00e8s dans les prochains mois\" \/><br \/>\n<img decoding=\"async\" class=\"not-responsive\" src=\"https:\/\/www.europesays.com\/fr\/wp-content\/uploads\/2025\/12\/1766065522_238_93263924-65229502.jpg\" alt=\"Sahara : le Royaume-Uni esp\u00e8re voir des progr\u00e8s dans les prochains mois\" title=\"Sahara : le Royaume-Uni esp\u00e8re voir des progr\u00e8s dans les prochains mois\" width=\"688\" \/><\/a><\/p>\n<p>\t\t\t\t\t Align\u00e9 sur le plan d&rsquo;autonomie sous souverainet\u00e9 marocaine, le Royaume-Uni juge qu&rsquo;il essentiel de\u00a0mettre fin au conflit du Sahara. <a class=\"liens\" href=\"https:\/\/www.theyworkforyou.com\/debates\/?id=2025-12-16b.767.0\" target=\"_blank\" rel=\"noopener\">Dans une correspondance\u00a0parlementaire<\/a>, le Sous-secr\u00e9taire aux Affaires \u00e9trang\u00e8res,\u00a0Hamish Falconer, a fait savoir que Londres esp\u00e8re voir des progr\u00e8s dans les mois \u00e0 venir. <\/p>\n<p>\u00ab\u00a0<\/p>\n<p>L\u2019envoy\u00e9 sp\u00e9cial des Nations Unies, M. Mistura, garde toute notre confiance. Il \u0153uvre activement pour faire progresser les pourparlers. Il est essentiel de tenter de mettre un terme \u00e0 ce conflit de longue date, qui constitue un obstacle \u00e0 une plus grande unit\u00e9 en Afrique du Nord\u00a0\u00bb, a-t-il \u00e9crit au d\u00e9put\u00e9 conservateur Andrew Murrison qui\u00a0\u00a0a appel\u00e9 le gouvernement britannique \u00e0 tirer b\u00e9n\u00e9fice de la position favorable de la Grande Bretagne \u00e0 la marocanit\u00e9 du Sahara pour stimuler le commerce entre les deux pays. <\/p>\n<p>Apr\u00e8s un long suspens, Londres\u00a0a fini par soutenir le plan d&rsquo;autonomie comme la base la plus cr\u00e9dible lors de la visite du chef de la diplomatie britannique David Lammy au Maroc. Le Royaume-Uni a confirm\u00e9 sa position en votant pour la r\u00e9solution 2797 qui a consacr\u00e9 l&rsquo;initiative marocaine\u00a0comme unique cadre de n\u00e9gociation d&rsquo;une future solution.\u00a0 <\/p>\n<p>\u00a0<\/p>\n<p>\t\t <br class=\"texte clear\" \/><\/p>\n<p>\t\t <\/p>\n","protected":false},"excerpt":{"rendered":"R\u00e9dig\u00e9 par L&rsquo;Opinion Jeudi 18 D\u00e9cembre 2025 Le Royaume-Uni esp\u00e8re voir des progr\u00e8s dans le processus politique sur&hellip;\n","protected":false},"author":2,"featured_media":607520,"comment_status":"","ping_status":"","sticky":false,"template":"","format":"standard","meta":{"footnotes":""},"categories":[1588],"tags":[11,5024,5025,5026,258,5028,1659,5029,5027,251,33,2518,1283,1777,674,1757,1393,985,12,316,473,1853,104,517,5030,1851,1850,1852],"class_list":{"0":"post-607519","1":"post","2":"type-post","3":"status-publish","4":"format-standard","5":"has-post-thumbnail","7":"category-royaume-uni","8":"tag-actualites","9":"tag-actualites-et-infos-au-maroc","10":"tag-actualites-et-infos-mondiale","11":"tag-actualites-marocaines-du-jour","12":"tag-alimentation","13":"tag-analyses","14":"tag-art-de-vivre","15":"tag-chronique","16":"tag-consommation-et-bien-etre","17":"tag-culture","18":"tag-economie","19":"tag-edito","20":"tag-etudes","21":"tag-eu","22":"tag-europe","23":"tag-insolite","24":"tag-loisirs","25":"tag-mode","26":"tag-news","27":"tag-politique","28":"tag-royaume-uni","29":"tag-royaume-uni-de-grande-bretagne-et-dirlande-du-nord","30":"tag-societe","31":"tag-sport","32":"tag-tribune","33":"tag-uk","34":"tag-united-kingdom","35":"tag-united-kingdom-of-great-britain-and-northern-ireland"},"share_on_mastodon":{"url":"https:\/\/pubeurope.com\/@fr\/115740877681675501","error":""},"_links":{"self":[{"href":"https:\/\/www.europesays.com\/fr\/wp-json\/wp\/v2\/posts\/607519","targetHints":{"allow":["GET"]}}],"collection":[{"href":"https:\/\/www.europesays.com\/fr\/wp-json\/wp\/v2\/posts"}],"about":[{"href":"https:\/\/www.europesays.com\/fr\/wp-json\/wp\/v2\/types\/post"}],"author":[{"embeddable":true,"href":"https:\/\/www.europesays.com\/fr\/wp-json\/wp\/v2\/users\/2"}],"replies":[{"embeddable":true,"href":"https:\/\/www.europesays.com\/fr\/wp-json\/wp\/v2\/comments?post=607519"}],"version-history":[{"count":0,"href":"https:\/\/www.europesays.com\/fr\/wp-json\/wp\/v2\/posts\/607519\/revisions"}],"wp:featuredmedia":[{"embeddable":true,"href":"https:\/\/www.europesays.com\/fr\/wp-json\/wp\/v2\/media\/607520"}],"wp:attachment":[{"href":"https:\/\/www.europesays.com\/fr\/wp-json\/wp\/v2\/media?parent=607519"}],"wp:term":[{"taxonomy":"category","embeddable":true,"href":"https:\/\/www.europesays.com\/fr\/wp-json\/wp\/v2\/categories?post=607519"},{"taxonomy":"post_tag","embeddable":true,"href":"https:\/\/www.europesays.com\/fr\/wp-json\/wp\/v2\/tags?post=607519"}],"curies":[{"name":"wp","href":"https:\/\/api.w.org\/{rel}","templated":true}]}}