{"id":607523,"date":"2025-12-18T13:47:15","date_gmt":"2025-12-18T13:47:15","guid":{"rendered":"https:\/\/www.europesays.com\/fr\/607523\/"},"modified":"2025-12-18T13:47:15","modified_gmt":"2025-12-18T13:47:15","slug":"les-peages-rembourses-en-cas-dembouteillages-litalie-pionniere-en-europe","status":"publish","type":"post","link":"https:\/\/www.europesays.com\/fr\/607523\/","title":{"rendered":"Les p\u00e9ages rembours\u00e9s en cas d&#8217;embouteillages ? L&rsquo;Italie, pionni\u00e8re en Europe"},"content":{"rendered":"<p>Qui ne s\u2019est jamais retrouv\u00e9 coinc\u00e9 dans un embouteillage apr\u00e8s avoir <a href=\"https:\/\/www.capital.fr\/auto\/vacances-emprunter-les-nationales-plutot-que-les-autoroutes-fait-il-vraiment-economiser-1516723\" target=\"_blank\" rel=\"noopener\">emprunt\u00e9 l\u2019autoroute<\/a> pour gagner du temps ? Chantiers, pics de circulation ou grands d\u00e9parts en vacances, <a href=\"https:\/\/www.capital.fr\/auto\/route-des-vacances-comment-waze-vous-aide-a-eviter-les-bouchons-1516774\" target=\"_blank\" rel=\"noopener\">les bouchons<\/a> sont monnaie courante. En moyenne, un automobiliste fran\u00e7ais perd pr\u00e8s de <strong>50 heures par an<\/strong> sur les autoroutes, soit plus de deux jours \u00e0 patienter avant que le trafic ne se fluidifie. Et quelle que soit la dur\u00e9e du trajet, <a href=\"https:\/\/www.capital.fr\/auto\/tarifs-des-autoroutes-2026-decouvrez-combien-vous-devrez-payer-aux-peages-1521364\" target=\"_blank\" rel=\"noopener\">le prix du p\u00e9age<\/a> reste inchang\u00e9.<\/p>\n<p>Mais cette r\u00e8gle va \u00e9voluer en Italie. A partir du <strong>1\u1d49\u02b3 juin 2026<\/strong>, Rome va imposer <strong>un syst\u00e8me de d\u00e9dommagement<\/strong> pour les automobilistes subissant un service d\u00e9grad\u00e9 sur les autoroutes transalpines, a annonc\u00e9 l\u2019Autorit\u00e0 di Regolazione dei Trasporti (ART), rapporte <a href=\"https:\/\/www.tf1info.fr\/transports\/video-premiere-europeenne-l-italie-va-rembourser-le-peage-aux-automobilistes-bloques-dans-les-embouteillages-2413143.html\" rel=\"nofollow noopener\" target=\"_blank\">TF1<\/a>. Pour la premi\u00e8re fois en Europe, les concessionnaires seront oblig\u00e9s de rembourser tout ou partie du p\u00e9age aux usagers retard\u00e9s par des embouteillages ou des chantiers. Pour les retards li\u00e9s \u00e0 des chantiers programm\u00e9s et non urgents sur un axe, le remboursement sera <strong>automatique<\/strong> pour tous les trajets de<strong> moins de 30 km<\/strong>, sans preuve de retard.<\/p>\n<p>Une compensation variable en fonction des perturbations<\/p>\n<p>Entre 30 et 50 km, il sera accord\u00e9 \u00e0 partir de 10 minutes de retard, et d\u00e8s 15 minutes pour les trajets sup\u00e9rieurs \u00e0 50 km. Dans tous les cas, l\u2019indemnit\u00e9 ne pourra exc\u00e9der le montant total du p\u00e9age pay\u00e9. Pour les perturbations de circulation hors chantier, avec un trafic totalement bloqu\u00e9, le remboursement sera proportionnel \u00e0 l\u2019impact subi : 50% du p\u00e9age pour un blocage de 1 \u00e0 2 heures, 75% pour 2 \u00e0 3 heures et <strong>remboursement int\u00e9gral au-del\u00e0 de 3 heures<\/strong>. Seuls les montants sup\u00e9rieurs \u00e0 10 centimes seront \u00e9ligibles.<\/p>\n<p>Pour b\u00e9n\u00e9ficier du remboursement, les automobilistes devront passer par une application nationale unique. Celle-ci fonctionnera d\u00e8s le 1\u1d49\u02b3 juin pour les trajets avec un seul concessionnaire et sera \u00e9tendue au 1\u1d49\u02b3 d\u00e9cembre 2026 pour les parcours impliquant plusieurs op\u00e9rateurs. L\u2019ART pr\u00e9cise que \u00ables concessionnaires sont tenus de mettre en place un syst\u00e8me unique et int\u00e9gr\u00e9 de remboursement des p\u00e9ages facilement accessible \u00e0 toutes les cat\u00e9gories d&rsquo;utilisateurs, de mani\u00e8re non discriminatoire\u00bb. En revanche, les perturbations dues \u00e0 des travaux d\u2019urgence li\u00e9s \u00e0 des<strong> accidents, intemp\u00e9ries ou interventions des secours<\/strong> ne seront pas couvertes par ce m\u00e9canisme.<\/p>\n<p>Une telle mesure pourrait-elle voir le jour en France ? Rien n\u2019est moins s\u00fbr\u2026 \u00abIl n\u2019a jamais \u00e9t\u00e9 imagin\u00e9 pour les soci\u00e9t\u00e9s concessionnaires d\u2019autoroutes en France, un retour en cas de d\u00e9gradation du service rendu. Donc <strong>rien<\/strong> <strong>ne peut les contraindre l\u00e9galement<\/strong> \u00e0 faire cette petite ristourne, sinon le sens commercial\u00bb, explique \u00e0 nos confr\u00e8res Alexandra Legendre, porte-parole de la Ligue de d\u00e9fense des conducteurs.<\/p>\n<p><a class=\"cta ctaInArticle lien-interne medium primary\" target=\"_blank\" href=\"https:\/\/www.capital.fr\/page\/comparateur-assurance-auto\" rel=\"noopener\"><br \/>\n\t\t\t&gt;&gt; Notre service &#8211; Faites des \u00e9conomies en testant notre comparateur d&rsquo;assurances auto\t<\/p>\n<p>\t<\/a><\/p>\n","protected":false},"excerpt":{"rendered":"Qui ne s\u2019est jamais retrouv\u00e9 coinc\u00e9 dans un embouteillage apr\u00e8s avoir emprunt\u00e9 l\u2019autoroute pour gagner du temps ?&hellip;\n","protected":false},"author":2,"featured_media":607524,"comment_status":"","ping_status":"","sticky":false,"template":"","format":"standard","meta":{"footnotes":""},"categories":[1586],"tags":[11,6955,1777,674,1011,27,12,39853,25,2803,6462],"class_list":{"0":"post-607523","1":"post","2":"type-post","3":"status-publish","4":"format-standard","5":"has-post-thumbnail","7":"category-europe","8":"tag-actualites","9":"tag-autoroute","10":"tag-eu","11":"tag-europe","12":"tag-fr","13":"tag-france","14":"tag-news","15":"tag-peage","16":"tag-republique-francaise","17":"tag-transport","18":"tag-vinci"},"share_on_mastodon":{"url":"https:\/\/pubeurope.com\/@fr\/115740884602572968","error":""},"_links":{"self":[{"href":"https:\/\/www.europesays.com\/fr\/wp-json\/wp\/v2\/posts\/607523","targetHints":{"allow":["GET"]}}],"collection":[{"href":"https:\/\/www.europesays.com\/fr\/wp-json\/wp\/v2\/posts"}],"about":[{"href":"https:\/\/www.europesays.com\/fr\/wp-json\/wp\/v2\/types\/post"}],"author":[{"embeddable":true,"href":"https:\/\/www.europesays.com\/fr\/wp-json\/wp\/v2\/users\/2"}],"replies":[{"embeddable":true,"href":"https:\/\/www.europesays.com\/fr\/wp-json\/wp\/v2\/comments?post=607523"}],"version-history":[{"count":0,"href":"https:\/\/www.europesays.com\/fr\/wp-json\/wp\/v2\/posts\/607523\/revisions"}],"wp:featuredmedia":[{"embeddable":true,"href":"https:\/\/www.europesays.com\/fr\/wp-json\/wp\/v2\/media\/607524"}],"wp:attachment":[{"href":"https:\/\/www.europesays.com\/fr\/wp-json\/wp\/v2\/media?parent=607523"}],"wp:term":[{"taxonomy":"category","embeddable":true,"href":"https:\/\/www.europesays.com\/fr\/wp-json\/wp\/v2\/categories?post=607523"},{"taxonomy":"post_tag","embeddable":true,"href":"https:\/\/www.europesays.com\/fr\/wp-json\/wp\/v2\/tags?post=607523"}],"curies":[{"name":"wp","href":"https:\/\/api.w.org\/{rel}","templated":true}]}}