{"id":607531,"date":"2025-12-18T13:51:20","date_gmt":"2025-12-18T13:51:20","guid":{"rendered":"https:\/\/www.europesays.com\/fr\/607531\/"},"modified":"2025-12-18T13:51:20","modified_gmt":"2025-12-18T13:51:20","slug":"direct-commission-denquete-sur-laudiovisuel-public-je-norganise-pas-de-campagnes-clandestines-clame-patrick-cohen","status":"publish","type":"post","link":"https:\/\/www.europesays.com\/fr\/607531\/","title":{"rendered":"DIRECT. Commission d\u2019enqu\u00eate sur l\u2019audiovisuel public : \u00ab\u00a0Je n\u2019organise pas de campagnes clandestines\u00a0\u00bb, clame Patrick Cohen"},"content":{"rendered":"<p>14:43<\/p>\n<p>Reprise des d\u00e9bats<\/p>\n<p>Apr\u00e8s une courte pause d\u00e9jeuner, c\u2019est d\u00e9j\u00e0 l\u2019heure de la reprise pour les d\u00e9put\u00e9s. Premi\u00e8re personne interrog\u00e9e cet apr\u00e8s-midi\u00a0: Patrick Cohen, voix de France Inter et visage de \u00ab\u00a0C \u00e0 vous\u00a0\u00bb sur France 5. Une audition tr\u00e8s attendue, le journaliste de 63 ans ayant \u00e9t\u00e9 avec Thomas Legrand et deux responsables du PS au c\u0153ur de vid\u00e9os pol\u00e9miques rendues publiques en septembre dernier. Tourn\u00e9es \u00e0 leur insu, ces images avaient d\u00e9clench\u00e9 une vague d\u2019accusations en connivences politiques visant les deux journalistes, mais aussi le service public audiovisuel dans son ensemble.<\/p>\n<p>14:30<\/p>\n<p>Mais au fait, c\u2019est quoi une commission d\u2019enqu\u00eate\u00a0?<\/p>\n<p>Une commission d&rsquo;enqu\u00eate est un groupe de travail permettant \u00e0 des parlementaires de l&rsquo;Assembl\u00e9e nationale ou du S\u00e9nat de recueillir des \u00e9l\u00e9ments d&rsquo;information pr\u00e9cis sur des sujets d\u00e9termin\u00e9s, et ce pendant un d\u00e9lai maximal de six mois, et avec pour objectif final la pr\u00e9sentation d&rsquo;un rapport.\u00a0<\/p>\n<p>Leurs investigations peuvent concerner aussi bien la gestion d\u2019un service public, qu\u2019une entreprise nationale\u00a0ou des questions de soci\u00e9t\u00e9. Compos\u00e9es de repr\u00e9sentants de tous les groupes parlementaires \u2013 30 d\u00e9put\u00e9s ou 23 s\u00e9nateurs maximum -, les commissions d\u2019enqu\u00eate disposent de pouvoirs sp\u00e9cifiques comme celui accord\u00e9 au rapporteur (le d\u00e9put\u00e9 r\u00e9digeant le rapport) d\u2019investiguer sur pi\u00e8ces et sur place, mais aussi d\u2019obliger les personnes convoqu\u00e9es \u00e0 se pr\u00e9senter devant eux (droit de citation).<\/p>\n<p>14:24<\/p>\n<p>Qui a d\u00e9j\u00e0 \u00e9t\u00e9 entendu\u00a0?<\/p>\n<p>Les auditions de ce jeudi sont loin d\u2019\u00eatre les premi\u00e8res. Avant Thomas Legrand, Ad\u00e8le Van Reeth ou Patrick Cohen, les d\u00e9put\u00e9s ont interrog\u00e9 longuement la semaine derni\u00e8re la pr\u00e9sidente de France T\u00e9l\u00e9visions,\u00a0<a href=\"https:\/\/www.leparisien.fr\/culture-loisirs\/tv\/cest-une-mascarade-le-depute-aymeric-caron-furieux-face-a-la-patronne-de-france-televisions-10-12-2025-5QCJMVVNEVDHDOCMWTKTBSZEOY.php\" target=\"_blank\" rel=\"noopener\">Delphine Ernotte<\/a>, mais aussi son homologue de Radio France, Sibyle Veil, pas plus tard que ce mercredi 16 d\u00e9cembre.\u00a0<\/p>\n<p>Parmi les autres personnalit\u00e9s convoqu\u00e9es, le pr\u00e9sident de l\u2019Arcom, Martin Ajdari, qui a ouvert le bal le 25 novembre dernier, sans oublier les auteurs d\u2019un r\u00e9cent rapport de la Cour des comptes alarmant sur la situation financi\u00e8re de France T\u00e9l\u00e9visions.<\/p>\n<p>14:09<\/p>\n<p>Charles Alloncle, le d\u00e9put\u00e9 qui voudrait crever l\u2019\u00e9cran<\/p>\n<p><img decoding=\"async\" src=\"https:\/\/www.europesays.com\/fr\/wp-content\/uploads\/2025\/12\/MYNEVXABQRGCVIK4K6HMPJLRBE.jpg\"\/>Charles Alloncle (STEPHANE DE SAKUTIN \/ AFP)<\/p>\n<p>\u00c0 32 ans, Charles Alloncle est en train de se faire une petite notori\u00e9t\u00e9 sur le dos de l\u2019audiovisuel public, dont il est accus\u00e9 de vouloir la peau. Le d\u00e9put\u00e9 ciottiste (alli\u00e9 du RN) de l\u2019H\u00e9rault est sous les projecteurs depuis le lancement, fin novembre, de la commission d\u2019enqu\u00eate sur l&rsquo;audiovisuel public. Une mission lanc\u00e9e \u00e0 l\u2019initiative d\u2019Eric Ciotti<a href=\"https:\/\/www.leparisien.fr\/politique\/eric-ciotti\/\" target=\"_blank\" rel=\"noopener\"> <\/a>et de son parti l\u2019UDR, dont le jeune \u00e9lu est le rapporteur. <a href=\"https:\/\/www.leparisien.fr\/politique\/commission-denquete-sur-laudiovisuel-public-charles-alloncle-le-depute-udr-qui-voudrait-crever-lecran-18-12-2025-4BUN3F3E35HCHFL7QVKUP4RHFI.php\" target=\"_blank\" rel=\"noopener\">Voici son portrait<\/a>.<br \/>\u00a0<\/p>\n<p>13:40<\/p>\n<p>Pause d\u00e9jeuner avant l&rsquo;audition de Patrick Cohen<\/p>\n<p>C\u2019est l\u2019heure de la pause d\u00e9jeuner. Apr\u00e8s deux heures d\u2019audition, le pr\u00e9sident de la commission d\u2019enqu\u00eate, J\u00e9r\u00e9mie Patrier-Leitus, l\u00e8ve la s\u00e9ance. \u00ab\u00a0Seul regret, c\u2019est que nous ayons manqu\u00e9 le 12\/13 de France 3 Normandie\u00a0\u00bb, blague ce d\u00e9put\u00e9 du Calvados. Reprise des d\u00e9bats attendue \u00e0 14h30. Ce sera alors au tour du journaliste et chroniqueur de France Inter Patrick Cohen de s\u2019asseoir dans le fauteuil de l\u2019auditionn\u00e9. \u00a0\u00a0<\/p>\n<p>13:38<\/p>\n<p>\u00ab\u00a0La probit\u00e9, l\u2019int\u00e9grit\u00e9, c\u2019est ce que j\u2019ai de plus cher \u00bb<\/p>\n<p>L\u2019ambiance se fait plus solennelle quand Charles Alloncle aborde une subvention de 7 000 euros accord\u00e9e en 2016 \u2013 St\u00e9phane Sitbon-Gomez \u00e9tait alors d\u00e9j\u00e0 salari\u00e9 de France T\u00e9l\u00e9visions &#8211; par le groupe public \u00e0 une association de lutte contre les violences faites aux femmes dont la compagne de St\u00e9phane Sitbon-Gomez \u00e9tait \u00ab\u00a0pr\u00e9sidente\u00a0\u00bb. \u00a0<\/p>\n<p>\u00ab Vous savez, Monsieur le rapporteur, votre question, elle me touche beaucoup\u00a0\u00bb, commence par r\u00e9pondre l&rsquo;actuel num\u00e9ro 2 de France T\u00e9l\u00e9visions au sujet de \u00ab\u00a0cette mise en cause de sa vie priv\u00e9e\u00a0\u00bb. \u00ab\u00a0La probit\u00e9, l\u2019int\u00e9grit\u00e9, c\u2019est ce que j\u2019ai de plus cher. C\u2019est ma maman qui m\u2019a transmis ces valeurs et m\u2019a appris que l\u2019honneur d\u2019un homme, c\u2019est ce qu\u2019il a de plus pr\u00e9cieux\u00a0\u00bb, ajoute le dirigeant de l\u2019audiovisuel public sur un ton qui tranche avec celui du reste des d\u00e9bats.\u00a0<\/p>\n<p>Sur le fond, le num\u00e9ro 2 de France T\u00e9l\u00e9visions pr\u00e9cise ensuite qu\u2019il ignorait l\u2019existence de cette subvention et que sa compagne \u00e9tait \u00ab\u00a0\u00e0 l\u2019\u00e9poque b\u00e9n\u00e9vole\u00a0\u00bb de cette association. Il rapporte aussi que cette affaire a \u00e9t\u00e9 d\u00e9nonc\u00e9e par un syndicat qui l\u2019a poursuivi en justice \u00ab\u00a0pendant deux ans\u00a0\u00bb, avant que le tribunal de Paris ne d\u00e9clare \u00ab\u00a0compl\u00e8tement nulle cette plainte\u00a0\u00bb.<\/p>\n<p>13:15<\/p>\n<p>Une d\u00e9put\u00e9e PS d\u00e9nonce \u00ab un tribunal \u00bb<\/p>\n<p>La d\u00e9put\u00e9e PS Ayda Hadizadeh a profit\u00e9 des questions laiss\u00e9es aux groupes politiques pour pousser un coup de gueule. \u00ab On est de moins en moins dans une commission d&rsquo;enqu\u00eate mais dans un tribunal avec des procureurs qui ne veulent pas r\u00e9former mais tuer le service public. Calomniez, calomniez, il en restera toujours quelque chose. \u00bb<\/p>\n<p>Pour l&rsquo;\u00e9lue socialiste, \u00ab le verdict est d\u00e9j\u00e0 presque annonc\u00e9 \u00bb pour l&rsquo;audiovisuel public : \u00ab trop cher, trop partial et en plus dirig\u00e9 par des personnes qui n&rsquo;ont aucune comp\u00e9tence. \u00bb Avant de d\u00e9cocher une pique aux \u00e9lus proches du RN de Jordan Bardella : \u00ab Savoureux de la part de personnes qui soutiennent pour la magistrature supr\u00eame des trentenaires qui n&rsquo;ont pour CV que des emplois quasi fictifs. La blague, \u00e7a suffit. \u00bb<\/p>\n<p>13:06<\/p>\n<p>\u00ab\u00a0Pas un euro d\u2019argent public d\u00e9pens\u00e9 pour ces frais d\u2019h\u00f4tel \u00e0 Cannes\u00a0\u00bb<\/p>\n<p>Revient sur la table la question du prix des chambres d\u2019h\u00f4tel occup\u00e9s \u00e0 Cannes par les dirigeants de France T\u00e9l\u00e9visions durant le festival du film du m\u00eame nom, dont le groupe public est partenaire depuis quelques ann\u00e9es. \u00ab\u00a0Des suites au Majestic \u00e0 1700 euros la nuit\u00a0\u00bb, rappelle Charles Alloncle, \u00e9voquant une facture globale de \u00ab\u00a0100\u00a0000 euros\u00a0\u00bb.\u00a0<\/p>\n<p>\u00ab\u00a0Pas un euro d\u2019argent public n\u2019a \u00e9t\u00e9 d\u00e9pens\u00e9 pour ces frais d\u2019h\u00f4tel \u00e0 Cannes\u00a0\u00bb, r\u00e9torque St\u00e9phane Sitbon-Gomez, expliquant, comme sa pr\u00e9sidente Delphine Ernotte la semaine derni\u00e8re, que la note avait \u00e9t\u00e9 r\u00e9gl\u00e9e via l\u2019utilisation d\u2019invendus publicitaires via la technique dite du \u00ab\u00a0bartering\u00a0\u00bb.\u00a0<\/p>\n<p>\u00ab\u00a0A Cannes pendant 10 jours, on travaille 15 heures par jour\u00a0\u00bb, rappelle aussi le patron des programmes de France T\u00e9l\u00e9visions, soulignant qu\u2019il n\u2019a \u00e9t\u00e9 \u00e0 Cannes que pour honorer \u00ab\u00a0des obligations professionnelles\u00a0\u00bb.<\/p>\n<p>12:59<\/p>\n<p>Les \u00ab navettes \u00bb \u00e0 la loupe<\/p>\n<p>Sont d\u00e9sormais abord\u00e9s les \u00ab\u00a0navettes\u00a0\u00bb d\u2019anciens cadres de France T\u00e9l\u00e9visions entre l\u2019entreprise publique et des soci\u00e9t\u00e9s de production avec lesquelles le groupe est en relation d\u2019affaires. Dans la ligne de mire du rapporteur notamment, Nathalie Darrigrand, ancienne directrice des programmes de France T\u00e9l\u00e9visions, qui aurait selon lui quitt\u00e9 le groupe en \u00e9change de \u00ab\u00a0300\u00a0000 ou 400\u00a0000 euros\u00a0\u00bb d\u2019indemnit\u00e9s, avant de rejoindre la soci\u00e9t\u00e9 de production Together, avec laquelle France T\u00e9l\u00e9visions est en contrat, notamment pour l\u2019\u00e9mission de d\u00e9bats \u00ab\u00a0C ce soir\u00a0\u00bb pr\u00e9sent\u00e9 par Karim Rissouli. Un possible cas de \u00ab\u00a0favoritisme\u00a0\u00bb et de \u00ab\u00a0prise ill\u00e9gale d\u2019int\u00e9r\u00eat\u00a0\u00bb selon Charles Alloncle.\u00a0<\/p>\n<p>\u00ab\u00a0Respect de la vie\u00a0priv\u00e9e. On r\u00e9pondra \u00e9videmment par \u00e9crit\u00a0\u00bb, argue St\u00e9phane Sitbon-Gomez sur la question des indemnit\u00e9s. \u00ab\u00a0Nathalie Darrigrand est une grande dirigeante\u00a0du service public\u00a0\u00bb salue aussi son successeur, rappelant son bilan au sein de France T\u00e9l\u00e9visions avant son d\u00e9part en 2020 pour un \u00ab\u00a0d\u00e9saccord\u00a0\u00e9ditorial \u00bb.\u00a0<\/p>\n<p>Et St\u00e9phane Sitbon-Gomez de pr\u00e9ciser qu\u2019elle n\u2019a jou\u00e9 aucun r\u00f4le dans le lancement de l\u2019\u00e9mission \u00ab\u00a0C ce soir\u00a0\u00bb puisque celle-ci a \u00e9t\u00e9 sign\u00e9e alors que Nathalie Darrigrand avait d\u00e9j\u00e0 quitt\u00e9 France T\u00e9l\u00e9visions et n\u2019avait pas encore \u00e9t\u00e9 embauch\u00e9e par Together.<\/p>\n<p>12:39<\/p>\n<p>Petits ou grands producteurs ?<\/p>\n<p>C\u2019est l\u2019heure de la question \u00ab\u00a0gros sous\u00a0\u00bb. Le rapporteur Charles Alloncle \u00e9pingle les \u00ab\u00a0100 millions\u00a0d\u2019euros\u00a0\u00bb de contrats de production pass\u00e9s entre France T\u00e9l\u00e9visions et le groupe Mediawan. Il d\u00e9nonce une \u00ab\u00a0hyperconcentration\u00a0\u00bb de ces contrats au d\u00e9triment de la production ind\u00e9pendante.\u00a0<\/p>\n<p>\u00ab Faux \u00bb, r\u00e9torque St\u00e9phane Sitbon-Gomez, affirmant que \u00ab\u00a0plus de 50 %\u00a0\u00bb des contrats pass\u00e9s par son groupe le sont avec de \u00ab\u00a0petits producteurs ind\u00e9pendants\u00a0\u00bb. \u00ab\u00a0Nous travaillons avec plus de 700 soci\u00e9t\u00e9s de production\u00a0\u00bb, pr\u00e9cise le cadre de France T\u00e9l\u00e9visions, ajoutant que 30 % des contrats reviennent \u00e0 de gros groupes fran\u00e7ais comme Mediawan (11 %), Banijay ou Newen.<\/p>\n<p>12:33<\/p>\n<p>Discrimin\u00e9s, les \u00ab\u00a0hommes blancs de plus de cinquante ans\u00a0\u00bb ?<\/p>\n<p>Charles Alloncle d\u00e9nonce maintenant la\u00a0\u00ab\u00a0politique discriminatoire\u00a0\u00bb que m\u00e8nerait France T\u00e9l\u00e9visions depuis dix ans envers les \u00ab\u00a0hommes blancs de plus de cinquante ans\u00a0\u00bb \u00e0 l\u2019antenne.\u00a0Et son co\u00fbt pour le groupe public. Un exemple\u00a0? La r\u00e9cente condamnation par le Conseil de prud\u2019hommes de Paris de France T\u00e9l\u00e9 \u00e0 verser pr\u00e8s de 450\u00a0000 euros \u00e0 <a href=\"https:\/\/www.leparisien.fr\/culture-loisirs\/tv\/des-chiffres-et-des-lettres-france-televisions-condamne-a-verser-pres-de-450-000-euros-aux-anciens-animateurs-12-12-2025-TBSFVGRU3NC47GJXAY2TWDTY2U.php\" target=\"_blank\" rel=\"noopener\">Bertrand Renard et Arielle Boulin-Prat<\/a>, les anciens animateurs de \u00ab\u00a0Des chiffres et des lettres\u00a0\u00bb.\u00a0<\/p>\n<p>St\u00e9phane Sitbon-Gomez d\u00e9fend cette d\u00e9cision \u00ab\u00a0pas ais\u00e9e\u00a0\u00bb qui est la sienne. \u00ab\u00a0Une grille de t\u00e9l\u00e9vision, c\u2019est fait pour se renouveler\u00a0\u00bb, assume le grand manitou des programmes, faisant la p\u00e9dagogie de son choix de r\u00e9organiser l\u2019offre de jeux de ses cha\u00eenes.<\/p>\n<p>12:18<\/p>\n<p>Sitbon-Gomez : \u00ab\u00a0Mon pass\u00e9 est public \u00bb<\/p>\n<p>Charles Alloncle remet sa casquette d\u2019arch\u00e9ologue de Twitter. D\u00e9terrant des messages politique de St\u00e9phane Sitbon-Gomez datant parfois de 2011, le rapporteur de la commission d&rsquo;enqu\u00eate interroge de nouveau la \u00ab\u00a0neutralit\u00e9\u00a0\u00bb du dirigeant de France T\u00e9l\u00e9visions, \u00e2g\u00e9 de 38 ans. \u00a0<\/p>\n<p>\u00ab\u00a0Mon pass\u00e9 est public. Tout ce que j\u2019ai fait depuis que j\u2019ai 13 ans est public. Rien n\u2019est dissimul\u00e9\u00a0! Je ne me suis jamais cach\u00e9 derri\u00e8re mon petit doigt. J\u2019ai d\u00e9cid\u00e9 d\u2019avoir une vie professionnelle comme des millions de Fran\u00e7ais \u00bb, r\u00e9torque le directeur de France T\u00e9l\u00e9visions, d\u00e9j\u00e0 agac\u00e9, estimant avoir toujours respect\u00e9 ses \u00ab\u00a0obligations de neutralit\u00e9\u00a0\u00bb. \u00ab\u00a0Vous allez retrouver plein de choses sur ce que j\u2019ai \u00e9crit quand j\u2019avais 14 ans\u00a0\u00bb, moque aussi l\u2019auditionn\u00e9.<\/p>\n<p>12:08<\/p>\n<p>\u00ab\u00a0On va arr\u00eater de relayer des suspicions\u00a0! \u00bb<\/p>\n<p>Nouvel accrochage entre le pr\u00e9sident (Horizons) et le rapporteur (UDR) de la commission d&rsquo;enqu\u00eate. \u00ab\u00a0On va arr\u00eater de relayer des suspicions\u00a0! \u00bb, s\u2019\u00e9nerve le premier, J\u00e9r\u00e9mie Patrier-Leitus, apr\u00e8s que le deuxi\u00e8me a affirm\u00e9 au micro avoir recueilli des t\u00e9moignages anonymes de journalistes au sein de France T\u00e9l\u00e9visions s\u2019offusquant du \u00ab\u00a0profil militant\u00a0\u00bb de St\u00e9phane Sitbon-Gomez.\u00a0<\/p>\n<p>Estimant que tous les membres de la commission devaient avoir une connaissance pr\u00e9cise des \u00e9l\u00e9ments \u00e9voqu\u00e9s par Charles Alloncle, le pr\u00e9sident propose d\u2019auditionner \u00e0 \u00ab\u00a0huis clos\u00a0\u00bb ces journalistes anonymes \u00e9voqu\u00e9s par Charles Alloncle.<\/p>\n<p>12:00<\/p>\n<p>Le num\u00e9ro 2 de France T\u00e9l\u00e9visions attaqu\u00e9 sur son pass\u00e9 de conseiller de C\u00e9cile Duflot<\/p>\n<p>Pas de tour de chauffe. Le rapporteur Charles Alloncle d\u00e9bute la s\u00e9rie de questions des parlementaires en revenant sur le parcours pass\u00e9 de St\u00e9phane Sitbon-Gomez, directeur des programmes de France T\u00e9l\u00e9visions, comme conseiller de l&rsquo;ancienne ministre \u00e9cologiste C\u00e9cile Duflot et d&rsquo;Eva Joly, ex-candidate des Verts \u00e0 la pr\u00e9sidentielle. \u00ab\u00a0Qu\u2019est-ce qui a fait que vous \u00eates devenu le num\u00e9ro 2 de la plus grande entreprise d\u2019audiovisuel en France sans aucune forme d\u2019exp\u00e9rience dans ce domaine\u00a0?\u00a0\u00bb, attaque le d\u00e9put\u00e9.\u00a0<\/p>\n<p>\u00ab\u00a0Je me suis conform\u00e9 \u00e0 toutes les r\u00e8gles et obligations de neutralit\u00e9\u00a0\u00bb, r\u00e9pond le directeur des programmes et de l\u2019information de France T\u00e9l\u00e9visions, mettant en avant \u00ab\u00a0ses r\u00e9sultats\u00a0\u00bb d\u2019audiences au sein du groupe public.<\/p>\n<p>11:56<\/p>\n<p>\u00ab L&rsquo;impartialit\u00e9, \u00e7a ne se proclame pas \u00bb<\/p>\n<p>Apr\u00e8s la radio, place \u00e0 la t\u00e9l\u00e9vision. Une deuxi\u00e8me audition d\u00e9bute. Face aux d\u00e9put\u00e9s, St\u00e9phane Sitbon-Gomez, le patron des programmes de France T\u00e9l\u00e9visions depuis 2020. Mettant en avant \u00ab la dynamisation des audiences \u00bb de ses cha\u00eenes, notamment sur le digital, il a insist\u00e9 &#8211; lors d&rsquo;un long discours inaugural de douze minutes ! &#8211; sur ses \u00ab missions de rassemblement \u00bb, citant quelques \u00e9missions embl\u00e9matiques comme \u00ab les Rencontres du Papotin \u00bb, qui laisse la parole \u00e0 des journalistes autistes.\u00a0<\/p>\n<p>\u00a0Avec plus de 2000 invit\u00e9s, dont 200 politiques, France T\u00e9l\u00e9visions s&rsquo;autoproclame \u00ab premier espace de d\u00e9bat public \u00bb. \u00ab L&rsquo;impartialit\u00e9, \u00e7a ne se proclame pas, a insist\u00e9 le directeur. Cela se v\u00e9rifie dans la dur\u00e9e, dans la coll\u00e9gialit\u00e9 des d\u00e9cisions, dans la capacit\u00e9 \u00e0 corriger les erreurs. \u00bb<\/p>\n<p>11:38<\/p>\n<p>Fran\u00e7ois Morel, revue de presse, tweets et \u00e9mojis<\/p>\n<p><img decoding=\"async\" src=\"https:\/\/www.europesays.com\/fr\/wp-content\/uploads\/2025\/12\/CT6RHZ2DWBD53DRFLG4XL62AIQ.jpg\"\/>Laurent Goumarre, Ad\u00e8le Van Reeth et Philippe Corb\u00e9. (Dimitar DILKOFF \/ AFP)<\/p>\n<p>L\u2019audition de l\u2019\u00e9tat-major de France Inter a d\u00e9j\u00e0 d\u00e9bord\u00e9 de 15 minutes. Tweet, retweet, lien dans le tweet ou emoji, la commission d\u2019enqu\u00eate glose jusqu\u2019\u00e0 \u00e9puisement sur l\u2019interpr\u00e9tation \u00e0 donner \u00e0 d\u2019anciennes publications X de Nora Hamadi, la journaliste en charge de la revue de presse de la matinale de France Inter. Leur sujet\u00a0: Rima Hassan et l\u2019imam de Drancy, Hassen Chalghoumi.<\/p>\n<p>\u00ab\u00a0Fils de pute\u00a0\u00bb, \u00ab\u00a0encul\u00e9s\u00a0\u00bb\u2026 Le rapporteur conclut en revenant sur le sujet de l\u2019humour. Il cite un billet de Fran\u00e7ois Morel prenant pour cible les journalistes des m\u00e9dias Bollor\u00e9 ayant attaqu\u00e9 Thomas Legrand et Patrick Cohen en septembre dernier. \u00ab\u00a0Il sait tr\u00e8s bien ce qu\u2019il fait\u00a0\u00bb, d\u00e9fend la directrice d&rsquo;Inter, Ad\u00e8le Van Reeth, saluant la \u00ab\u00a0finesse\u00a0\u00bb et le \u00ab\u00a0sens de la rh\u00e9torique\u00a0\u00bb de son humoriste vedette. \u00ab\u00a0Ces insultes ne sont pas adress\u00e9s aux personnes que vous citez\u00a0\u00bb, tranche la patronne de France Inter, invitant le d\u00e9put\u00e9 \u00e0 r\u00e9\u00e9couter la chronique.\u00a0<\/p>\n<p>La s\u00e9ance est finalement suspendue 5 minutes par le pr\u00e9sident de la commission. Prochain auditionn\u00e9\u00a0: St\u00e9phane Sitbon-Gomez, le directeur des programmes de France T\u00e9l\u00e9visions.\u00a0<\/p>\n<p>11:01<\/p>\n<p>\u00ab\u00a0Est-ce que vous trouvez \u00e7a dr\u00f4le ? \u00bb : d\u00e9bat autour d&rsquo;un billet de l&rsquo;humoriste Jess\u00e9\u00a0<\/p>\n<p>Les humoristes de France Inter sont la derni\u00e8re cible de Charles Alloncle. Le rapporteur UDR \u00e9voque notamment un billet humoristique de novembre dans \u00ab\u00a0Zoom Zoom\u00a0Zen\u00a0\u00bb dans lequel <a href=\"https:\/\/www.leparisien.fr\/culture-loisirs\/humour\/quand-on-est-harcele-on-se-croit-tout-seul-jesse-lhumoriste-qui-brise-les-non-dits-avec-panache-23-12-2024-CQX6WPYUJZE5TFMJHIDCJNJTD4.php\" target=\"_blank\" rel=\"noopener\">l\u2019humoriste Jess\u00e9<\/a> conseille \u00e0 \u00ab\u00a0Karen\u00a0\u00bb, un personnage fictif pr\u00e9sent\u00e9 comme une \u00ab\u00a0grosse raciste supr\u00e9matiste blanche\u00a0\u00bb, de \u00ab\u00a0prendre\u00a0(s)a p\u00e9t\u00e9e avec un Antillais pour comprendre que c\u2019est tr\u00e8s agr\u00e9able\u00a0\u00bb. \u00ab\u00a0Est-ce que vous trouvez \u00e7a dr\u00f4le et convenable qu\u2019un humoriste appelle au viol sous pr\u00e9texte que les femmes sont des femmes blanches\u00a0? \u00bb, interroge le rapporteur<\/p>\n<p>\u00ab\u00a0Personne n\u2019est oblig\u00e9e de rire\u00a0aux m\u00eames blagues que les autres\u00a0\u00bb, r\u00e9torque Laurent Goumarre, le directeur des programmes, d\u00e9fendant la libert\u00e9 d\u2019expression sur son antenne, et la propension de l\u2019humour quelques fois \u00e0 \u00ab\u00a0provoquer\u00a0\u00bb en recourant \u00e0 \u00ab\u00a0l\u2019outrance\u00a0\u00bb.\u00a0 \u00ab\u00a0La seule limite c\u2019est celle du droit\u00a0\u00bb, estime Laurent Goumarre.<\/p>\n<p>10:38<\/p>\n<p>Le pass\u00e9 \u00e9colo d&rsquo;un directeur d&rsquo;Inter mis en avant<\/p>\n<p>Le rapporteur Charles Alloncle s\u2019attaque d\u00e9sormais \u00e0 Bertrand Rutily, directeur depuis 2024 de l\u2019antenne et de la production de France Inter, pr\u00e9sent aux c\u00f4t\u00e9s d\u2019Ad\u00e8le Van Reeth. En cause, son ancien mandat de \u00ab\u00a0conseiller municipal Europe-Ecologie-Les Verts\u00a0\u00bb \u00e0 Boulogne-Billancourt. Le cadre de l\u2019audiovisuel public pr\u00e9cise ne jamais avoir \u00e9t\u00e9 encart\u00e9 ni \u00e9lu via ce parti. \u00ab\u00a0J\u2019ai \u00e9t\u00e9 \u00e9lu sans \u00e9tiquette\u00a0\u00bb, explique-t-il, reconnaissant cependant avoir d\u00fb faire \u00ab\u00a0un groupe commun\u00a0\u00bb avec ce parti pour des \u00ab\u00a0raisons techniques\u00a0\u00bb.\u00a0<\/p>\n<p>\u00ab\u00a0Je n\u2019ai pas eu d\u2019engagement partisan \u00bb, se d\u00e9fend-t-il, soulignant aussi que ce mandat a pr\u00e9c\u00e9d\u00e9 son arriv\u00e9e \u00e0 Radio France.\u00a0D\u2019anciens posts du compte Twitter de Bertrand Rutily sont d\u00e9terr\u00e9s par Charles Alloncle, notamment un sur \u00ab\u00a0la jeunesse emmerde le Front national\u00a0\u00bb. \u00ab\u00a0C\u2019est une forme d\u2019engagement politique parfaitement d\u00e9complex\u00e9\u00a0\u00bb, tacle le rapporteur. \u00ab\u00a0Je n\u2019ai pas de responsabilit\u00e9 \u00e9ditoriale\u00a0\u00e0 France Inter\u00a0\u00bb, r\u00e9pond le cadre de France Inter, assurant qu\u2019il ne tweete plus sur ces sujets depuis son arriv\u00e9e \u00e0 France Inter et que ses \u00ab\u00a0convictions personnelles\u00a0\u00bb n\u2019ont pas \u00ab\u00a0d\u2019influence\u00a0\u00bb sur son travail.<\/p>\n<p>10:18<\/p>\n<p>Reprise des \u00e9changes<\/p>\n<p>Les d\u00e9bats reprennent apr\u00e8s cinq minutes d\u2019interruption. \u00ab\u00a0Les Fran\u00e7ais nous regardent\u00a0\u00bb, rappelle le pr\u00e9sident \u00e0 destination de ses coll\u00e8gues, demandant du \u00ab\u00a0calme\u00a0\u00bb et \u00ab\u00a0du respect\u00a0\u00bb. Charles Alloncle lui, r\u00e9clame qu\u2019on arr\u00eate de lui couper la parole et qu\u2019on lui laisse le temps de poser ses questions.<\/p>\n<p>10:12<\/p>\n<p>\u00ab\u00a0Il faut d\u00e9foncer le rapporteur\u00a0\u00bb : s\u00e9ance suspendue apr\u00e8s un incident<\/p>\n<p>Incident de s\u00e9ance en direct. \u00ab\u00a0Il faut d\u00e9foncer le rapporteur\u00a0\u00bb\u00a0! Hors micro, des cris se font entendre. \u00ab\u00a0Je ne cesse d\u2019entendre Monsieur Balanant (Erwan Balanant, d\u00e9put\u00e9 Modem du Finist\u00e8re) dire\u00a0: Il faut d\u00e9foncer le rapporteur\u00a0! \u00bb, balance d\u2019un coup au micro l\u2019\u00e9lue RN Caroline Parmentier.\u00a0<\/p>\n<p>Une prise de bec inaudible s\u2019ensuit. \u00ab\u00a0Je vous demande de vous respecter les uns et les autres. Soit on s\u2019arr\u00eate, soit je suspends l\u2019audition\u00a0\u00bb, met en garde le pr\u00e9sident de la commission d\u2019enqu\u00eate, J\u00e9r\u00e9mie Patrier-Leitus (Horizons), qui tente tant bien que mal de ramener le calme.\u00a0<\/p>\n<p>Avant de croiser le fer \u00e0 son tour avec le rapporteur, Charles Alloncle. \u00ab\u00a0C\u2019est scandaleux ce que vous faites, Monsieur Alloncle. \u00c7a suffit\u00a0!\u00a0Vous ridiculisez la repr\u00e9sentation nationale \u00bb, hurle au loin Erwan Balanant, sans qu\u2019on comprenne exactement le motif de son courroux. \u00ab\u00a0Je suspends pour cinq minutes\u00a0\u00bb, tranche le pr\u00e9sident. Triste spectacle.<\/p>\n<p>09:59<\/p>\n<p>Le RN, parti \u00ab le plus invit\u00e9 \u00bb \u00e0 la matinale de France Inter<\/p>\n<p>Charles Alloncle continue son travail de sape. Evoquant une \u00e9tude contest\u00e9e de l\u2019institut Thomas More et un r\u00e9cent sondage de l\u2019Ifop, le rapporteur (UDR) de la commission interroge de nouveau la directrice d&rsquo;Inter, Ad\u00e8le Van Reeth, sur le \u00ab\u00a0biais de gauche\u00a0\u00bb qui existerait \u00e0 l\u2019antenne.\u00a0<\/p>\n<p>Philippe Corb\u00e9, le directeur de l\u2019information de la station, intervient alors pour la premi\u00e8re fois dans les d\u00e9bats. Il rappelle les r\u00e8gles du pluralisme en mati\u00e8re de temps de parole des responsables politiques. Si des \u00ab\u00a0d\u00e9s\u00e9quilibres\u00a0\u00bb ont pu \u00eatre constat\u00e9s par le pass\u00e9 a-t-il reconnu, cette \u00e9poque serait r\u00e9volue selon lui. \u00ab\u00a0Quel est le parti le plus invit\u00e9 dans la matinale de France Inter\u00a0? C\u2019est le Rassemblement national\u00a0\u00bb, donne le journaliste en guise d\u2019exemple.\u00a0<\/p>\n<p>09:57<\/p>\n<p>Charles Alloncle tacle \u00ab une rupture avec le principe de neutralit\u00e9 \u00bb<\/p>\n<p>Le d\u00e9put\u00e9 ciottiste Charles Alloncle n&rsquo;est pas convaincu par la r\u00e9ponse d&rsquo;Ad\u00e8le Van Reeth sur l&rsquo;absence d&rsquo;id\u00e9ologie sur ses antennes et le caract\u00e8re non politis\u00e9 de sa sortie sur le progressisme. \u00ab Le progressisme est une philosophie politique favorable aux r\u00e9formes sociales. En \u00e7a, il s&rsquo;oppose au conservatisme. Si le directeur de France Inter avait dit assurer que sa radio \u00e9tait conservatrice, on n&rsquo;aurait pas eu 24 heures pour qu&rsquo;il soit d\u00e9mis de ses fonctions, parce que \u00e7a aurait \u00e9t\u00e9 une rupture avec le principe de neutralit\u00e9, estime le rapporteur du groupe de travail. Cela a choqu\u00e9 de nombreux Fran\u00e7ais. \u00bb Et de faire un lien avec la baisse d&rsquo;audiences de la premi\u00e8re radio de France.<\/p>\n<p>09:51<\/p>\n<p>\u00ab Progressiste \u00bb, France Inter ?<\/p>\n<p>Comme pr\u00e9vu, Charles Alloncle met sur la table une interview de 2023 d\u2019Ad\u00e8le Van Reeth dans laquelle elle assure que \u00ab\u00a0France Inter est une radio progressiste\u00a0\u00bb. \u00ab\u00a0Je vous remercie de poser cette question\u00a0\u00bb, lui r\u00e9torque la patronne de la station, qui s\u2019est visiblement pr\u00e9par\u00e9e \u00e0 cette question. \u00ab\u00a0Je n\u2019ai pas employ\u00e9 ce terme dans un sens militant mais culturel\u00a0\u00bb, explique la patronne de la radio publique.\u00a0<\/p>\n<p>Ce terme est selon selon elle plus une r\u00e9f\u00e9rence \u00e0 la mission \u00ab\u00a0d\u2019accompagnement\u00a0des \u00e9volutions de la soci\u00e9t\u00e9\u00a0\u00bb que se fixe sa station. \u00ab\u00a0Nous ne sommes pas l\u00e0 pour dire aux gens ce qu\u2019ils doivent penser\u00a0\u00bb, assure aussi l\u2019ex-animatrice des \u00ab\u00a0Chemins de la philosophie\u00a0\u00bb.<\/p>\n<p>09:45<\/p>\n<p>\u00ab\u00a0La ligne \u00e9ditoriale de France Inter\u00a0n\u2019est pas id\u00e9ologique\u00a0\u00bb<\/p>\n<p>D\u00e8s sa premi\u00e8re question, Charles Alloncle met les pieds dans le plat. Rappelant que France Inter avait perdu 450 000 auditeurs lors de la derni\u00e8re vague d\u2019audience de la radio, le rapporteur ciottiste de la commission d&rsquo;enqu\u00eate met cette baisse sur le compte d\u2019un \u00ab\u00a0biais id\u00e9ologique\u00a0\u00bb de la station publique qui inciterait un nombre grandissant d\u2019auditeurs \u00e0 partir vers d\u2019autres radios concurrentes.\u00a0 \u00ab\u00a0La ligne \u00e9ditoriale de France Inter\u00a0n\u2019est pas id\u00e9ologique\u00a0\u00bb, r\u00e9p\u00e8te Ad\u00e8le Van Reeth, rappelant que celle-ci n\u2019a pas chang\u00e9 en cette rentr\u00e9e et ne peut donc pas expliquer cette baisse. \u00ab Nous ne contribuons pas \u00e0 une soci\u00e9t\u00e9 polaris\u00e9e, nous faisons tout pour contribuer \u00e0 sa d\u00e9polarisation. Toute accusation id\u00e9ologique est contestable et ne repose sur aucun fait \u00bb, avait-elle pr\u00e9cis\u00e9 plus t\u00f4t.<\/p>\n<p>09:36<\/p>\n<p>La patronne d&rsquo;Inter s\u00e9pare \u00ab critiques \u00bb et \u00ab outrances \u00bb<\/p>\n<p>La directrice de France Inter, Ad\u00e8le Van Reeth, ouvre les hostilit\u00e9s par un petit discours introductif dans lequel elle d\u00e9fend sa maison et ses \u00e9quipes.\u00a0 R\u00e9pondant d\u00e9j\u00e0 en creux aux fl\u00e8ches qui viseront sa station au cours de cette audition, elle assure notamment que France Inter est une radio \u00ab\u00a0populaire\u00a0\u00bb et \u00ab\u00a0moderne\u00a0\u00bb.\u00a0Pass\u00e9 cet autosatisfecit, elle reconna\u00eet n\u00e9anmoins qu\u2019elle et ses \u00e9quipes ne sont pas \u00ab\u00a0infaillibles\u00a0\u00bb. \u00ab\u00a0Nous commettons des erreurs. Quand cela arrive, nous t\u00e2chons toujours de les reconna\u00eetre et de les corriger\u00a0\u00bb, commente-t-elle. Et de conclure, comme un premier message au rapporteur de la commission d\u2019enqu\u00eate, le d\u00e9put\u00e9 UDR Charles Alloncle, qu\u2019elle distinguera \u00ab\u00a0toujours\u00a0les critiques de ceux qui veulent qu\u2019on s\u2019am\u00e9liore, de l\u2019outrance de ceux qui veulent que nous disparaissions\u00a0\u00bb.<\/p>\n<p>09:28<\/p>\n<p>\u00ab Certains mots sont des cibles dans le dos \u00bb<\/p>\n<p>\u00a0R\u00e9agissant aux incidents de la veille et aux invectives d&rsquo;une \u00e9lue LFI \u00e0 l&rsquo;encontre de l&rsquo;humoriste de France Inter Sophia Aram, et rappelant au \u00ab respect de nos concitoyens\u00a0\u00bb que nous n\u2019avons pas \u00e0 \u00ab\u00a0jeter en p\u00e2ture\u00a0\u00bb, le pr\u00e9sident de la commission, J\u00e9r\u00e9mie Patrier-Leitus, a soulign\u00e9 que certains \u00ab mots\u00a0\u00bb \u00e9taient \u00ab\u00a0des cibles qu\u2019on vient planter dans le dos\u00a0\u00bb, surtout dans un pays o\u00f9 des \u00ab\u00a0humoristes\u00a0\u00bb ont \u00e9t\u00e9 \u00ab\u00a0tu\u00e9s \u00e0 bout portant\u00a0\u00e0 cause d\u2019un qualificatif qui leur a \u00e9t\u00e9 jet\u00e9 \u00e0 la figure\u00a0\u00bb.<\/p>\n<p>Soulignant que Sophia Aram avait v\u00e9cu \u00ab\u00a0sous protection polici\u00e8re\u00a0\u00bb et que \u00ab\u00a0ses spectacles font l\u2019objet d\u2019une s\u00e9curit\u00e9 renforc\u00e9e\u00a0\u00bb, il a conclu en d\u00e9clarant que \u00ab\u00a0de tels propos\u00a0\u00bb n\u2019engageaient ni la commission d\u2019enqu\u00eate ni l\u2019Assembl\u00e9e nationale.<\/p>\n<p>09:13<\/p>\n<p>Sophia Aram accus\u00e9e d&rsquo;humour \u00ab raciste \u00bb : le coup de sang du pr\u00e9sident de la commission<\/p>\n<p>Et c\u2019est parti pour cette journ\u00e9e marathon\u00a0! \u00c7a commence fort avec un rappel \u00e0 l\u2019ordre solennel d\u00e8s l\u2019ouverture des d\u00e9bats. Le pr\u00e9sident Horizons de la commission d\u2019enqu\u00eate, J\u00e9r\u00e9mie Patrier-Leitus, tient \u00e0 d\u00e9noncer avec force l\u2019\u00ab\u00a0incident grave\u00a0\u00bb de la veille. Dans son viseur, la d\u00e9put\u00e9e LFI, Ersilia Soudais, qui a accus\u00e9 publiquement <a href=\"https:\/\/www.leparisien.fr\/culture-loisirs\/lhumour-sur-la-guerre-israel-hamas-la-polemique-guillaume-meurice-son-spectacle-sophia-aram-se-confie-08-11-2023-5MHH6WIL6BCE3ITSWJ6EUZ6JRQ.php\" target=\"_blank\" rel=\"noopener\">Sophia Aram<\/a> et ses chroniques sur France Inter d\u2019\u00eatre \u00ab\u00a0racistes\u00a0\u00bb.\u00a0<br \/>\u00ab\u00a0Accuser publiquement une personne de racisme\u00a0\u00bb est un\u00a0\u00ab\u00a0acte grave\u00a0\u00bb, a tacl\u00e9 le pr\u00e9sident de la commission d\u2019enqu\u00eate, pr\u00e9venant qu\u2019il n\u2019autoriserait pas \u00ab\u00a0de tels propos\u00a0\u00bb au sein de son groupe de travail.<\/p>\n<p>08:56<\/p>\n<p>France Inter \u00ab ni de gauche ni de droite \u00bb<\/p>\n<p>Un pur fantasme pour Sibyle Veil. Lors de son audition par la commission d\u2019enqu\u00eate sur l\u2019audiovisuel public ce mercredi, la patronne de Radio France est revenue sur le positionnement politique qu\u2019auraient ses radios. \u00ab\u00a0France Inter n\u2019est ni de droite ni de gauche\u00a0\u00bb, a-t-elle assur\u00e9, montrant deux revues de presse contradictoire, affirmant pour l\u2019une que l\u2019antenne est trop \u00e0 gauche, et pour l\u2019autre trop \u00e0 droite.\u00a0<\/p>\n<p>\u00ab\u00a0Il y a une lecture extr\u00eamement polaris\u00e9e de ce qu\u2019est France Inter\u00a0\u00bb, regrette-t-elle, affirmant plus tard \u00ab\u00a0veiller \u00e0 ce que les opinions politiques et religieuses n\u2019aient pas d\u2019incidence sur nos antennes.\u00a0\u00bb<\/p>\n<p>08:51<\/p>\n<p>Quand Sibyle Veil conseille \u00e0 Thomas Legrand \u00a0\u00ab d\u2019arr\u00eater d\u2019aller dans les caf\u00e9s \u00bb<\/p>\n<p><img decoding=\"async\" src=\"https:\/\/www.europesays.com\/fr\/wp-content\/uploads\/2025\/12\/XOZCKECDRZAFJBABHL4ZQENCXA.jpg\"\/>Sibyle Veil. (STEPHANE DE SAKUTIN \/ AFP)<\/p>\n<p>Au cours de son audition mercredi apr\u00e8s-midi, <a href=\"https:\/\/www.leparisien.fr\/culture-loisirs\/tv\/sibyle-veil-presidente-de-radio-france-il-ne-faudrait-pas-finir-par-casser-des-stations-qui-marchent-14-11-2024-3WSJDEX35ZE7PKUEPYDUYUR6DQ.php\" target=\"_blank\" rel=\"noopener\">Sibyle Veil<\/a>, pr\u00e9sidente de Radio France, a \u00e9t\u00e9 interrog\u00e9e sur le cas du journaliste politique Thomas Legrand, \u00e9cart\u00e9 apr\u00e8s la publication d\u2019une vid\u00e9o vol\u00e9e dans un caf\u00e9 o\u00f9 disait \u00ab\u00a0s\u2019occuper\u00a0\u00bb de Rachida Dati. \u00ab\u00a0Nous avons imm\u00e9diatement pris nos responsabilit\u00e9s\u00a0\u00bb, a-t-elle rappel\u00e9, estimant devant les d\u00e9put\u00e9s que ces propos \u00e9taient \u00ab\u00a0probl\u00e9matiques\u00a0\u00bb mais relevaient de la \u00ab\u00a0maladresse\u00a0\u00bb.<\/p>\n<p>La pr\u00e9sidente a, dans la foul\u00e9e, d\u00e9nonc\u00e9 une vid\u00e9o \u00ab\u00a0instrumentalis\u00e9e\u00a0\u00bb. \u00ab\u00a0On a essay\u00e9 de lui faire dire des choses qui, confront\u00e9es \u00e0 la r\u00e9alit\u00e9 des faits, ne tiennent pas\u00a0\u00bb, a-t-elle jug\u00e9, rappelant que Thomas Legrand n\u2019\u00e9tait \u00ab\u00a0plus en contrat\u00a0\u00bb avec France Inter depuis ao\u00fbt 2022 et intervient sur l\u2019antenne en qualit\u00e9 de journaliste de Lib\u00e9ration, ce qui s\u2019est encore produit en novembre dernier.<\/p>\n<p>De plus, sollicit\u00e9e \u00e0 plusieurs reprises par le rapporteur Charles Alloncle (UDR) sur le contenu d\u2019un rendez-vous priv\u00e9 r\u00e9cent entre Thomas Legrand et l\u2019ancienne directrice de France Inter Laurence Bloch, largement relay\u00e9 par Europe 1, m\u00e9dia du groupe Bollor\u00e9, Sibyle Veil a bott\u00e9 en touche. \u00ab\u00a0Je ne sais pas ce qu\u2019ils se sont dit. Je n\u2019\u00e9tais pas \u00e0 la terrasse du caf\u00e9 \u00bb, a-t-elle comment\u00e9, osant m\u00eame un trait d\u2019humour : \u00ab Je conseillerais volontiers \u00e0 Monsieur Legrand d\u2019arr\u00eater d\u2019aller dans les caf\u00e9s puisqu\u2019il doit y \u00eatre enregistr\u00e9.\u00a0\u00bb<\/p>\n<p>La patronne a toutefois d\u00e9plor\u00e9 des m\u00e9thodes qui \u00ab\u00a0font penser \u00e0 la RDA quand tout le monde \u00e9tait sur \u00e9coute.\u00a0\u00bb Un avis partag\u00e9 par le pr\u00e9sident J\u00e9r\u00e9mie Patrier-Leitus (Horizons), r\u00e9p\u00e9tant \u00ab\u00a0contester fermement les m\u00e9thodes qui consistent \u00e0 r\u00e9v\u00e9ler des rendez-vous priv\u00e9s.\u00a0\u00bb Un coup de gueule en vain, le rapporteur r\u00e9pliquant imm\u00e9diatement ne pas \u00eatre \u00ab\u00a0l\u00e0 pour juger de la m\u00e9thode\u00a0\u00bb\u2026<\/p>\n<p>08:43<\/p>\n<p>Clashs en s\u00e9rie ce mercredi\u2026<\/p>\n<p>Pr\u00e8s de quatre heures d\u2019audition. Comme <a href=\"https:\/\/www.leparisien.fr\/culture-loisirs\/tv\/cest-une-mascarade-le-depute-aymeric-caron-furieux-face-a-la-patronne-de-france-televisions-10-12-2025-5QCJMVVNEVDHDOCMWTKTBSZEOY.php\" target=\"_blank\" rel=\"noopener\">Delphine Ernotte-Cunci<\/a>, son homologue de France T\u00e9l\u00e9visions, quelques jours plus t\u00f4t. En pr\u00e9ambule de la journ\u00e9e XXL de ce jeudi, la Commission d\u2019enqu\u00eate parlementaire sur l\u2019audiovisuel public a entendu ce mercredi Sibyle Veil, la pr\u00e9sidente de Radio France. Le tout dans une ambiance une nouvelle fois tr\u00e8s \u00e9lectrique entre les membres de la commission, d\u00e9put\u00e9s de chaque bord s&rsquo;invectivant publiquement.\u00a0<\/p>\n<p>D\u00e8s les premiers instants, le pr\u00e9sident J\u00e9r\u00e9mie Patrier-Leitus (Horizons) a d\u00e9nonc\u00e9 des \u00ab\u00a0contrev\u00e9rit\u00e9s grossi\u00e8res\u00a0\u00bb et des \u00ab\u00a0fausses informations\u00a0\u00bb distill\u00e9es sur les r\u00e9seaux sociaux, et promis \u00ab\u00a0d\u2019engager toute action juridique et judiciaire pour faire cesser et sanctionner de tels agissements\u00a0\u00bb, estimant que ceux-ci portaient aussi bien atteinte \u00e0 sa personne qu\u2019aux travaux de la commission et \u00e0 l\u2019Assembl\u00e9e nationale.<\/p>\n<p>Si Sibyle Veil a gard\u00e9 son calme du d\u00e9but \u00e0 la fin, les \u00e9changes ont \u00e9t\u00e9 tendus entre le pr\u00e9sident philippiste de la commission et le rapporteur ciottiste Charles Alloncle, ce dernier lui reprochant de s\u2019immiscer dans ses questions voire de lui couper le micro. Mais \u00e9galement avec la d\u00e9put\u00e9e Ersilia Soudais (La France insoumise), lorsque celle-ci a \u00e9voqu\u00e9e \u00ab\u00a0une Sophia Aram qui raconte des dingueries et qui a un humour raciste\u00a0\u00bb.\u00a0<\/p>\n<p>\u00ab\u00a0Ici, ce n\u2019est pas le lieu o\u00f9 l\u2019on insulte les salari\u00e9s du service public, s\u2019est agac\u00e9 J\u00e9r\u00e9mie Patrier-Leitus, donnant lieu \u00e0 une \u00e9ni\u00e8me prise de bec. Faites attention \u00e0 la mani\u00e8re dont vous parlez. On a une Sophia Aram\u2026 On est o\u00f9 ici ? On est dans une cour d\u2019\u00e9cole ? On est dans une assembl\u00e9e g\u00e9n\u00e9rale La France insoumise ? C\u2019est comme cela qu\u2019on parle de citoyens fran\u00e7ais ? Qu\u2019est-ce que cela signifie ? C\u2019est une sous-citoyenne ?\u00a0\u00bb R\u00e9ponse imm\u00e9diate : \u00ab\u00a0Prenez une tisane. Vous allez m\u2019apprendre \u00e0 parler, monsieur le pr\u00e9sident, peut-\u00eatre ?\u00a0\u00bb<\/p>\n<p>08:38<\/p>\n<p>Ces d\u00e9put\u00e9s en premi\u00e8re ligne<\/p>\n<p>Pas moins de trente d\u00e9put\u00e9s, pas toujours tous pr\u00e9sents aux auditions, forment ce groupe de travail. Ils sont issus de tous les groupes politiques de l\u2019Assembl\u00e9e nationale, et d\u2019un d\u00e9put\u00e9 non inscrit. Comme chaque commission d\u2019enqu\u00eate, celle-ci dispose d\u2019un pr\u00e9sident et d\u2019un rapporteur issus de camps diff\u00e9rents, dont l\u2019un est forc\u00e9ment le repr\u00e9sentant d\u2019un groupe d\u2019opposition.<\/p>\n<p>\u00a0Le 12 novembre 2025, les membres de la commission d\u2019enqu\u00eate ont \u00e9lu J\u00e9r\u00e9mie Patrier-Leitus, d\u00e9put\u00e9 Horizons du Calvados, \u00e0 sa pr\u00e9sidence. Charg\u00e9 de distribuer la parole et de faire \u00ab\u00a0la police d\u00e9bats\u00a0\u00bb, l\u2019\u00e9lu de 36 ans peut \u00e9galement poser des questions aux personnes auditionn\u00e9es.\u00a0<\/p>\n<p><img decoding=\"async\" src=\"https:\/\/www.europesays.com\/fr\/wp-content\/uploads\/2025\/12\/B2F46E4R7BDHNJRO6P37LMN3QE.jpg\"\/>Jeremie Patrier-Leitus. STEPHANE DE SAKUTIN \/ AFP<\/p>\n<p>Le rapporteur de la commission est Charles Alloncle, 32 ans, d\u00e9put\u00e9 UDR de l\u2019H\u00e9rault. Sa fonction lui donne un pouvoir d\u2019enqu\u00eate et une place de premier plan dans le questionnement des personnes auditionn\u00e9es. C\u2019est aussi lui qui sera charg\u00e9 de r\u00e9diger le rapport \u00e0 l&rsquo;issu des travaux de cette commission.<\/p>\n<p>08:31<\/p>\n<p>Le rappel \u00e0 l&rsquo;ordre de la pr\u00e9sidente de l&rsquo;Assembl\u00e9e<\/p>\n<p><img decoding=\"async\" src=\"https:\/\/www.europesays.com\/fr\/wp-content\/uploads\/2025\/12\/SA3DSWOHC5A4PKYO6D7NPTKA4A.jpg\"\/>Yael Braun-Pivet. (Dimitar DILKOFF \/ AFP)<\/p>\n<p>Des \u00ab incidents d\u2019une fr\u00e9quence et d\u2019une ampleur in\u00e9dites \u00bb. La pr\u00e9sidente de l\u2019Assembl\u00e9e nationale, Ya\u00ebl Braun-Pivet, <a href=\"https:\/\/www.leparisien.fr\/politique\/commission-denquete-sur-laudiovisuel-public-le-vif-rappel-a-lordre-de-yael-braun-pivet-contre-charles-alloncle-17-12-2025-4P3NONOSBVBL7P2EIDZP2W4PZU.php\" target=\"_blank\" rel=\"noopener\">a adress\u00e9 cette semaine un courrier<\/a> visant clairement le rapporteur de la commission d\u2019enqu\u00eate, le d\u00e9put\u00e9 UDR Charles Alloncle. Elle pointe des d\u00e9bordements en s\u00e9rie.<\/p>\n<p>\u00ab Parfois les commissions d\u2019enqu\u00eate peuvent \u00eatre d\u00e9voy\u00e9es \u00e0 des fins politiques, explique-t-elle. Il faut faire attention parce que c\u2019est un formidable outil de contr\u00f4le du Parlement sur l\u2019action des pouvoirs publics. \u00bb<\/p>\n<p>Depuis plusieurs semaines, certains soup\u00e7onnent les d\u00e9put\u00e9s d\u2019extr\u00eame droite de chercher \u00e0 d\u00e9voyer l\u2019objet de la commission d\u2019enqu\u00eate pour d\u00e9fendre <a href=\"https:\/\/www.leparisien.fr\/culture-loisirs\/tv\/rapport-de-la-cour-des-comptes-polemiques-une-rentree-sous-pression-a-france-televisions-23-09-2025-3UNKOT6EZZD7RDQPXJLKF4G7FM.php\" target=\"_blank\" rel=\"noopener\">la privatisation de France T\u00e9l\u00e9visions<\/a>. Charles Alloncle a d\u2019ailleurs d\u2019ores et d\u00e9j\u00e0 promis des \u00ab pistes radicales \u00bb pour son rapport final, attendu pour le printemps prochain.<\/p>\n<p>08:24<\/p>\n<p>Le groupe d&rsquo;Eric Ciotti \u00e0 la man\u0153uvre\u00a0<\/p>\n<p>Ce groupe de travail sur \u00ab\u00a0la neutralit\u00e9, le fonctionnement et le financement de l\u2019audiovisuel public\u00a0\u00bb a \u00e9t\u00e9 cr\u00e9\u00e9e le 28 octobre dernier \u00e0\u00a0l\u2019initiative de l\u2019Union des droites pour la R\u00e9publique (UDR), le groupe d\u2019Eric Ciotti \u00e0 l\u2019Assembl\u00e9e nationale.\u00a0<\/p>\n<p>Le d\u00e9put\u00e9 des Alpes-Maritimes avait annonc\u00e9 d\u00e8s septembre dernier sa volont\u00e9 de mettre sur pied une telle commission d\u2019enqu\u00eate dans le sillage de \u00ab<a href=\"https:\/\/www.leparisien.fr\/culture-loisirs\/tv\/affaire-legrandcohen-les-dirigeantes-de-france-televisions-et-radio-france-entendues-par-larcom-11-09-2025-QJXRM2D2EBGNLOR2G3EMZXJ5Y4.php\" target=\"_blank\" rel=\"noopener\">\u00a0l\u2019affaire Legrand\/Cohen\u00a0\u00bb<\/a>.<\/p>\n<p>\u00a0Minoritaire avec seulement 16 \u00e9lus, son groupe a, pour y parvenir, activ\u00e9 \u00ab\u00a0son droit de tirage\u00a0\u00bb, c\u2019est-\u00e0-dire la facult\u00e9 que lui octroie le r\u00e8glement de l\u2019Assembl\u00e9e nationale de cr\u00e9er une commission d\u2019enqu\u00eate une seule fois par session parlementaire.<\/p>\n<p>08:18<\/p>\n<p>Les objectifs de la commission<\/p>\n<p>Dans sa lettre d\u2019intention,\u00a0la commission d\u2019enqu\u00eate se fixe quatre buts principaux\u00a0: \u00a0<\/p>\n<ul>\n<li>Examiner\u00a0les \u00ab\u00a0th\u00e8mes d\u00e9velopp\u00e9s et les angles retenus\u00a0\u00bb par l\u2019audiovisuel public, en s\u2019assurant de \u00ab\u00a0l\u2019absence d\u2019agenda politique\u00a0\u00bb dans le \u00ab\u00a0processus de d\u00e9cision de l\u2019organisation des grilles de programmes\u00a0\u00bb,<\/li>\n<li>V\u00e9rifier \u00ab\u00a0l\u2019objectivit\u00e9 et la tra\u00e7abilit\u00e9 de l\u2019ensemble des processus de d\u00e9cision\u00a0\u00bb, notamment en mati\u00e8re d\u2019attributions de contrats, de recrutements, et de sanctions.<\/li>\n<li>Rechercher \u00ab\u00a0l\u2019existence de potentielles collusions avec des facteurs exog\u00e8nes (pressions politiques, leviers d\u2019influence, lobbys) et de conflits d\u2019int\u00e9r\u00eats qui pourraient avoir une influence sur les processus de d\u00e9cisions\u00a0\u00bb.<\/li>\n<li>\u00ab\u00a0Faire le point sur la gestion, la r\u00e9partition et l\u2019utilisation des budgets consacr\u00e9s \u00e0 l\u2019audiovisuel public\u00a0\u00bb.<\/li>\n<\/ul>\n<p>08:17<\/p>\n<p>Les horaires de passage de chacun<\/p>\n<ul>\n<li><strong>A 9 heures, Ad\u00e8le Van Reeth<\/strong>, directrice de France Inter, sera interrog\u00e9e en premier par les d\u00e9put\u00e9s. Elle aura \u00e0 ses c\u00f4t\u00e9s d&rsquo;autres huiles de la premi\u00e8re radio de France : le patron des programmes, Laurent Goumarre, Philippe Corb\u00e9, le directeur de l&rsquo;information, ainsi que Bertrand Rutily, directeur des antennes et de la production.<\/li>\n<li><strong>A 11 heures, St\u00e9phane Sitbon-Gomez<\/strong>, directeur des programmes de France T\u00e9l\u00e9visions et son bras droit Philippe Martinetti prendront place face aux \u00e9lus.<\/li>\n<\/ul>\n<p><img decoding=\"async\" src=\"https:\/\/www.europesays.com\/fr\/wp-content\/uploads\/2025\/12\/RVJRNAB72RBD7OISEH6FKNP3FQ.jpg\"\/>St\u00e9phane Sitbon Gomez, directeur des antennes et des programmes de France T\u00e9l\u00e9visions. LP\/Enzo Sultan<\/p>\n<ul>\n<li><strong>A 14h15, Patrick Cohen<\/strong>, \u00e9ditorialiste \u00e0 France Inter reviendra notamment sur sa conversation priv\u00e9e avec des \u00e9lus PS, dont l&rsquo;enregistrement sauvage et la divulgation publique a mis le feu aux poudres, suscitant des accusations de connivences ni\u00e9es par les int\u00e9ress\u00e9es.<\/li>\n<li><strong>A 15h45, Thomas Legrand,<\/strong> journaliste \u00e0 Lib\u00e9ration qui intervient aussi \u00e0 l&rsquo;antenne de France Inter, prendra sa place. Lui aussi \u00e9tait pr\u00e9sent lors de ce fameux \u00e9change avec des \u00e9lus socialistes. Et avait notamment eu des mots jug\u00e9s ambigus sur la ministre de la Culture et candidate \u00e0 la mairie de Paris. \u00ab\u00a0On fait ce qu\u2019il faut pour (Rachida) Dati\u00a0\u00bb.<\/li>\n<\/ul>\n<p>08:16<\/p>\n<p>Bonjour et bienvenue dans ce direct !<\/p>\n<p>Nous allons suivre ensemble la journ\u00e9e marathon de la commission d&rsquo;enqu\u00eate sur la neutralit\u00e9, le fonctionnement et le financement de l\u2019audiovisuel public dont les d\u00e9bats sont diffus\u00e9s en direct sur le site de l&rsquo;Assembl\u00e9e nationale. Une journ\u00e9e particuli\u00e8rement sensible au regard des quatre auditions qui vont se succ\u00e9der \u00e0 partir de 9 heures.<\/p>\n<p>Contexte<\/p>\n<p>Journ\u00e9e d\u00e9cisive pour la commission d&rsquo;enqu\u00eate sur l&rsquo;audiovisuel public<\/p>\n<ul>\n<li><strong>L&rsquo;affaire Legrand\/Cohen<\/strong> <strong>au menu des d\u00e9put\u00e9s.<\/strong> Les deux journalistes officiant sur France Inter, Thomas Legrand et Patrick Cohen, seront auditionn\u00e9s l&rsquo;un apr\u00e8s l&rsquo;autre ce jeudi apr\u00e8s-midi. Au c\u0153ur des discussions,<a href=\"https:\/\/www.leparisien.fr\/culture-loisirs\/tv\/affaire-legrandcohen-nous-avons-adresse-une-sommation-pour-obtenir-les-rushs-annonce-patrick-cohen-15-09-2025-YZHPSD6HRJGVNGBMT2DDNVNBLQ.php\" target=\"_blank\" rel=\"noopener\"> la vid\u00e9o pirate de septembre<\/a> qui leur a valu des accusations de connivences politiques avec le PS. C&rsquo;est d&rsquo;ailleurs <a href=\"https:\/\/www.leparisien.fr\/culture-loisirs\/tv\/affaire-legrandcohen-les-dirigeantes-de-france-televisions-et-radio-france-entendues-par-larcom-11-09-2025-QJXRM2D2EBGNLOR2G3EMZXJ5Y4.php\" target=\"_blank\" rel=\"noopener\">cet \u00e9pisode pol\u00e9mique<\/a> qui a d\u00e9clench\u00e9 la cr\u00e9ation de cette commission d&rsquo;enqu\u00eate sur la neutralit\u00e9 de l&rsquo;audiovisuel public.<\/li>\n<li><strong>Les patrons des stations sur le grill.<\/strong> Un peu plus t\u00f4t dans la journ\u00e9e, la fabrique des programmes sera aussi diss\u00e9qu\u00e9e par les parlementaires. D&rsquo;abord avec l&rsquo;\u00e9tat-major de France Inter, dont sa patronne, Ad\u00e8le Van Reeth. Avec ensuite le grand manitou des programmes de France T\u00e9l\u00e9visions, St\u00e9phane Sitbon-Gomez. Nul doute que leurs d\u00e9clarations pass\u00e9es (\u00ab France Inter est une radio progressiste \u00bb, avait dit Ad\u00e8le Van Reeth par exemple) seront cibl\u00e9es par le rapporteur ciottiste du groupe de travail, Charles Alloncle.<\/li>\n<li><strong>Nouvelle pol\u00e9mique ? <\/strong>L\u2019audition de Thomas Legrand intervient apr\u00e8s qu\u2019Europe 1 a rapport\u00e9 mardi une nouvelle conversation priv\u00e9e ayant eu lieu la veille entre le journaliste et l\u2019ex-patronne de France Inter, Laurence Bloch, dans un caf\u00e9. Lors de celle-ci, le tandem aurait notamment \u00e9voqu\u00e9 la future prise de parole de Thomas Legrand devant les d\u00e9put\u00e9s de la Commission d\u2019enqu\u00eate.\u00a0<\/li>\n<li><strong>Derniers d\u00e9bats avant la tr\u00eave des confiseurs.<\/strong> Il s&rsquo;agira des derni\u00e8res auditions avant la pause des vacances de No\u00ebl. La commission reprendra ensuite ses travaux d\u00e9but janvier.<\/li>\n<\/ul>\n","protected":false},"excerpt":{"rendered":"14:43 Reprise des d\u00e9bats Apr\u00e8s une courte pause d\u00e9jeuner, c\u2019est d\u00e9j\u00e0 l\u2019heure de la reprise pour les d\u00e9put\u00e9s.&hellip;\n","protected":false},"author":2,"featured_media":607532,"comment_status":"","ping_status":"","sticky":false,"template":"","format":"standard","meta":{"footnotes":""},"categories":[4],"tags":[11,1011,27,3751,1227,12,25,3755],"class_list":{"0":"post-607531","1":"post","2":"type-post","3":"status-publish","4":"format-standard","5":"has-post-thumbnail","7":"category-france","8":"tag-actualites","9":"tag-fr","10":"tag-france","11":"tag-headshot","12":"tag-horizontal","13":"tag-news","14":"tag-republique-francaise","15":"tag-studio-photography"},"share_on_mastodon":{"url":"https:\/\/pubeurope.com\/@fr\/115740901691353464","error":""},"_links":{"self":[{"href":"https:\/\/www.europesays.com\/fr\/wp-json\/wp\/v2\/posts\/607531","targetHints":{"allow":["GET"]}}],"collection":[{"href":"https:\/\/www.europesays.com\/fr\/wp-json\/wp\/v2\/posts"}],"about":[{"href":"https:\/\/www.europesays.com\/fr\/wp-json\/wp\/v2\/types\/post"}],"author":[{"embeddable":true,"href":"https:\/\/www.europesays.com\/fr\/wp-json\/wp\/v2\/users\/2"}],"replies":[{"embeddable":true,"href":"https:\/\/www.europesays.com\/fr\/wp-json\/wp\/v2\/comments?post=607531"}],"version-history":[{"count":0,"href":"https:\/\/www.europesays.com\/fr\/wp-json\/wp\/v2\/posts\/607531\/revisions"}],"wp:featuredmedia":[{"embeddable":true,"href":"https:\/\/www.europesays.com\/fr\/wp-json\/wp\/v2\/media\/607532"}],"wp:attachment":[{"href":"https:\/\/www.europesays.com\/fr\/wp-json\/wp\/v2\/media?parent=607531"}],"wp:term":[{"taxonomy":"category","embeddable":true,"href":"https:\/\/www.europesays.com\/fr\/wp-json\/wp\/v2\/categories?post=607531"},{"taxonomy":"post_tag","embeddable":true,"href":"https:\/\/www.europesays.com\/fr\/wp-json\/wp\/v2\/tags?post=607531"}],"curies":[{"name":"wp","href":"https:\/\/api.w.org\/{rel}","templated":true}]}}