{"id":607540,"date":"2025-12-18T14:00:20","date_gmt":"2025-12-18T14:00:20","guid":{"rendered":"https:\/\/www.europesays.com\/fr\/607540\/"},"modified":"2025-12-18T14:00:20","modified_gmt":"2025-12-18T14:00:20","slug":"football-auteur-dun-but-genial-avec-manchester-city-rayan-cherki-ou-le-vol-de-lete","status":"publish","type":"post","link":"https:\/\/www.europesays.com\/fr\/607540\/","title":{"rendered":"Football. Auteur d\u2019un but g\u00e9nial avec Manchester City, Rayan Cherki ou \u00ab\u00a0le vol de l\u2019\u00e9t\u00e9\u00a0\u00bb"},"content":{"rendered":"<p>Contraint de vendre rapidement l\u2019\u00e9t\u00e9 dernier pour passer l\u2019\u00e9cueil de la DNCG et rattraper le massacre financier de <a href=\"https:\/\/www.leprogres.fr\/p\/john-textor\" target=\"_blank\" rel=\"noopener\">John Textor<\/a>, est-ce que l\u2019Olympique Lyonnais n\u2019a pas vendu au rabais <a href=\"https:\/\/www.leprogres.fr\/p\/rayan-cherki\" target=\"_blank\" rel=\"noopener\">Rayan Cherki<\/a> <a href=\"https:\/\/www.leprogres.fr\/sport\/2025\/06\/09\/rayan-cherki-quitte-l-ol-pour-manchester-city\" target=\"_blank\" rel=\"noopener\">pour une somme comprise entre 35 et 40\u00a0M\u20ac \u00e0 Manchester City<\/a> \u00a0?<\/p>\n<p>La th\u00e8se prend de plus en plus d\u2019\u00e9paisseur outre-Manche \u00e0 mesure que l\u2019international de 22 ans empile les passes que lui seul voit, les arabesques techniques et les buts fantastiques.<\/p>\n<p>Guardiola : \u00ab\u00a0Il est exceptionnel\u00a0\u00bb<\/p>\n<p>La preuve encore mercredi soir en quart de finale de League Cup, o\u00f9 les Citizens ont \u00e9t\u00e9 mis sur orbite face \u00e0 Brentford (2-0) gr\u00e2ce \u00e0 un but g\u00e9nial de Cherki\u00a0: apr\u00e8s un corner renvoy\u00e9 par la d\u00e9fense, le joueur form\u00e9 \u00e0 l\u2019OL a enchain\u00e9 feinte et tir puissant en pleine lucarne malgr\u00e9 une for\u00eat d\u2019adversaires \u00e0 traverser.<\/p>\n<p>Un v\u00e9ritable \u00ab\u00a0banger\u00a0\u00bb qui conforte un peu plus ses belles stats depuis le d\u00e9but de saison\u00a0: malgr\u00e9 une blessure qui l\u2019a tenu \u00e9loign\u00e9 quelque temps, Rayan Cherki culmine d\u00e9j\u00e0 \u00e0 5 buts et 8 passes d\u00e9cisives en 23 apparitions (seulement 10 titularisations).<\/p>\n<p>Ce contenu est bloqu\u00e9 car vous n&rsquo;avez pas accept\u00e9 les cookies et autres traceurs.<\/p>\n<p>En cliquant sur \u00ab J\u2019accepte \u00bb, les cookies et autres traceurs seront d\u00e9pos\u00e9s et vous pourrez visualiser les contenus  (<a href=\"\" class=\"consentModule_policy\" target=\"_blank\" title=\"Consulter la politique de protection des donn\u00e9es du fournisseur\">plus d&rsquo;informations<\/a>).<\/p>\n<p>En cliquant sur \u00ab J\u2019accepte tous les cookies \u00bb, vous autorisez des d\u00e9p\u00f4ts de cookies et autres traceurs pour le stockage de vos donn\u00e9es sur nos sites et applications \u00e0 des fins de personnalisation et de ciblage publicitaire.<\/p>\n<p class=\"consentModule_secondaryText\">Vous gardez la possibilit\u00e9 de retirer votre consentement \u00e0 tout moment en consultant notre <a href=\"https:\/\/www.leprogres.fr\/protection-des-donnees\" target=\"_blank\" title=\"Consulter notre politique de protection des donn\u00e9es\" rel=\"noopener\">politique de protection des donn\u00e9es<\/a>. <br \/>&#13;<br \/>\n            <a href=\"https:\/\/www.leprogres.fr\/sport\/2025\/12\/18\/javascript:Didomi.notice.show()\" class=\"consentModule_cmp\" target=\"_blank\" rel=\"noopener\">G\u00e9rer mes choix<\/a>&#13;\n        <\/p>\n<p>&#13;<br \/>\n                        J&rsquo;accepte&#13;<br \/>\n            J&rsquo;accepte tous les cookies&#13;\n        <\/p>\n<p>Aminci, d\u00e9cisif et flamboyant, Cherki a m\u00eame pouss\u00e9 son coach <a href=\"https:\/\/www.leprogres.fr\/p\/pep-guardiola\" target=\"_blank\" rel=\"noopener\">Pep Guardiola<\/a> \u00e0 l\u00e2cher, mercredi\u00a0: \u00ab\u00a0Il est exceptionnel. M\u00eame un aveugle peut le voir.\u00a0\u00bb Tandis que dans un \u00e9dito publi\u00e9 ce jeudi dans le Daily Mail, Jack Vaughan va jusqu\u2019\u00e0 qualifier le Gone de \u00ab\u00a0vol de l\u2019\u00e9t\u00e9\u00a0\u00bb, eu \u00e9gard au co\u00fbt du transfert relatif pour les finances sans limites d\u2019un club d\u00e9tenu par les \u00c9mirats Arabes Unis.<\/p>\n","protected":false},"excerpt":{"rendered":"Contraint de vendre rapidement l\u2019\u00e9t\u00e9 dernier pour passer l\u2019\u00e9cueil de la DNCG et rattraper le massacre financier de&hellip;\n","protected":false},"author":2,"featured_media":607541,"comment_status":"","ping_status":"","sticky":false,"template":"","format":"standard","meta":{"footnotes":""},"categories":[1410],"tags":[2757,107,63,1011,27,2428,2756,2755,2429,517,60],"class_list":{"0":"post-607540","1":"post","2":"type-post","3":"status-publish","4":"format-standard","5":"has-post-thumbnail","7":"category-football","8":"tag-edition-lyon-villeurbanne","9":"tag-fil-info","10":"tag-football","11":"tag-fr","12":"tag-france","13":"tag-lyon","14":"tag-lyon-bassin","15":"tag-ol-olympique-lyonnais-football","16":"tag-rhone","17":"tag-sport","18":"tag-sports"},"share_on_mastodon":{"url":"https:\/\/pubeurope.com\/@fr\/115740935787959212","error":""},"_links":{"self":[{"href":"https:\/\/www.europesays.com\/fr\/wp-json\/wp\/v2\/posts\/607540","targetHints":{"allow":["GET"]}}],"collection":[{"href":"https:\/\/www.europesays.com\/fr\/wp-json\/wp\/v2\/posts"}],"about":[{"href":"https:\/\/www.europesays.com\/fr\/wp-json\/wp\/v2\/types\/post"}],"author":[{"embeddable":true,"href":"https:\/\/www.europesays.com\/fr\/wp-json\/wp\/v2\/users\/2"}],"replies":[{"embeddable":true,"href":"https:\/\/www.europesays.com\/fr\/wp-json\/wp\/v2\/comments?post=607540"}],"version-history":[{"count":0,"href":"https:\/\/www.europesays.com\/fr\/wp-json\/wp\/v2\/posts\/607540\/revisions"}],"wp:featuredmedia":[{"embeddable":true,"href":"https:\/\/www.europesays.com\/fr\/wp-json\/wp\/v2\/media\/607541"}],"wp:attachment":[{"href":"https:\/\/www.europesays.com\/fr\/wp-json\/wp\/v2\/media?parent=607540"}],"wp:term":[{"taxonomy":"category","embeddable":true,"href":"https:\/\/www.europesays.com\/fr\/wp-json\/wp\/v2\/categories?post=607540"},{"taxonomy":"post_tag","embeddable":true,"href":"https:\/\/www.europesays.com\/fr\/wp-json\/wp\/v2\/tags?post=607540"}],"curies":[{"name":"wp","href":"https:\/\/api.w.org\/{rel}","templated":true}]}}