{"id":607544,"date":"2025-12-18T14:02:13","date_gmt":"2025-12-18T14:02:13","guid":{"rendered":"https:\/\/www.europesays.com\/fr\/607544\/"},"modified":"2025-12-18T14:02:13","modified_gmt":"2025-12-18T14:02:13","slug":"les-degats-des-photographes-naturalistes-sur-la-faune-et-la-flore","status":"publish","type":"post","link":"https:\/\/www.europesays.com\/fr\/607544\/","title":{"rendered":"Les d\u00e9g\u00e2ts des photographes naturalistes sur la faune et la flore"},"content":{"rendered":"<p class=\"PopSlotParagraph qg-tx2 qg-xtra-lh svelte-1r0pyek\">Nous sommes en Inde, dans une for\u00eat tropicale du Kerala, et vivent, l\u00e0, \u00e0 l\u2019abri sous un tronc d\u2019arbre, sept grenouilles minuscules, la moiti\u00e9 de mon doigt\u00a0: des Melanobatrachus indicus, esp\u00e8ce tr\u00e8s rare et en danger, qu\u2019on connait plut\u00f4t sous le nom de grenouille \u00ab\u00a0galaxie\u00a0\u00bb, en raison des t\u00e2ches blanches qu\u2019elle a sur sa peau toute noire et qui font penser \u00e0 des \u00e9toiles. Un chercheur raconte au\u00a0<a href=\"https:\/\/www.theguardian.com\/environment\/2025\/dec\/17\/galaxy-frogs-disappear-photographers-habitat-kerala\" target=\"_blank\" rel=\"noopener noreferrer\" class=\"\" data-testid=\"link\">Guardian<\/a>\u00a0qu\u2019il les avaient rep\u00e9r\u00e9es d\u00e9but 2020, juste avant le Covid. Mais quand il est retourn\u00e9 sur place, des mois apr\u00e8s\u00a0: plus personne. Grenouilles disparues. Le tronc d\u00e9plac\u00e9, et tout cass\u00e9.<\/p>\n<p class=\"PopSlotParagraph qg-tx2 qg-xtra-lh svelte-1r0pyek\">Renseignements pris il apprend que plusieurs petits groupes de photographes animaliers sont venus entre-temps et ont tout retourn\u00e9, pire\u00a0: ils ont pris les mini grenouilles dans leurs mains, sans gants, pour les mettre dans un endroit plus photog\u00e9nique. Bilan, deux galaxies meurent directement, et les autres, donc, n\u2019ont plus donn\u00e9 signe de vie.<\/p>\n<p class=\"PopSlotParagraph qg-tx2 qg-xtra-lh svelte-1r0pyek\">Nouvel exemple de ce que peuvent faire <strong>certains photographes plus pr\u00e9occup\u00e9s par la bonne images que par le sort de la faune ou de la flore qu\u2019ils mitraillent.<\/strong><\/p>\n<p> La photo animali\u00e8re, un tourisme de masse<\/p>\n<p class=\"PopSlotParagraph qg-tx2 qg-xtra-lh svelte-1r0pyek\">Parce qu&rsquo;il ne s&rsquo;agit pas d&rsquo;un cas isol\u00e9.\u00a0Pouss\u00e9e par les concours, les r\u00e9seaux sociaux, et la technologie, qui vend des appareils et t\u00e9l\u00e9objectifs de compet\u2019 aux amateurs, la photo naturaliste cartonne. Des naturalistes (des vrais) m\u2019ont racont\u00e9 avoir d\u00e9j\u00e0 vu 50 photographes agglutin\u00e9s pr\u00e8s d&rsquo;un lac o\u00f9 des milliers de grues s&rsquo;envolent le matin, ou encore en montagne cet homme post\u00e9 avec son appareil juste \u00e0 l\u2019entr\u00e9e d\u2019un terrier de marmottes\u2026<\/p>\n<p class=\"PopSlotParagraph qg-tx2 qg-xtra-lh svelte-1r0pyek\">Certains parlent carr\u00e9ment de \u00ab\u00a0tourisme de masse\u00a0\u00bb. Voici d\u2019ailleurs ce que m\u2019a dit le photographe Vincent Munier, qu\u2019on connait pour la Panth\u00e8re des neiges et qui nous emm\u00e8ne depuis hier au cin\u00e9ma dans les Vosges \u00e9couter \u00ab\u00a0le Chant des forets\u00a0\u00bb.\u00a0<strong>\u00ab\u00a0La\u00a0photo animali\u00e8re n\u2019\u00e9chappe pas au consum\u00e9risme et c\u2019est horrible\u00a0\u00bb<\/strong>\u00a0Petit sentiment de culpabilit\u00e9 m\u00eal\u00e9 parce que lui, comme d\u2019autres contribuent aussi, avec leur travail \u00e0 donner envie de les imiter, et partir \u00e0 l\u2019aff\u00fbt&#8230; D&rsquo;o\u00f9 la volont\u00e9 profonde que les amateurs n\u2019oublient pas qu\u2019ils d\u00e9rangent, avec des cons\u00e9quences graves parfois.<\/p>\n<p> La photo animali\u00e8re ou l&rsquo;art de la qu\u00eate<\/p>\n<p class=\"PopSlotParagraph qg-tx2 qg-xtra-lh svelte-1r0pyek\">Mais figurez-vous que les pros aussi trichent pour avoir le clich\u00e9 parfait \u00e9crit cette fois le site\u00a0<a href=\"https:\/\/reporterre.net\/Photographie-animaliere-la-triche-planquee-derriere-le-cliche-parfait\" target=\"_blank\" rel=\"noopener noreferrer\" class=\"\" data-testid=\"link\">Reporterre.net<\/a>. Un exemple, utilis\u00e9 par un gagnant du prestigieux Wildlife Photographer of the year, et plein d\u2019autres\u00a0: <strong>la location d\u2019affuts tout confort dans le grand nord o\u00f9 on leur d\u00e9pose des carcasses de cochon, du saumon ou m\u00eame des croquettes pour attirer ours ou loups<\/strong> pile l\u00e0 o\u00f9 ils l\u2019ont d\u00e9cid\u00e9 et clac y\u2019a plus qu\u2019\u00e0.<\/p>\n<p class=\"PopSlotParagraph qg-tx2 qg-xtra-lh svelte-1r0pyek\">Beaucoup rappellent que la photo animali\u00e8re est avant tout l\u2019art de la qu\u00eate. Dites-vous qu\u2019en 2015, pour immortaliser le plongeon d\u2019un martin-p\u00eacheur, le bec qui touche \u00e0 peine l\u2019eau, sans aucune \u00e9claboussure, une oeuvre d\u2019art, un Ecossais a eu besoin de 4\u00a0200\u00a0heures et 720\u00a0000\u00a0tentatives\u00a0!<\/p>\n","protected":false},"excerpt":{"rendered":"Nous sommes en Inde, dans une for\u00eat tropicale du Kerala, et vivent, l\u00e0, \u00e0 l\u2019abri sous un tronc&hellip;\n","protected":false},"author":2,"featured_media":607545,"comment_status":"","ping_status":"","sticky":false,"template":"","format":"standard","meta":{"footnotes":""},"categories":[1358],"tags":[1348,1384,1385,1386,58,59,1011,27],"class_list":{"0":"post-607544","1":"post","2":"type-post","3":"status-publish","4":"format-standard","5":"has-post-thumbnail","7":"category-arts-et-design","8":"tag-arts","9":"tag-arts-and-design","10":"tag-arts-et-design","11":"tag-design","12":"tag-divertissement","13":"tag-entertainment","14":"tag-fr","15":"tag-france"},"share_on_mastodon":{"url":"https:\/\/pubeurope.com\/@fr\/115740943511742775","error":""},"_links":{"self":[{"href":"https:\/\/www.europesays.com\/fr\/wp-json\/wp\/v2\/posts\/607544","targetHints":{"allow":["GET"]}}],"collection":[{"href":"https:\/\/www.europesays.com\/fr\/wp-json\/wp\/v2\/posts"}],"about":[{"href":"https:\/\/www.europesays.com\/fr\/wp-json\/wp\/v2\/types\/post"}],"author":[{"embeddable":true,"href":"https:\/\/www.europesays.com\/fr\/wp-json\/wp\/v2\/users\/2"}],"replies":[{"embeddable":true,"href":"https:\/\/www.europesays.com\/fr\/wp-json\/wp\/v2\/comments?post=607544"}],"version-history":[{"count":0,"href":"https:\/\/www.europesays.com\/fr\/wp-json\/wp\/v2\/posts\/607544\/revisions"}],"wp:featuredmedia":[{"embeddable":true,"href":"https:\/\/www.europesays.com\/fr\/wp-json\/wp\/v2\/media\/607545"}],"wp:attachment":[{"href":"https:\/\/www.europesays.com\/fr\/wp-json\/wp\/v2\/media?parent=607544"}],"wp:term":[{"taxonomy":"category","embeddable":true,"href":"https:\/\/www.europesays.com\/fr\/wp-json\/wp\/v2\/categories?post=607544"},{"taxonomy":"post_tag","embeddable":true,"href":"https:\/\/www.europesays.com\/fr\/wp-json\/wp\/v2\/tags?post=607544"}],"curies":[{"name":"wp","href":"https:\/\/api.w.org\/{rel}","templated":true}]}}