{"id":607548,"date":"2025-12-18T14:05:17","date_gmt":"2025-12-18T14:05:17","guid":{"rendered":"https:\/\/www.europesays.com\/fr\/607548\/"},"modified":"2025-12-18T14:05:17","modified_gmt":"2025-12-18T14:05:17","slug":"jour-18-du-calendrier-de-lavent","status":"publish","type":"post","link":"https:\/\/www.europesays.com\/fr\/607548\/","title":{"rendered":"Jour 18 du Calendrier de l&rsquo;Avent"},"content":{"rendered":"<p>\ud83c\udfaf Un parcours sensoriel pas comme les autres<\/p>\n<p style=\"margin: 0 0 12px; font-size: 14px; line-height: 1.6; color: #ffffff;\">Au programme : d\u00e9fis dans le noir, \u00e9preuves surprenantes, sensations nouvelles et fous rires garantis. Le parcours <strong>SENSAS<\/strong> met vos sens \u00e0 l\u2019\u00e9preuve tout en vous faisant vivre un moment unique entre amis, en famille ou entre coll\u00e8gues.<\/p>\n<p>Une exp\u00e9rience \u00e0 partager \u00e0 4<\/p>\n<p style=\"margin: 0 0 12px; font-size: 14px; line-height: 1.6; color: #ffffff;\">Le lot comprend <strong>4 places<\/strong> pour le parcours SENSAS Brest : l\u2019occasion parfaite de former votre \u00e9quipe de choc et de relever les d\u00e9fis tous ensemble.<\/p>\n<p>\ud83c\udf10 En savoir plus sur SENSAS Brest<\/p>\n<p style=\"margin: 0 0 12px; font-size: 14px; line-height: 1.6; color: #ffffff;\">Pour d\u00e9couvrir l\u2019univers de SENSAS Brest, rendez-vous sur leur site\u00a0:<br \/><a href=\"https:\/\/hitwest.ouest-france.fr\/URL_DU_SITE_SENSAS\" rel=\"noopener\" style=\"color: #ffcc00; text-decoration: underline;\" target=\"_blank\"> URL_DU_SITE_SENSAShttps:\/\/brest.sensas.top\/\u00a0<\/a><\/p>\n<p>\ud83c\udf81 Comment participer au jeu concours ?<\/p>\n<p style=\"margin: 0 0 8px;\">Pour cette case, la participation se fait <strong>exclusivement sur le site Hit West<\/strong> :<\/p>\n<p style=\"margin: 0 0 8px;\">\ud83d\udc49 Remplissez le formulaire de participation ci-dessous puis validez \u2728<\/p>\n<p style=\"margin: 10px 0 0; font-size: 13px; opacity: 0.9; color: #ffffff;\">Bonne chance \u00e0 tous \u2728 ! Et rendez-vous demain pour d\u00e9couvrir la prochaine case de notre Calendrier de l\u2019Avent Hit West \ud83d\udc9b<\/p>\n<p style=\"margin: 10px 0 0; font-size: 13px; opacity: 0.9; color: #ffffff;\"><img decoding=\"async\" style=\"font-size: 16px; background-color: #075d4e; width: 436px; border-radius: 14px; box-shadow: rgba(0, 0, 0, 0.45) 0px 10px 25px;\" src=\"https:\/\/www.europesays.com\/fr\/wp-content\/uploads\/2025\/12\/7JcEKuaLEe.png\" alt=\"SENSAS Brest \u2013 parcours sensoriel\" height=\"545\"\/><\/p>\n","protected":false},"excerpt":{"rendered":"\ud83c\udfaf Un parcours sensoriel pas comme les autres Au programme : d\u00e9fis dans le noir, \u00e9preuves surprenantes, sensations&hellip;\n","protected":false},"author":2,"featured_media":607549,"comment_status":"","ping_status":"","sticky":false,"template":"","format":"standard","meta":{"footnotes":""},"categories":[1355],"tags":[71879,71886,71888,71885,70168,71887,58,59,71883,1011,27,71884,66532,71880,1361,873,71878,71877,71881,71882],"class_list":{"0":"post-607548","1":"post","2":"type-post","3":"status-publish","4":"format-standard","5":"has-post-thumbnail","7":"category-musique","8":"tag-activite-brest","9":"tag-activite-fun-bretagne","10":"tag-activite-team-building-brest","11":"tag-bons-plans-brest","12":"tag-calendrier-de-lavent-hit-west","13":"tag-defi-sensoriel-brest","14":"tag-divertissement","15":"tag-entertainment","16":"tag-experience-immersive-brest","17":"tag-fr","18":"tag-france","19":"tag-idees-sorties-finistere","20":"tag-jeu-concours-hit-west","21":"tag-loisirs-brest","22":"tag-music","23":"tag-musique","24":"tag-parcours-sensoriel-brest","25":"tag-sensas-brest","26":"tag-sortie-en-famille-bretagne","27":"tag-sortie-entre-amis-brest"},"share_on_mastodon":{"url":"https:\/\/pubeurope.com\/@fr\/115740956199397125","error":""},"_links":{"self":[{"href":"https:\/\/www.europesays.com\/fr\/wp-json\/wp\/v2\/posts\/607548","targetHints":{"allow":["GET"]}}],"collection":[{"href":"https:\/\/www.europesays.com\/fr\/wp-json\/wp\/v2\/posts"}],"about":[{"href":"https:\/\/www.europesays.com\/fr\/wp-json\/wp\/v2\/types\/post"}],"author":[{"embeddable":true,"href":"https:\/\/www.europesays.com\/fr\/wp-json\/wp\/v2\/users\/2"}],"replies":[{"embeddable":true,"href":"https:\/\/www.europesays.com\/fr\/wp-json\/wp\/v2\/comments?post=607548"}],"version-history":[{"count":0,"href":"https:\/\/www.europesays.com\/fr\/wp-json\/wp\/v2\/posts\/607548\/revisions"}],"wp:featuredmedia":[{"embeddable":true,"href":"https:\/\/www.europesays.com\/fr\/wp-json\/wp\/v2\/media\/607549"}],"wp:attachment":[{"href":"https:\/\/www.europesays.com\/fr\/wp-json\/wp\/v2\/media?parent=607548"}],"wp:term":[{"taxonomy":"category","embeddable":true,"href":"https:\/\/www.europesays.com\/fr\/wp-json\/wp\/v2\/categories?post=607548"},{"taxonomy":"post_tag","embeddable":true,"href":"https:\/\/www.europesays.com\/fr\/wp-json\/wp\/v2\/tags?post=607548"}],"curies":[{"name":"wp","href":"https:\/\/api.w.org\/{rel}","templated":true}]}}