{"id":607550,"date":"2025-12-18T14:06:30","date_gmt":"2025-12-18T14:06:30","guid":{"rendered":"https:\/\/www.europesays.com\/fr\/607550\/"},"modified":"2025-12-18T14:06:30","modified_gmt":"2025-12-18T14:06:30","slug":"le-prochain-fast-furious-avec-cristiano-ronaldo-improbable-mais-vrai","status":"publish","type":"post","link":"https:\/\/www.europesays.com\/fr\/607550\/","title":{"rendered":"Le prochain Fast &#038; Furious avec Cristiano Ronaldo ? Improbable mais vrai"},"content":{"rendered":"<p>Tout porte \u00e0 croire que Cristiano Ronaldo appara\u00eetra dans le futur film Fast &amp; Furious. Vin Diesel a fait savoir qu\u2019un r\u00f4le a \u00e9t\u00e9 \u00e9crit pour lui, tandis que l\u2019acteur Tyrese Gibson l\u2019a officiellement accueilli avec un photomontage. <\/p>\n<p>On peut gagner cinq titres de Ligue des champions, titiller les 1 000 buts en carri\u00e8re, avoir le record du nombre de s\u00e9lections avec une \u00e9quipe nationale, \u00eatre le meilleur buteur d\u2019un club mythique, avoir marqu\u00e9 un nombre incalculable de tripl\u00e9s et \u00eatre l\u2019un, sinon le meilleur footballeur de la plan\u00e8te, et avoir encore des choses \u00e0 accomplir. La preuve : <a href=\"https:\/\/www.numerama.com\/tech\/1794828-cristiano-ronaldo-vient-de-battre-un-record-sur-youtube.html\" target=\"_blank\" rel=\"noopener\">Cristiano Ronaldo<\/a> pr\u00e9parerait d\u00e9j\u00e0 une reconversion professionnelle. <\/p>\n<p>\u00ab Bienvenue dans la famille \u00bb, a ainsi annonc\u00e9 le 17 d\u00e9cembre, sur <a href=\"https:\/\/x.com\/Tyrese\/status\/2001399474074034349\" target=\"_blank\" rel=\"noreferrer noopener\">son compte X<\/a>, l\u2019acteur Tyrese Gibson. L\u2019un des visages de la saga Fast &amp; Furious accompagne son message d\u2019une photo r\u00e9alis\u00e9e avec une IA, r\u00e9unissant Vin Diesel, Jason Statham, Michelle Rodriguez, Dwayne Johnson, Ludacris, Cristiano Ronaldo et, donc, lui-m\u00eame. Verra-t-on vraiment CR7 dans le onzi\u00e8me film de la saga, pr\u00e9vu pour 2027 ? Ce n\u2019est a priori pas une farce. <\/p>\n<p><a href=\"https:\/\/www.numerama.com\/wp-content\/uploads\/2025\/12\/capture-decran-2025-12-18-a-102322.jpg\" target=\"_blank\" rel=\"noopener\"><img decoding=\"async\" width=\"1024\" height=\"576\" loading=\"lazy\" alt=\"Cristiano Ronaldo \/\/ Source : Compte X de Ronaldo\" title=\"Cristiano Ronaldo \/\/ Source : Compte X de Ronaldo\" class=\"wp-image-2144927 placeholder-default wp-image\" src=\"https:\/\/www.europesays.com\/fr\/wp-content\/uploads\/2025\/12\/capture-decran-2025-12-18-a-102322-1024x576.jpg\" \/><\/a>Cristiano Ronaldo \/\/ Source : <a target=\"_blank\" href=\"https:\/\/x.com\/Cristiano\/status\/1981817584077983813\/photo\/1\">Compte X de Ronaldo<\/a><\/p>\n<p>Cristiano Ronaldo, le footballeur, dans Fast &amp; Furious ? Ce serait un sacr\u00e9 buzz <\/p>\n<p>Connaissant Tyrese Gibson, on pourrait effectivement croire \u00e0 une blague. Mais c\u2019\u00e9tait sans compter une publication r\u00e9cente de Vin Diesel. Le 12 d\u00e9cembre, sur <a href=\"https:\/\/www.instagram.com\/vindiesel\/p\/DSJ_naSjkDz\/\" target=\"_blank\" rel=\"noreferrer noopener\">Instagram<\/a>, le grand manitou des F&amp;F avait partag\u00e9 une photo de Cristiano Ronaldo et lui, avec un petit teasing : \u00ab Tout le monde m\u2019a demand\u00e9 s\u2019il pourrait faire partie de la mythologie Fast\u2026 Je vais vous dire que c\u2019est le cas. On a \u00e9crit un r\u00f4le pour lui\u2026 \u00bb Le joueur portugais, toujours concentr\u00e9 sur sa carri\u00e8re sportive (notamment sa qu\u00eate des 1 000 buts et la future Coupe du monde), n\u2019a pas r\u00e9agi.<\/p>\n<p><a href=\"https:\/\/www.numerama.com\/wp-content\/uploads\/2025\/12\/screenshot-2025-12-18-at-104729.jpg\" target=\"_blank\" rel=\"noopener\"><img decoding=\"async\" width=\"1024\" height=\"670\" loading=\"lazy\" alt=\"CR7 et Vin Diesel.\" title=\"CR7 et Vin Diesel.\" class=\"wp-image-2145021 placeholder-default wp-image\" src=\"https:\/\/www.europesays.com\/fr\/wp-content\/uploads\/2025\/12\/screenshot-2025-12-18-at-104729-1024x670.jpg\" \/><\/a>CR7 et Vin Diesel. \/\/ Source : <a href=\"https:\/\/www.instagram.com\/vindiesel\/p\/DSJ_naSjkDz\/\" rel=\"nofollow noopener\" target=\"_blank\">Instagram<\/a><\/p>\n<p>Il y a encore une incertitude sur l\u2019implication de Cristiano Ronaldo dans le futur Fast &amp; Furious \u2014 qui promet un retour aux sources, <a href=\"https:\/\/www.numerama.com\/pop-culture\/2000431-le-dernier-film-fast-furious-fera-revenir-un-heros-iconique-de-la-saga.html\" target=\"_blank\" rel=\"noopener\">notamment articul\u00e9 autour de l\u2019apparition de Brian<\/a> (h\u00e9ros jou\u00e9 par le regrett\u00e9 Paul Walker). Mais toujours est-il que la porte est ouverte pour l\u2019ex-star du Real Madrid, qui a peut-\u00eatre d\u00e9j\u00e0 sign\u00e9 son contrat, ou s\u2019appr\u00eate \u00e0 le faire. Sa seule pr\u00e9sence au casting, selon toute vraisemblance dans un simple cam\u00e9o, suffirait en tout cas \u00e0 cr\u00e9er un buzz immense \u2014 quand bien m\u00eame l\u2019histoire serait encore plus belle s\u2019il jouait pour un club de Los Angeles. Et ce serait vertueux : avec la popularit\u00e9 de CR7, Fast &amp; Furious gagnerait encore plus en attractivit\u00e9.<\/p>\n<p>Historiquement, la saga Fast &amp; Furious n\u2019est pas habitu\u00e9e aux invit\u00e9s de ce genre, puisqu\u2019elle a b\u00e2ti son univers autour de la notion de famille \u2014 avec des personnages r\u00e9currents (qui ont du mal \u00e0 mourir, d\u2019ailleurs). Toutefois, Cristiano Ronaldo ne serait pas le seul sportif \u00e0 appara\u00eetre dans un film. Rondey Rousey, ex-championne de l\u2019UFC, est dans Fast &amp; Furious 7, au sein d\u2019une sc\u00e8ne particuli\u00e8rement muscl\u00e9e. Elle a \u00e9t\u00e9 imit\u00e9e par Francis Ngannou dans Fast &amp; Furious 9. En France, le c\u00e9l\u00e8bre Zlatan Ibrahimovi\u0107 avait jou\u00e9 dans Asterix. <\/p>\n<p>    Pour aller plus loin<\/p>\n<p>                <img decoding=\"async\" width=\"87\" height=\"87\" loading=\"lazy\" alt=\"Vin Diesel dans Fast &amp; Furious \/\/ Source : Universal Pictures\" title=\"Vin Diesel dans Fast &amp; Furious \/\/ Source : Universal Pictures\" class=\"placeholder-default wp-image\" src=\"https:\/\/www.europesays.com\/fr\/wp-content\/uploads\/2025\/12\/capture-decran-2025-09-03-a-102357-200x200.jpg\" \/>            <\/p>\n<p>            <img decoding=\"async\" src=\"https:\/\/www.europesays.com\/fr\/wp-content\/uploads\/2025\/12\/iPhone-16-pro-vDJtn9o4_vzSsPIGCFDc5.png\" alt=\"Toute l'actu tech en un clien d'oeil\"\/><\/p>\n<p class=\"card-install-pwa__title\">Toute l&rsquo;actu tech en un clin d&rsquo;\u0153il<\/p>\n<p class=\"card-install-pwa__description\">Ajoutez Numerama \u00e0 votre \u00e9cran d&rsquo;accueil et restez connect\u00e9s au futur !<\/p>\n<p>            <img decoding=\"async\" src=\"https:\/\/www.numerama.com\/wp-content\/themes\/numerama-next\/dist\/images\/premium\/logo-card-pwa-coupe-vCvPQ_Q_ysBNfqKp6w7gG.svg\" alt=\"Logo PWA\"\/><\/p>\n<p>       Installer Numerama<\/p>\n<p>        <script async src=\"\/\/www.instagram.com\/embed.js\"><\/script><\/p>\n","protected":false},"excerpt":{"rendered":"Tout porte \u00e0 croire que Cristiano Ronaldo appara\u00eetra dans le futur film Fast &amp; Furious. Vin Diesel a&hellip;\n","protected":false},"author":2,"featured_media":607551,"comment_status":"","ping_status":"","sticky":false,"template":"","format":"standard","meta":{"footnotes":""},"categories":[1354],"tags":[13282,58,59,51009,1346,1011,27,1360],"class_list":{"0":"post-607550","1":"post","2":"type-post","3":"status-publish","4":"format-standard","5":"has-post-thumbnail","7":"category-films","8":"tag-cristiano-ronaldo","9":"tag-divertissement","10":"tag-entertainment","11":"tag-fast-furious","12":"tag-films","13":"tag-fr","14":"tag-france","15":"tag-movies"},"share_on_mastodon":{"url":"https:\/\/pubeurope.com\/@fr\/115740960159081428","error":""},"_links":{"self":[{"href":"https:\/\/www.europesays.com\/fr\/wp-json\/wp\/v2\/posts\/607550","targetHints":{"allow":["GET"]}}],"collection":[{"href":"https:\/\/www.europesays.com\/fr\/wp-json\/wp\/v2\/posts"}],"about":[{"href":"https:\/\/www.europesays.com\/fr\/wp-json\/wp\/v2\/types\/post"}],"author":[{"embeddable":true,"href":"https:\/\/www.europesays.com\/fr\/wp-json\/wp\/v2\/users\/2"}],"replies":[{"embeddable":true,"href":"https:\/\/www.europesays.com\/fr\/wp-json\/wp\/v2\/comments?post=607550"}],"version-history":[{"count":0,"href":"https:\/\/www.europesays.com\/fr\/wp-json\/wp\/v2\/posts\/607550\/revisions"}],"wp:featuredmedia":[{"embeddable":true,"href":"https:\/\/www.europesays.com\/fr\/wp-json\/wp\/v2\/media\/607551"}],"wp:attachment":[{"href":"https:\/\/www.europesays.com\/fr\/wp-json\/wp\/v2\/media?parent=607550"}],"wp:term":[{"taxonomy":"category","embeddable":true,"href":"https:\/\/www.europesays.com\/fr\/wp-json\/wp\/v2\/categories?post=607550"},{"taxonomy":"post_tag","embeddable":true,"href":"https:\/\/www.europesays.com\/fr\/wp-json\/wp\/v2\/tags?post=607550"}],"curies":[{"name":"wp","href":"https:\/\/api.w.org\/{rel}","templated":true}]}}