{"id":607557,"date":"2025-12-18T14:10:16","date_gmt":"2025-12-18T14:10:16","guid":{"rendered":"https:\/\/www.europesays.com\/fr\/607557\/"},"modified":"2025-12-18T14:10:16","modified_gmt":"2025-12-18T14:10:16","slug":"steam-machine-la-video-de-demarrage-fuite-et-les-joueurs-reconnaissent-ce-detail-culte","status":"publish","type":"post","link":"https:\/\/www.europesays.com\/fr\/607557\/","title":{"rendered":"Steam Machine : la vid\u00e9o de d\u00e9marrage fuite et les joueurs reconnaissent ce d\u00e9tail culte"},"content":{"rendered":"<p>Une fuite visuelle suffit parfois \u00e0 relancer l\u2019espoir de toute une communaut\u00e9. C\u2019est exactement ce qu\u2019il s\u2019est pass\u00e9 avec la pr\u00e9tendue vid\u00e9o de d\u00e9marrage de la Steam Machine, <a href=\"https:\/\/www.lacremedugaming.fr\/actus\/le-prix-de-la-steam-machine-se-precise-et-cest-une-belle-surprise-203880.html\" target=\"_blank\" rel=\"noopener\">la nouvelle console hybride PC de Valve<\/a>. Post\u00e9e sur X\/Twitter par Brad Lynch, connu pour ses r\u00e9v\u00e9lations pr\u00e9cises sur l\u2019univers Valve, cette courte s\u00e9quence a imm\u00e9diatement fait le tour des forums sp\u00e9cialis\u00e9s.<\/p>\n<p>Dans la vid\u00e9o, un carr\u00e9 contenant un point bleu clair appara\u00eet \u00e0 l\u2019\u00e9cran. Il grandit lentement, pivote comme un engrenage, avant de se transformer en logo Steam. Le design \u00e9pur\u00e9, presque r\u00e9tro, n\u2019a pas manqu\u00e9 de r\u00e9veiller un souvenir collectif chez les joueurs : l\u2019interface embl\u00e9matique de la Nintendo Gamecube.<\/p>\n<p> Un \u00e9cran de d\u00e9marrage qui ravive la nostalgie Gamecube <\/p>\n<p>La comparaison n\u2019a pas tard\u00e9 \u00e0 surgir dans les commentaires sur Reddit, notamment dans le subreddit GamingLeaksAndRumours, o\u00f9 la vid\u00e9o a \u00e9t\u00e9 republi\u00e9e. Entre GIF et souvenirs, les r\u00e9actions se sont multipli\u00e9es. Un joueur a ainsi \u00e9crit avec \u00e9motion : \u00ab\u00a0Le d\u00e9marrage de la Gamecube me manque.\u00a0\u00bb<\/p>\n<p>Un autre y voit une r\u00e9f\u00e9rence plus subtile \u00e0 l\u2019univers Valve, d\u00e9clarant : \u00ab\u00a0Je suis fou ou \u00e7a ressemble \u00e0 un cube compagnon ?\u00a0\u00bb \u2013 un clin d\u2019\u0153il \u00e9vident \u00e0 Portal. Cette double lecture esth\u00e9tique laisse penser que l\u2019animation a \u00e9t\u00e9 pens\u00e9e pour s\u00e9duire autant les fans de Nintendo que ceux de l\u2019univers Steam.<\/p>\n<p> L&rsquo;ombre persistante de Half-Life 3 <\/p>\n<p>Comme souvent avec Valve, <a href=\"https:\/\/www.lacremedugaming.fr\/actus\/la-steam-machine-promet-du-lourd-mais-un-detail-pourrait-bien-tout-gacher-203613.html\" target=\"_blank\" rel=\"noopener\">chaque d\u00e9tail devient pr\u00e9texte \u00e0 rumeur<\/a>. Un internaute a aussit\u00f4t reli\u00e9 la vid\u00e9o \u00e0 une autre attente culte : \u00ab\u00a0Le subreddit Half-Life va interpr\u00e9ter cela comme un signe que Half-Life 3 arrive bient\u00f4t.\u00a0\u00bb Ce n\u2019est pas la premi\u00e8re fois qu\u2019une fuite autour d\u2019un produit Valve rallume les sp\u00e9culations autour du jeu le plus fantasm\u00e9 de l\u2019histoire du gaming. M\u00eame sans fondement officiel, l\u2019espoir continue d\u2019alimenter les discussions. D\u2019ailleurs, un autre utilisateur, plus ironique, a simplement l\u00e2ch\u00e9 : \u00ab\u00a0C&rsquo;est confirm\u00e9. La machine va s&rsquo;allumer.\u00a0\u00bb<\/p>\n<p> Valve garde le silence\u2026 pour l\u2019instant <\/p>\n<p>Pour l\u2019heure, Valve n\u2019a confirm\u00e9 ni l\u2019existence de la vid\u00e9o, ni la date de sortie officielle de la Steam Machine. L\u2019absence de communication alimente encore davantage l\u2019effervescence. Rappelons que cette machine est cens\u00e9e faire office de PC de jeu compact, capable de se connecter facilement \u00e0 un t\u00e9l\u00e9viseur.<\/p>\n<p>Entre hommage nostalgique, teasing soigneusement calcul\u00e9 et silence strat\u00e9gique, Valve parvient encore \u00e0 captiver la sph\u00e8re vid\u00e9oludique mondiale. Une simple vid\u00e9o de d\u00e9marrage suffit \u00e0 ranimer les souvenirs\u2026 et les fantasmes.<\/p>\n","protected":false},"excerpt":{"rendered":"Une fuite visuelle suffit parfois \u00e0 relancer l\u2019espoir de toute une communaut\u00e9. C\u2019est exactement ce qu\u2019il s\u2019est pass\u00e9&hellip;\n","protected":false},"author":2,"featured_media":607558,"comment_status":"","ping_status":"","sticky":false,"template":"","format":"standard","meta":{"footnotes":""},"categories":[7],"tags":[1011,27,43,40,41,39,42,44],"class_list":{"0":"post-607557","1":"post","2":"type-post","3":"status-publish","4":"format-standard","5":"has-post-thumbnail","7":"category-sciences-et-technologies","8":"tag-fr","9":"tag-france","10":"tag-science","11":"tag-science-and-technology","12":"tag-sciences","13":"tag-sciences-et-technologies","14":"tag-technologies","15":"tag-technology"},"share_on_mastodon":{"url":"https:\/\/pubeurope.com\/@fr\/115740975164370352","error":""},"_links":{"self":[{"href":"https:\/\/www.europesays.com\/fr\/wp-json\/wp\/v2\/posts\/607557","targetHints":{"allow":["GET"]}}],"collection":[{"href":"https:\/\/www.europesays.com\/fr\/wp-json\/wp\/v2\/posts"}],"about":[{"href":"https:\/\/www.europesays.com\/fr\/wp-json\/wp\/v2\/types\/post"}],"author":[{"embeddable":true,"href":"https:\/\/www.europesays.com\/fr\/wp-json\/wp\/v2\/users\/2"}],"replies":[{"embeddable":true,"href":"https:\/\/www.europesays.com\/fr\/wp-json\/wp\/v2\/comments?post=607557"}],"version-history":[{"count":0,"href":"https:\/\/www.europesays.com\/fr\/wp-json\/wp\/v2\/posts\/607557\/revisions"}],"wp:featuredmedia":[{"embeddable":true,"href":"https:\/\/www.europesays.com\/fr\/wp-json\/wp\/v2\/media\/607558"}],"wp:attachment":[{"href":"https:\/\/www.europesays.com\/fr\/wp-json\/wp\/v2\/media?parent=607557"}],"wp:term":[{"taxonomy":"category","embeddable":true,"href":"https:\/\/www.europesays.com\/fr\/wp-json\/wp\/v2\/categories?post=607557"},{"taxonomy":"post_tag","embeddable":true,"href":"https:\/\/www.europesays.com\/fr\/wp-json\/wp\/v2\/tags?post=607557"}],"curies":[{"name":"wp","href":"https:\/\/api.w.org\/{rel}","templated":true}]}}