{"id":607567,"date":"2025-12-18T14:15:16","date_gmt":"2025-12-18T14:15:16","guid":{"rendered":"https:\/\/www.europesays.com\/fr\/607567\/"},"modified":"2025-12-18T14:15:16","modified_gmt":"2025-12-18T14:15:16","slug":"tout-est-coche-pour-quon-puisse-continuer","status":"publish","type":"post","link":"https:\/\/www.europesays.com\/fr\/607567\/","title":{"rendered":"\u00ab\u00a0Tout est coch\u00e9 pour qu\u2019on puisse continuer\u00a0\u00bb"},"content":{"rendered":"<blockquote class=\"question\"><p>Pourquoi \u00eatre candidat aux prochaines \u00e9lections municipales\u00a0?<\/p><\/blockquote>\n<p>\u00ab\u00a0Quand j\u2019ai pris <a href=\"https:\/\/www.leprogres.fr\/elections\/2025\/04\/03\/pierre-letievant-est-le-nouveau-maire-je-gere-les-affaires-courantes-jusqu-aux-prochaines-municipales\" target=\"_blank\" rel=\"noopener\">la suite de Mireille Tardy<\/a>, je n\u2019avais pas pris de d\u00e9cision. J\u2019ai profit\u00e9 de cette ann\u00e9e pour voir si je pouvais m\u00e9langer le poste de maire, mon m\u00e9tier et ma vie de famille. Je souhaitais aussi savoir si, sur une ann\u00e9e, on arrivait \u00e0 travailler tous ensemble. Tout \u00e9tait coch\u00e9 pour qu\u2019on puisse continuer.<\/p>\n<p>L\u2019objectif est de faire en sorte que les choses se passent bien au sein de l\u2019\u00e9quipe et du village. Les autres motivations sont de faire grandir et vivre le village sur les plans des \u00e9quipements, esth\u00e9tique, du confort de vie, avec pour objectif ultime de maintenir le commerce existant et pourquoi pas que de nouveaux commerces puissent s\u2019installer.\u00a0\u00bb<\/p>\n<blockquote class=\"question\"><p>Quels sont vos principaux projets\u00a0?<\/p><\/blockquote>\n<p>\u00ab\u00a0La salle des f\u00eates est vieillissante et n\u2019est pas au niveau attendu par les gens qui la louent. On a d\u00e9j\u00e0 amorc\u00e9 le projet de la r\u00e9nover et l\u2019agrandir, sur les trois ann\u00e9es qui arrivent. Le deuxi\u00e8me\u00a0est un projet de r\u00e9am\u00e9nagement du c\u0153ur de village\u00a0: faire en sorte que tous les am\u00e9nagements puissent \u00eatre revus, am\u00e9lior\u00e9s, adapt\u00e9s \u00e0 tous et que \u00e7a puisse profiter aux commerces de fa\u00e7on qu\u2019ils soient mieux int\u00e9gr\u00e9s dans le village, en am\u00e9liorant aussi la s\u00e9curit\u00e9 des enfants, des pi\u00e9tons, des v\u00e9los,\u00a0etc, et de mieux exploiter l\u2019image du village. \u00bb<\/p>\n<blockquote class=\"question\"><p>O\u00f9 en est la composition de votre liste\u00a0?<\/p><\/blockquote>\n<p>\u00ab\u00a0Elle n\u2019est pas termin\u00e9e. On doit faire une liste de 15 personnes, 13 minimum, compl\u00e8tement paritaire. La parit\u00e9 est \u00e0 mon sens une tr\u00e8s bonne chose.\u00a0\u00bb<\/p>\n","protected":false},"excerpt":{"rendered":"Pourquoi \u00eatre candidat aux prochaines \u00e9lections municipales\u00a0? \u00ab\u00a0Quand j\u2019ai pris la suite de Mireille Tardy, je n\u2019avais pas&hellip;\n","protected":false},"author":2,"featured_media":607568,"comment_status":"","ping_status":"","sticky":false,"template":"","format":"standard","meta":{"footnotes":""},"categories":[9653],"tags":[1111,11,2430,1984,7539,4188,1777,674,1011,27,12,316,25,4001,15343,20094],"class_list":{"0":"post-607567","1":"post","2":"type-post","3":"status-publish","4":"format-standard","5":"has-post-thumbnail","7":"category-saint-etienne","8":"tag-actu","9":"tag-actualites","10":"tag-auvergne-rhone-alpes","11":"tag-conseil-municipal","12":"tag-edition-loire-sud","13":"tag-elections-municipales","14":"tag-eu","15":"tag-europe","16":"tag-fr","17":"tag-france","18":"tag-news","19":"tag-politique","20":"tag-republique-francaise","21":"tag-saint-etienne","22":"tag-saint-genest-malifaux-bassin","23":"tag-tarentaise"},"share_on_mastodon":{"url":"https:\/\/pubeurope.com\/@fr\/115740994730534900","error":""},"_links":{"self":[{"href":"https:\/\/www.europesays.com\/fr\/wp-json\/wp\/v2\/posts\/607567","targetHints":{"allow":["GET"]}}],"collection":[{"href":"https:\/\/www.europesays.com\/fr\/wp-json\/wp\/v2\/posts"}],"about":[{"href":"https:\/\/www.europesays.com\/fr\/wp-json\/wp\/v2\/types\/post"}],"author":[{"embeddable":true,"href":"https:\/\/www.europesays.com\/fr\/wp-json\/wp\/v2\/users\/2"}],"replies":[{"embeddable":true,"href":"https:\/\/www.europesays.com\/fr\/wp-json\/wp\/v2\/comments?post=607567"}],"version-history":[{"count":0,"href":"https:\/\/www.europesays.com\/fr\/wp-json\/wp\/v2\/posts\/607567\/revisions"}],"wp:featuredmedia":[{"embeddable":true,"href":"https:\/\/www.europesays.com\/fr\/wp-json\/wp\/v2\/media\/607568"}],"wp:attachment":[{"href":"https:\/\/www.europesays.com\/fr\/wp-json\/wp\/v2\/media?parent=607567"}],"wp:term":[{"taxonomy":"category","embeddable":true,"href":"https:\/\/www.europesays.com\/fr\/wp-json\/wp\/v2\/categories?post=607567"},{"taxonomy":"post_tag","embeddable":true,"href":"https:\/\/www.europesays.com\/fr\/wp-json\/wp\/v2\/tags?post=607567"}],"curies":[{"name":"wp","href":"https:\/\/api.w.org\/{rel}","templated":true}]}}