{"id":607579,"date":"2025-12-18T14:23:11","date_gmt":"2025-12-18T14:23:11","guid":{"rendered":"https:\/\/www.europesays.com\/fr\/607579\/"},"modified":"2025-12-18T14:23:11","modified_gmt":"2025-12-18T14:23:11","slug":"jai-eu-peur-de-mon-conjoint-arme-jai-saute-du-premier-etage","status":"publish","type":"post","link":"https:\/\/www.europesays.com\/fr\/607579\/","title":{"rendered":"J&rsquo;ai eu peur de mon conjoint arm\u00e9, j&rsquo;ai saut\u00e9 du premier \u00e9tage"},"content":{"rendered":"<p>                    Par<br \/>\n        <strong><br \/>\n            <a href=\"https:\/\/actu.fr\/auteur\/jm-aubert\" title=\"Consulter tous les articles de Jean-Marc Aubert\" target=\"_blank\" rel=\"noopener\">Jean-Marc Aubert<\/a><br \/>\n                    <\/strong><\/p>\n<p>        Publi\u00e9 le<\/p>\n<p>            18 d\u00e9c. 2025 \u00e0 13h40        <\/p>\n<p>Rebondissement dans l\u2019affaire de la <strong>d\u00e9fenestration<\/strong>. d\u2019une jeune femme, mercredi soir, \u00e0 <strong>Montpellier<\/strong>. <a href=\"https:\/\/actu.fr\/occitanie\/montpellier_34172\/une-femme-defenestree-et-grievement-blessee-par-son-conjoint-a-montpellier-l-auteur-en-fuite_63592651.html\" target=\"_blank\" rel=\"noopener\">Elle n\u2019aurait pas \u00e9t\u00e9 pouss\u00e9e par son conjoint <\/a>comme elle l\u2019avait affirm\u00e9 dans un premier temps, mais aurait saut\u00e9.<\/p>\n<p class=\" wall-content\">Ce mercredi 17 d\u00e9cembre 2025, vers 20h30, les sapeurs-pompiers du<strong> Sdis 34<\/strong>, le <strong>Smur-Samu<\/strong> et<strong> police secours<\/strong> intervenaient all\u00e9e de Coventry, pr\u00e8s de l\u2019avenue de Barcelone, dans le quartier de la Mosson-la Paillade pour une d\u00e9fenestration. \u00c0 leur arriv\u00e9e, une femme \u00e2g\u00e9e de 29 ans \u00e9tait gri\u00e8vement bless\u00e9e -fracture ouverte du tibia-, expliquant aux secouristes qu\u2019elle avait \u00e9t\u00e9 volontairement pouss\u00e9e du 1er \u00e9tage par son conjoint, lors d\u2019une violente dispute.<\/p>\n<p>    <a href=\"https:\/\/www.google.com\/maps\/embed?pb=!1m18!1m12!1m3!1d4757.15169607125!2d3.8173911898419246!3d43.626216944781234!2m3!1f0!2f0!3f0!3m2!1i1024!2i768!4f13.1!3m3!1m2!1s0x12b6ac240de54457%3A0xbce336790883ea9a!2sAll.%20de%20Coventry%2C%2034080%20Montpellier!5e0!3m2!1sfr!2sfr!4v1766055984847!5m2!1sfr!2sfr\" title=\"Ouvrie le lien\" target=\"_blank\" rel=\"noopener\">Cliquez ici pour visualiser le contenu<\/a><\/p>\n<p class=\" wall-content\">Consciente et hors de danger, admise aux urgences de l\u00a0\u00bbh\u00f4pital Lapeyronie o\u00f9 elle va \u00eatre op\u00e9r\u00e9e, la vingtenaire changeait de version, lors de son audition par les enqu\u00eateurs de la police nationale : finalement, elle avouait n\u2019avoir pas \u00e9t\u00e9 pouss\u00e9e volontairement par son compagnon, mais qu\u2019elle avait en r\u00e9alit\u00e9 pris peur et qu\u2019elle avait saut\u00e9 de cette hauteur de 3 \u00e0 4m.<\/p>\n<p class=\" wall-content\">Elle a racont\u00e9 que son concubin \u00e9tait <strong>arm\u00e9 d\u2019un couteau de boucher<\/strong> et qu\u2019il l\u2019a poursuivait dans l\u2019appartement en brandissant \u00a0cette arme blanche, r\u00e9cup\u00e9r\u00e9e par les policiers sur la table de chevet de la chambre.<\/p>\n<p>Vid\u00e9os : en ce moment sur Actu<\/p>\n<p class=\" wall-content\">Les enqu\u00eateurs du <strong>Service local de police judiciaire<\/strong> -Slpj- au commissariat central vont de nouveau proc\u00e9der \u00e0 une audition plus compl\u00e8te de la victime et recueillir celle du conjoint lorsque sa trace sera retrouv\u00e9e, puisqu\u2019il s\u2019est enfui en voiture avant l\u2019arriv\u00e9e des secours et des policiers. Par ailleurs, les enqu\u00eateurs vont devoir \u00e9tablir si la fillette du couple \u00e2g\u00e9e de dix ans a assist\u00e9 ou non \u00e0 cette dispute, comme la vingtenaire l\u2019a assur\u00e9 aux secouristes. Quand les policiers ont p\u00e9n\u00e9tr\u00e9 avec une \u00e9chelle, o\u00f9 ils ont trouv\u00e9 le couteau de boucher, l\u2019appartement \u00e9tait vide. Le conjoint a t-il pris la fuite avec la fillette ? Myst\u00e8re.<\/p>\n<p class=\" wall-content\">Personnalisez votre actualit\u00e9 en ajoutant vos villes et m\u00e9dias en favori avec <a href=\"https:\/\/moncompte.actu.fr\" title=\"D\u00e9couvez Mon Actu\" rel=\"nofollow noopener\" data-trk=\"{&quot;cta&quot;:{&quot;action&quot;:&quot;https:\\\/\\\/moncompte.actu.fr&quot;,&quot;category&quot;:&quot;mon compte&quot;,&quot;from&quot;:&quot;article footer&quot;,&quot;name&quot;:&quot;Mon actu&quot;,&quot;type&quot;:&quot;cta&quot;}}\" target=\"_blank\">Mon Actu<\/a>.<\/p>\n","protected":false},"excerpt":{"rendered":"Par Jean-Marc Aubert Publi\u00e9 le 18 d\u00e9c. 2025 \u00e0 13h40 Rebondissement dans l\u2019affaire de la d\u00e9fenestration. d\u2019une jeune&hellip;\n","protected":false},"author":2,"featured_media":607580,"comment_status":"","ping_status":"","sticky":false,"template":"","format":"standard","meta":{"footnotes":""},"categories":[9599],"tags":[1111,11,15154,1777,674,118,1011,27,303,2208,12,2680,1072,25],"class_list":{"0":"post-607579","1":"post","2":"type-post","3":"status-publish","4":"format-standard","5":"has-post-thumbnail","7":"category-montpellier","8":"tag-actu","9":"tag-actualites","10":"tag-chu-de-montpellier","11":"tag-eu","12":"tag-europe","13":"tag-faits-divers","14":"tag-fr","15":"tag-france","16":"tag-justice","17":"tag-montpellier","18":"tag-news","19":"tag-occitanie","20":"tag-police","21":"tag-republique-francaise"},"share_on_mastodon":{"url":"https:\/\/pubeurope.com\/@fr\/115741026097441783","error":""},"_links":{"self":[{"href":"https:\/\/www.europesays.com\/fr\/wp-json\/wp\/v2\/posts\/607579","targetHints":{"allow":["GET"]}}],"collection":[{"href":"https:\/\/www.europesays.com\/fr\/wp-json\/wp\/v2\/posts"}],"about":[{"href":"https:\/\/www.europesays.com\/fr\/wp-json\/wp\/v2\/types\/post"}],"author":[{"embeddable":true,"href":"https:\/\/www.europesays.com\/fr\/wp-json\/wp\/v2\/users\/2"}],"replies":[{"embeddable":true,"href":"https:\/\/www.europesays.com\/fr\/wp-json\/wp\/v2\/comments?post=607579"}],"version-history":[{"count":0,"href":"https:\/\/www.europesays.com\/fr\/wp-json\/wp\/v2\/posts\/607579\/revisions"}],"wp:featuredmedia":[{"embeddable":true,"href":"https:\/\/www.europesays.com\/fr\/wp-json\/wp\/v2\/media\/607580"}],"wp:attachment":[{"href":"https:\/\/www.europesays.com\/fr\/wp-json\/wp\/v2\/media?parent=607579"}],"wp:term":[{"taxonomy":"category","embeddable":true,"href":"https:\/\/www.europesays.com\/fr\/wp-json\/wp\/v2\/categories?post=607579"},{"taxonomy":"post_tag","embeddable":true,"href":"https:\/\/www.europesays.com\/fr\/wp-json\/wp\/v2\/tags?post=607579"}],"curies":[{"name":"wp","href":"https:\/\/api.w.org\/{rel}","templated":true}]}}