{"id":607583,"date":"2025-12-18T14:25:25","date_gmt":"2025-12-18T14:25:25","guid":{"rendered":"https:\/\/www.europesays.com\/fr\/607583\/"},"modified":"2025-12-18T14:25:25","modified_gmt":"2025-12-18T14:25:25","slug":"2025-annee-riche-en-evenements","status":"publish","type":"post","link":"https:\/\/www.europesays.com\/fr\/607583\/","title":{"rendered":"2025, ann\u00e9e riche en \u00e9v\u00e9nements"},"content":{"rendered":"<p>Tout au long de l\u2019ann\u00e9e 2025, l\u2019universit\u00e9 de Rouen Normandie a organis\u00e9 et pris part \u00e0 des nombreux \u00e9v\u00e9nements. Souvent \u00e0 destination des \u00e9tudiants, mais aussi r\u00e9guli\u00e8rement des personnels, des enseignants-chercheurs et m\u00eame du grand public ces projets r\u00e9pondent \u00e0 des enjeux socio-\u00e9cologiques, des enjeux territoriaux ou encore des enjeux internationaux. 2025 c\u2019est aussi le lancement de plusieurs projets de grande envergure et la signature de chartes essentielles au bon fonctionnement de l\u2019institution. Nous revenons sur huit \u00e9v\u00e9nements marquants de l\u2019ann\u00e9e 2025.<\/p>\n","protected":false},"excerpt":{"rendered":"Tout au long de l\u2019ann\u00e9e 2025, l\u2019universit\u00e9 de Rouen Normandie a organis\u00e9 et pris part \u00e0 des nombreux&hellip;\n","protected":false},"author":2,"featured_media":607584,"comment_status":"","ping_status":"","sticky":false,"template":"","format":"standard","meta":{"footnotes":""},"categories":[9587],"tags":[1111,11,1777,674,1011,27,12,5161,25,9590],"class_list":{"0":"post-607583","1":"post","2":"type-post","3":"status-publish","4":"format-standard","5":"has-post-thumbnail","7":"category-rouen","8":"tag-actu","9":"tag-actualites","10":"tag-eu","11":"tag-europe","12":"tag-fr","13":"tag-france","14":"tag-news","15":"tag-normandie","16":"tag-republique-francaise","17":"tag-rouen"},"share_on_mastodon":{"url":"https:\/\/pubeurope.com\/@fr\/115741034127939537","error":""},"_links":{"self":[{"href":"https:\/\/www.europesays.com\/fr\/wp-json\/wp\/v2\/posts\/607583","targetHints":{"allow":["GET"]}}],"collection":[{"href":"https:\/\/www.europesays.com\/fr\/wp-json\/wp\/v2\/posts"}],"about":[{"href":"https:\/\/www.europesays.com\/fr\/wp-json\/wp\/v2\/types\/post"}],"author":[{"embeddable":true,"href":"https:\/\/www.europesays.com\/fr\/wp-json\/wp\/v2\/users\/2"}],"replies":[{"embeddable":true,"href":"https:\/\/www.europesays.com\/fr\/wp-json\/wp\/v2\/comments?post=607583"}],"version-history":[{"count":0,"href":"https:\/\/www.europesays.com\/fr\/wp-json\/wp\/v2\/posts\/607583\/revisions"}],"wp:featuredmedia":[{"embeddable":true,"href":"https:\/\/www.europesays.com\/fr\/wp-json\/wp\/v2\/media\/607584"}],"wp:attachment":[{"href":"https:\/\/www.europesays.com\/fr\/wp-json\/wp\/v2\/media?parent=607583"}],"wp:term":[{"taxonomy":"category","embeddable":true,"href":"https:\/\/www.europesays.com\/fr\/wp-json\/wp\/v2\/categories?post=607583"},{"taxonomy":"post_tag","embeddable":true,"href":"https:\/\/www.europesays.com\/fr\/wp-json\/wp\/v2\/tags?post=607583"}],"curies":[{"name":"wp","href":"https:\/\/api.w.org\/{rel}","templated":true}]}}