{"id":607598,"date":"2025-12-18T14:34:17","date_gmt":"2025-12-18T14:34:17","guid":{"rendered":"https:\/\/www.europesays.com\/fr\/607598\/"},"modified":"2025-12-18T14:34:17","modified_gmt":"2025-12-18T14:34:17","slug":"vacances-de-noel-circulation-intense-a-nice-et-dans-les-alpes-maritimes-a-quoi-sattendre","status":"publish","type":"post","link":"https:\/\/www.europesays.com\/fr\/607598\/","title":{"rendered":"Vacances de No\u00ebl. Circulation intense \u00e0 Nice et dans les Alpes-Maritimes, \u00e0 quoi s&rsquo;attendre"},"content":{"rendered":"<p>                    Par<br \/>\n        <strong><br \/>\n            <a href=\"https:\/\/actu.fr\/auteur\/arthur-frand\" title=\"Consulter tous les articles de Arthur Frand\" target=\"_blank\" rel=\"noopener\">Arthur Frand<\/a><br \/>\n                    <\/strong><\/p>\n<p>        Publi\u00e9 le<\/p>\n<p>            18 d\u00e9c. 2025 \u00e0 13h47        <\/p>\n<p>Les vacances de No\u00ebl d\u00e9butent ce vendredi 19\u00a0d\u00e9cembre 2025 dans l\u2019Hexagone. Comme beaucoup de Fran\u00e7ais, de nombreux Maralpins et Ni\u00e7ois vont <strong>prendre la route<\/strong> en ce d\u00e9but de week-end. Pour partir en cong\u00e9s mais aussi rejoindre la famille pour les f\u00eates de No\u00ebl.<\/p>\n<p class=\" wall-content\">La circulation risque donc d\u2019\u00eatre difficile. Bison Fut\u00e9 a d\u00e9voil\u00e9 ses pr\u00e9visions pour ce week-end et les routes \u00e0 \u00e9viter \u00e0<a href=\"https:\/\/actu.fr\/nice\/\" target=\"_blank\" rel=\"noopener\"> Nice<\/a> et dans les <a href=\"https:\/\/actu.fr\/provence-alpes-cote-d-azur\/alpes-maritimes_06\" target=\"_blank\" rel=\"noopener\">Alpes-Maritimes<\/a>. Voici ce qu\u2019il faut savoir.<\/p>\n<p>L\u2019A8 prise d\u2019assaut\u2009ce vendredi\u2009?<\/p>\n<p class=\" wall-content\">Pour les automobilistes, la journ\u00e9e de ce vendredi s\u2019annonce d\u00e9sagr\u00e9able. Bison Fut\u00e9 l\u2019a <strong>class\u00e9e orange<\/strong> sur l\u2019ensemble du territoire dans le sens des d\u00e9parts et rouge dans plusieurs d\u00e9partements autour de la vall\u00e9e du Rh\u00f4ne.<\/p>\n<p class=\" wall-content\">\u00ab\u2009Les axes en direction de l\u2019arc m\u00e9diterran\u00e9en (A8, A9, A50) devraient \u00eatre particuli\u00e8rement sollicit\u00e9s\u2009\u00bb, pr\u00e9vient Bison Fut\u00e9. L\u2019autoroute A8 entre Luc (Loz\u00e8re) et l\u2019Italie, qui passe par Nice et la C\u00f4te d\u2019Azur, risque d\u2019\u00eatre <strong>bond\u00e9e<\/strong>. Il est d\u2019ailleurs recommand\u00e9 d\u2019\u00e9viter cette portion de l\u2019A8 entre 12 et 19h ce vendredi 19\u00a0d\u00e9cembre et d\u2019emprunter un itin\u00e9raire bis si possible.<\/p>\n<p class=\" wall-content\">\n<p>Une circulation plus fluide le week-end<\/p>\n<p class=\" wall-content\">Mais pas de panique. Le trafic sera plus fluide sur les routes des Alpes-Maritimes durant le week-end. Les journ\u00e9es du samedi\u00a020 et du dimanche 21\u00a0d\u00e9cembre ont \u00e9t\u00e9 class\u00e9es vertes par Bison Fut\u00e9. Il est conseill\u00e9 de prendre le volant durant le week-end pour \u00e9viter de <strong>se retrouver dans les bouchons<\/strong> ce vendredi.<\/p>\n<p class=\" wall-content\">Ce samedi, seules la vall\u00e9e du Rh\u00f4ne et l\u2019\u00cele-de-France ont \u00e9t\u00e9 class\u00e9es orange. Les personnes remontant en r\u00e9gion parisienne devront se m\u00e9fier. Plusieurs axes seront congestionn\u00e9s comme les autoroutes A40, A43 et A46 autour de Lyon.<br \/>La journ\u00e9e la plus complexe sera celle du r\u00e9veillon de No\u00ebl, mercredi 24\u00a0d\u00e9cembre, o\u00f9 la circulation sera intense dans le sens des d\u00e9parts, autour de Nice.<\/p>\n<p class=\" wall-content\">Personnalisez votre actualit\u00e9 en ajoutant vos villes et m\u00e9dias en favori avec <a href=\"https:\/\/moncompte.actu.fr\" title=\"D\u00e9couvez Mon Actu\" rel=\"nofollow noopener\" data-trk=\"{&quot;cta&quot;:{&quot;action&quot;:&quot;https:\\\/\\\/moncompte.actu.fr&quot;,&quot;category&quot;:&quot;mon compte&quot;,&quot;from&quot;:&quot;article footer&quot;,&quot;name&quot;:&quot;Mon actu&quot;,&quot;type&quot;:&quot;cta&quot;}}\" target=\"_blank\">Mon Actu<\/a>.<\/p>\n","protected":false},"excerpt":{"rendered":"Par Arthur Frand Publi\u00e9 le 18 d\u00e9c. 2025 \u00e0 13h47 Les vacances de No\u00ebl d\u00e9butent ce vendredi 19\u00a0d\u00e9cembre&hellip;\n","protected":false},"author":2,"featured_media":607599,"comment_status":"","ping_status":"","sticky":false,"template":"","format":"standard","meta":{"footnotes":""},"categories":[2819],"tags":[1111,11,6427,3542,1777,674,1011,27,12,2401,882,25,104,3176],"class_list":{"0":"post-607598","1":"post","2":"type-post","3":"status-publish","4":"format-standard","5":"has-post-thumbnail","7":"category-nice","8":"tag-actu","9":"tag-actualites","10":"tag-bison-fute","11":"tag-circulation","12":"tag-eu","13":"tag-europe","14":"tag-fr","15":"tag-france","16":"tag-news","17":"tag-nice","18":"tag-provence-alpes-cote-dazur","19":"tag-republique-francaise","20":"tag-societe","21":"tag-vacances-scolaires"},"share_on_mastodon":{"url":"https:\/\/pubeurope.com\/@fr\/115741069509776336","error":""},"_links":{"self":[{"href":"https:\/\/www.europesays.com\/fr\/wp-json\/wp\/v2\/posts\/607598","targetHints":{"allow":["GET"]}}],"collection":[{"href":"https:\/\/www.europesays.com\/fr\/wp-json\/wp\/v2\/posts"}],"about":[{"href":"https:\/\/www.europesays.com\/fr\/wp-json\/wp\/v2\/types\/post"}],"author":[{"embeddable":true,"href":"https:\/\/www.europesays.com\/fr\/wp-json\/wp\/v2\/users\/2"}],"replies":[{"embeddable":true,"href":"https:\/\/www.europesays.com\/fr\/wp-json\/wp\/v2\/comments?post=607598"}],"version-history":[{"count":0,"href":"https:\/\/www.europesays.com\/fr\/wp-json\/wp\/v2\/posts\/607598\/revisions"}],"wp:featuredmedia":[{"embeddable":true,"href":"https:\/\/www.europesays.com\/fr\/wp-json\/wp\/v2\/media\/607599"}],"wp:attachment":[{"href":"https:\/\/www.europesays.com\/fr\/wp-json\/wp\/v2\/media?parent=607598"}],"wp:term":[{"taxonomy":"category","embeddable":true,"href":"https:\/\/www.europesays.com\/fr\/wp-json\/wp\/v2\/categories?post=607598"},{"taxonomy":"post_tag","embeddable":true,"href":"https:\/\/www.europesays.com\/fr\/wp-json\/wp\/v2\/tags?post=607598"}],"curies":[{"name":"wp","href":"https:\/\/api.w.org\/{rel}","templated":true}]}}