{"id":60761,"date":"2025-04-29T02:49:09","date_gmt":"2025-04-29T02:49:09","guid":{"rendered":"https:\/\/www.europesays.com\/fr\/60761\/"},"modified":"2025-04-29T02:49:09","modified_gmt":"2025-04-29T02:49:09","slug":"comment-la-ville-de-saint-gregoire-soutient-elle-les-associations","status":"publish","type":"post","link":"https:\/\/www.europesays.com\/fr\/60761\/","title":{"rendered":"Comment la Ville de Saint-Gr\u00e9goire soutient-elle les associations\u00a0?"},"content":{"rendered":"<p>Comme chaque ann\u00e9e, la mairie vote les subventions aux associations communales qui la demandent. Cette ann\u00e9e, les \u00e9lus se sont attach\u00e9s \u00e0 bien expliquer les crit\u00e8res de r\u00e9partition de l\u2019argent public pour le soutien aux associations. \u00a0Nous avons une s\u00e9rie de crit\u00e8res qui permettent d\u2019\u00e9tablir le montant des subventions\u00a0, explique Fr\u00e9d\u00e9ric Rouxel, adjointe en charge de la culture lors du conseil municipal du 3\u00a0avril.<\/p>\n<p>Le nombre d\u2019adh\u00e9rents, le projet, le nombre d\u2019habitants impliqu\u00e9s, la sant\u00e9 financi\u00e8re de l\u2019association ou encore le rythme des activit\u00e9s sont des exemples de crit\u00e8res pris en compte par la mairie. \u00a0Nous tenons compte aussi du rayonnement de l\u2019association dans la ville et au-del\u00e0.\u00a0<\/p>\n<p><strong>Lire aussi : <\/strong> <a href=\"https:\/\/rennes.maville.com\/actu\/actudet_-a-saint-gregoire-les-associations-se-partagent-plus-d-un-million-d-euros-_7-6269962_actu.Htm\" target=\"_blank\" rel=\"noopener\">\u00c0 Saint-Gr\u00e9goire, les associations se partagent \u00ab plus d\u2019un million d\u2019euros \u00bb<\/a><\/p>\n<p>\u00a0Un choix de la collectivit\u00e9\u00a0<\/p>\n<p>Pour cette ann\u00e9e, les enveloppes sont du m\u00eame acabit que les pr\u00e9c\u00e9dentes. \u00a0C\u2019est un choix de la collectivit\u00e9 de soutenir les associations dans un contexte financier tendu, souligne La\u00ebtitia Remoissenet, maire. \u00a0Je salue celles qui cherchent \u00e0 diversifier leurs ressources.\u00a0<\/p>\n<p>Cette ann\u00e9e, les associations culturelles se partageront pr\u00e8s de 90\u00a0000\u00a0\u20ac. Parmi les plus grosses sommes allou\u00e9es\u00a0: 14\u00a0600\u00a0\u20ac pour le th\u00e9\u00e2tre de la G\u00e2terie, 10\u00a0000\u00a0\u20ac pour le club de danse, 50\u00a0000\u00a0\u20ac pour l\u2019\u00e9cole de musique, 5\u00a0100\u00a0\u20ac pour l\u2019atelier d\u2019arts plastiques et 3\u00a0900\u00a0pour Terre d\u2019art. L\u2019association L\u2019Outil en main percevra 1\u00a0500\u00a0\u20ac et l\u2019Union nationale des combattants 1\u00a0000\u00a0\u20ac.<\/p>\n<p>Les associations de quartier recevront chacune la somme de 150\u00a0\u20ac. \u00a0Notre souhait est que les petites ou grandes associations puissent fonctionner\u00a0, glisse Jean-Christophe M\u00e9l\u00e9ard, conseiller municipale d\u00e9l\u00e9gu\u00e9 \u00e0 la vie associative.<\/p>\n<p>Pour le sport, le club de randonn\u00e9e recevra 1\u00a0700\u00a0\u20ac, le club de cano\u00eb-kayak 18\u00a0000\u00a0\u20ac, 9\u00a0400\u00a0\u20ac pour les badistes et 22\u00a0500\u00a0\u20ac pour le football.<\/p>\n<p>Les quinze\u00a0clubs qui per\u00e7oivent plus de 23\u00a0000\u00a0\u20ac d\u2019aides en subvention ou valorisation avec le pr\u00eat gracieux des locaux ou des terrains signent une convention.<\/p>\n<p>C\u2019est le cas par exemple du club de tennis dont la valorisation des locaux et des avantages fluides sont estim\u00e9s \u00e0 196\u00a0660\u00a0\u20ac, pour le club de basket ce sera 80\u00a0710\u00a0\u20ac.<\/p>\n<p>\u00a0Le niveau de pratique est aussi pris en compte pour les associations sportives\u00a0, indique Nathalie Pasquet, adjointe en charge des sports. Toutes les subventions ont \u00e9t\u00e9 vot\u00e9es \u00e0 l\u2019unanimit\u00e9.<\/p>\n<p>\u00a0<\/p>\n","protected":false},"excerpt":{"rendered":"Comme chaque ann\u00e9e, la mairie vote les subventions aux associations communales qui la demandent. Cette ann\u00e9e, les \u00e9lus&hellip;\n","protected":false},"author":2,"featured_media":60762,"comment_status":"","ping_status":"","sticky":false,"template":"","format":"standard","meta":{"footnotes":""},"categories":[2821],"tags":[1111,11,4733,829,1777,674,1011,27,12,3086,584,25,5372,15798,4824],"class_list":{"0":"post-60761","1":"post","2":"type-post","3":"status-publish","4":"format-standard","5":"has-post-thumbnail","7":"category-rennes","8":"tag-actu","9":"tag-actualites","10":"tag-associations","11":"tag-bretagne","12":"tag-eu","13":"tag-europe","14":"tag-fr","15":"tag-france","16":"tag-news","17":"tag-redon","18":"tag-rennes","19":"tag-republique-francaise","20":"tag-saint-gregoire","21":"tag-soutient-elle","22":"tag-ville"},"share_on_mastodon":{"url":"https:\/\/pubeurope.com\/@fr\/114418978863916862","error":""},"_links":{"self":[{"href":"https:\/\/www.europesays.com\/fr\/wp-json\/wp\/v2\/posts\/60761","targetHints":{"allow":["GET"]}}],"collection":[{"href":"https:\/\/www.europesays.com\/fr\/wp-json\/wp\/v2\/posts"}],"about":[{"href":"https:\/\/www.europesays.com\/fr\/wp-json\/wp\/v2\/types\/post"}],"author":[{"embeddable":true,"href":"https:\/\/www.europesays.com\/fr\/wp-json\/wp\/v2\/users\/2"}],"replies":[{"embeddable":true,"href":"https:\/\/www.europesays.com\/fr\/wp-json\/wp\/v2\/comments?post=60761"}],"version-history":[{"count":0,"href":"https:\/\/www.europesays.com\/fr\/wp-json\/wp\/v2\/posts\/60761\/revisions"}],"wp:featuredmedia":[{"embeddable":true,"href":"https:\/\/www.europesays.com\/fr\/wp-json\/wp\/v2\/media\/60762"}],"wp:attachment":[{"href":"https:\/\/www.europesays.com\/fr\/wp-json\/wp\/v2\/media?parent=60761"}],"wp:term":[{"taxonomy":"category","embeddable":true,"href":"https:\/\/www.europesays.com\/fr\/wp-json\/wp\/v2\/categories?post=60761"},{"taxonomy":"post_tag","embeddable":true,"href":"https:\/\/www.europesays.com\/fr\/wp-json\/wp\/v2\/tags?post=60761"}],"curies":[{"name":"wp","href":"https:\/\/api.w.org\/{rel}","templated":true}]}}