{"id":607612,"date":"2025-12-18T14:41:13","date_gmt":"2025-12-18T14:41:13","guid":{"rendered":"https:\/\/www.europesays.com\/fr\/607612\/"},"modified":"2025-12-18T14:41:13","modified_gmt":"2025-12-18T14:41:13","slug":"dermatose-nodulaire-reprise-du-trafic-sur-la61-vers-narbonne-un-retour-progressif-attendu-vers-toulouse","status":"publish","type":"post","link":"https:\/\/www.europesays.com\/fr\/607612\/","title":{"rendered":"Dermatose Nodulaire\u00a0: reprise du trafic sur l\u2019A61 vers Narbonne, un retour progressif attendu vers Toulouse"},"content":{"rendered":"<p>\n                                                                    l&rsquo;essentiel<br \/>\n                                                                La circulation a repris ce jeudi apr\u00e8s-midi sur l\u2019autoroute A61 en direction de Narbonne, apr\u00e8s le d\u00e9part des manifestants agricoles et la remise en \u00e9tat des voies.\n                            <\/p>\n<p>Depuis le d\u00e9but du\u00a0mouvement de contestation agricole, le 12\u00a0d\u00e9cembre, le r\u00e9seau de VINCI Autoroute est fortement perturb\u00e9.\u00a0Blocages d\u2019axes, fermetures d\u2019\u00e9changeurs, d\u00e9versements sur les chauss\u00e9es\u00a0: les actions se sont multipli\u00e9es sur plusieurs corridors strat\u00e9giques. Ce jeudi \u00e0 14\u00a0h\u00a030, un premier reflux a \u00e9t\u00e9 observ\u00e9 sur l\u2019A61, o\u00f9 la circulation a pu reprendre en direction de Narbonne. Le r\u00e9tablissement du trafic vers Toulouse est attendu en fin de journ\u00e9e.<\/p>\n<p class=\"std-elt__inline\">\n        <strong>\u00c0 lire aussi :<\/strong><br \/>\n        <a href=\"https:\/\/www.ladepeche.fr\/2025\/12\/18\/dermatose-nodulaire-antoine-dupont-soutiens-les-agriculteurs-contre-labattage-des-troupeaux-les-agriculteurs-en-appellent-a-la-star-du-rugby-francais-13118765.php\" target=\"_blank\" rel=\"noopener\">Dermatose nodulaire\u00a0: \u00ab\u00a0Antoine Dupont, soutiens les agriculteurs contre l\u2019abattage des troupeaux\u00a0!\u00a0\u00bb, l\u2019appel des agriculteurs \u00e0 la star du rugby fran\u00e7ais<\/a>\n    <\/p>\n<p>Sur le terrain, les \u00e9quipes de VINCI Autoroutes poursuivent les op\u00e9rations de d\u00e9blayage des d\u00e9chets laiss\u00e9s sur les voies et de r\u00e9paration des d\u00e9gradations constat\u00e9es ponctuellement, notamment sur les chauss\u00e9es et les dispositifs de s\u00e9curit\u00e9. L\u2019exploitant pr\u00e9vient toutefois\u00a0: le Sud-Ouest du r\u00e9seau reste tr\u00e8s fortement impact\u00e9. Les axes A64 (Bayonne-Toulouse) et A63 (Espagne-Bordeaux) demeurent parmi les plus touch\u00e9s, tout comme certains tron\u00e7ons de l\u2019A20, de l\u2019A89, de l\u2019A10 ou encore de l\u2019A9 au p\u00e9age du Boulou, \u00e0 la fronti\u00e8re espagnole. La situation reste \u00e9volutive, et de nouveaux blocages ne sont pas exclus.<\/p>\n<p class=\"std-elt__inline\">\n        <strong>\u00c0 lire aussi :<\/strong><br \/>\n        <a href=\"https:\/\/www.ladepeche.fr\/2025\/12\/18\/dermatose-nodulaire-un-tracteur-a-tente-de-les-percuter-une-equipe-de-bfmtv-denonce-une-agression-sur-la61-13118971.php\" target=\"_blank\" rel=\"noopener\">Dermatose nodulaire\u00a0: \u00ab\u00a0un tracteur a tent\u00e9 de les percuter\u00a0\u00bb\u2026 une \u00e9quipe de BFMTV d\u00e9nonce une agression sur l\u2019A61<\/a>\n    <\/p>\n<p>Les Jeunes Agriculteurs de Haute-Garonne, d\u00e9log\u00e9s de deux barrages, d\u00e9noncent \u00ab\u00a0neutralisation des mobilisations agricoles manu militari\u00a0\u00bb\u00a0et une \u00ab\u00a0duret\u00e9 in\u00e9dite\u00a0\u00bb\u00a0des forces de l\u2019ordre depuis le d\u00e9but des actions. \u00ab\u00a0Nos mobilisations s\u2019organisent autour de blocages d\u2019axes routiers et de p\u00e9ages, de d\u00e9versements\u2026 mais nous veillons \u00e0 ne rien d\u00e9grader et \u00e0 garantir la s\u00e9curit\u00e9 de nos concitoyens\u00a0\u00bb, affirment les JA, qui contestent toute volont\u00e9 d\u2019affrontement.<\/p>\n<p>\u00ab\u00a0Quelle est la vraie urgence\u00a0?\u00a0\u00bb<\/p>\n<p>Selon eux, la r\u00e9ponse de l\u2019\u00c9tat s\u2019est traduite par la destruction syst\u00e9matique des points de blocage \u00ab\u00a0\u00e0 grand renfort de CRS\u00a0\u00bb, des menaces d\u2019intervention de blind\u00e9s, des verbalisations, et des interpellations. Ils citent notamment la garde \u00e0 vue d\u2019un jeune agriculteur intervenue la veille \u00e0 Villefranche-de-Lauragais.<\/p>\n<p class=\"std-elt__inline\">\n        <strong>\u00c0 lire aussi :<\/strong><br \/>\n        <a href=\"https:\/\/www.ladepeche.fr\/2025\/12\/18\/dermatose-nodulaire-on-est-inquiet-pour-notre-avenir-les-jeunes-des-filieres-agricoles-rejoignent-la-mobilisation-pour-denoncer-labattage-des-13118833.php\" target=\"_blank\" rel=\"noopener\">Dermatose nodulaire\u00a0: \u00ab\u00a0On est inquiet pour notre avenir\u00a0\u00bb, les jeunes des fili\u00e8res agricoles rejoignent la mobilisation pour d\u00e9noncer l\u2019abattage des troupeaux<\/a>\n    <\/p>\n<p>Au-del\u00e0 des barrages, les Jeunes Agriculteurs disent vouloir faire remonter \u00ab\u00a0les contraintes agricoles qui s\u2019abattent sur nos fili\u00e8res et nos consommateurs\u00a0\u00bb et interpellent directement la ministre de l\u2019Agriculture, Annie Genevard, et le pr\u00e9fet\u00a0: \u00ab\u00a0Quelle est la vraie urgence\u00a0? Neutraliser toute revendication et \u00e9touffer cet \u00e9lan populaire ou enfin \u00e9couter les premiers concern\u00e9s et victimes de votre politique\u00a0?\u00a0\u00bb.\u00a0Le communiqu\u00e9 se conclut sur une mise en garde\u00a0: si la r\u00e9ponse de l\u2019\u00c9tat reste fond\u00e9e sur \u00ab\u00a0le maintien de la force et l\u2019absence de communication raisonn\u00e9e\u00a0\u00bb, ils devront r\u00e9pliquer.<\/p>\n","protected":false},"excerpt":{"rendered":"l&rsquo;essentiel La circulation a repris ce jeudi apr\u00e8s-midi sur l\u2019autoroute A61 en direction de Narbonne, apr\u00e8s le d\u00e9part&hellip;\n","protected":false},"author":2,"featured_media":607613,"comment_status":"","ping_status":"","sticky":false,"template":"","format":"standard","meta":{"footnotes":""},"categories":[2816],"tags":[1111,11,327,70814,33,1777,674,1011,27,2722,12,2680,25,2312],"class_list":{"0":"post-607612","1":"post","2":"type-post","3":"status-publish","4":"format-standard","5":"has-post-thumbnail","7":"category-toulouse","8":"tag-actu","9":"tag-actualites","10":"tag-agriculture","11":"tag-dermatose-nodulaire","12":"tag-economie","13":"tag-eu","14":"tag-europe","15":"tag-fr","16":"tag-france","17":"tag-haute-garonne","18":"tag-news","19":"tag-occitanie","20":"tag-republique-francaise","21":"tag-toulouse"},"share_on_mastodon":{"url":"https:\/\/pubeurope.com\/@fr\/115741097013408244","error":""},"_links":{"self":[{"href":"https:\/\/www.europesays.com\/fr\/wp-json\/wp\/v2\/posts\/607612","targetHints":{"allow":["GET"]}}],"collection":[{"href":"https:\/\/www.europesays.com\/fr\/wp-json\/wp\/v2\/posts"}],"about":[{"href":"https:\/\/www.europesays.com\/fr\/wp-json\/wp\/v2\/types\/post"}],"author":[{"embeddable":true,"href":"https:\/\/www.europesays.com\/fr\/wp-json\/wp\/v2\/users\/2"}],"replies":[{"embeddable":true,"href":"https:\/\/www.europesays.com\/fr\/wp-json\/wp\/v2\/comments?post=607612"}],"version-history":[{"count":0,"href":"https:\/\/www.europesays.com\/fr\/wp-json\/wp\/v2\/posts\/607612\/revisions"}],"wp:featuredmedia":[{"embeddable":true,"href":"https:\/\/www.europesays.com\/fr\/wp-json\/wp\/v2\/media\/607613"}],"wp:attachment":[{"href":"https:\/\/www.europesays.com\/fr\/wp-json\/wp\/v2\/media?parent=607612"}],"wp:term":[{"taxonomy":"category","embeddable":true,"href":"https:\/\/www.europesays.com\/fr\/wp-json\/wp\/v2\/categories?post=607612"},{"taxonomy":"post_tag","embeddable":true,"href":"https:\/\/www.europesays.com\/fr\/wp-json\/wp\/v2\/tags?post=607612"}],"curies":[{"name":"wp","href":"https:\/\/api.w.org\/{rel}","templated":true}]}}