{"id":607618,"date":"2025-12-18T14:44:15","date_gmt":"2025-12-18T14:44:15","guid":{"rendered":"https:\/\/www.europesays.com\/fr\/607618\/"},"modified":"2025-12-18T14:44:15","modified_gmt":"2025-12-18T14:44:15","slug":"une-femme-rouee-de-coups-pour-son-iphone-a-marseille-son-agresseur-retrouve-grace-a-la-sonnerie-du-telephone","status":"publish","type":"post","link":"https:\/\/www.europesays.com\/fr\/607618\/","title":{"rendered":"Une femme rou\u00e9e de coups pour son iPhone \u00e0 Marseille, son agresseur retrouv\u00e9 gr\u00e2ce \u00e0 la sonnerie du t\u00e9l\u00e9phone"},"content":{"rendered":"<p>Pour une iPhone 17, elle a \u00e9t\u00e9 rou\u00e9e de coups par des inconnus. Ce dimanche matin du 14\u00a0d\u00e9cembre\u00a02025, la victime, une jeune femme de 27\u00a0ans qui se trouvait avec une amie au niveau de la station de m\u00e9tro <a href=\"https:\/\/www.laprovence.com\/article\/region\/14327895723804\/nouveau-reseau-de-bus-a-marseille-a-bougainville-temoignages-dusagers-entre-espoir-et-resignation\" target=\"_blank\" rel=\"noopener\">de Bougainville<\/a>, dans le 15e arrondissement de Marseille a soudain \u00e9t\u00e9 prise \u00e0 partie par quatre hommes d\u2019une trentaine d\u2019ann\u00e9es.<\/p>\n<p>L\u2019un d\u2019eux n\u2019a pas h\u00e9sit\u00e9 \u00e0 la frapper plusieurs fois en plein visage pour lui d\u00e9rober son t\u00e9l\u00e9phone, tandis que son amie tentait de s\u2019interposer, se blessant \u00e0 son tour. Sous le choc, la jeune femme au visage tum\u00e9fi\u00e9 s\u2019est pr\u00e9cipit\u00e9e vers un <a href=\"https:\/\/www.laprovence.com\/article\/region\/6060478813255314\/courses-poursuites-descentes-sur-les-points-de-deal-dans-les-quartiers-nord-a-marseille-la-police-municipale-facon-bac\" target=\"_blank\" rel=\"noopener\">\u00e9quipage de la police municipale<\/a>, aper\u00e7u en patrouille dans le secteur un peu plus tard, apr\u00e8s avoir d\u00e9couvert que son t\u00e9l\u00e9phone vol\u00e9 \u00e9tait toujours actif et g\u00e9olocalis\u00e9. L\u2019appareil semblait maintenant se trouver non loin de l\u00e0, dans un centre d\u2019h\u00e9bergement pour majeurs isol\u00e9s de la rue Magallon.<\/p>\n<p>\u00c0 la vue des policiers, il fait tomber le t\u00e9l\u00e9phone<\/p>\n<p>Sur place, les agents de la<a href=\"https:\/\/www.laprovence.com\/article\/faits-divers-justice\/18118821728226\/deux-voleurs-de-pieces-automobiles-surpris-par-un-garagiste-dans-le-14-arrondissement-de-marseille\" target=\"_blank\" rel=\"noopener\"> brigade Nord<\/a>, toujours accompagn\u00e9s de la victime, ont alors contact\u00e9 le personnel du centre et entrepris de rechercher le suspect qui leur avait \u00e9t\u00e9 d\u00e9crit. Pas vraiment une mince affaire sur un site qui peut accueillir plus de 150 personnes r\u00e9parties sur plusieurs b\u00e2timents et plusieurs \u00e9tages.<\/p>\n<p>Mais en activant la sonnerie de son t\u00e9l\u00e9phone, la jeune femme agress\u00e9e a eu la surprise d\u2019entendre comme un \u00e9cho au loin. Parvenant finalement \u00e0 localiser une chambre gr\u00e2ce \u00e0 la sonnerie de l\u2019iPhone, les agents ont d\u2019abord laiss\u00e9 au personnel le soin de prendre contact avec son occupant, qui est sorti de sa chambre, laissant aussit\u00f4t tomber un t\u00e9l\u00e9phone \u00e0 la vue des policiers municipaux. Il s\u2019agissait bien de l\u2019iPhone de la victime, qui a \u00e9galement reconnu son agresseur.<\/p>\n<p>Le suspect de 38\u00a0ans a imm\u00e9diatement \u00e9t\u00e9 menott\u00e9 et remis au commissariat de la division nord en vue de son placement en garde \u00e0 vue pour des faits de vol avec violences.<\/p>\n","protected":false},"excerpt":{"rendered":"Pour une iPhone 17, elle a \u00e9t\u00e9 rou\u00e9e de coups par des inconnus. Ce dimanche matin du 14\u00a0d\u00e9cembre\u00a02025,&hellip;\n","protected":false},"author":2,"featured_media":607619,"comment_status":"","ping_status":"","sticky":false,"template":"","format":"standard","meta":{"footnotes":""},"categories":[2814],"tags":[17,1111,11,854,1777,674,274,1294,1011,27,655,884,12,471,882,25,67481,3711,96],"class_list":{"0":"post-607618","1":"post","2":"type-post","3":"status-publish","4":"format-standard","5":"has-post-thumbnail","7":"category-marseille","8":"tag-17","9":"tag-actu","10":"tag-actualites","11":"tag-coups","12":"tag-eu","13":"tag-europe","14":"tag-faits-divers-justice","15":"tag-femme","16":"tag-fr","17":"tag-france","18":"tag-iphone","19":"tag-marseille","20":"tag-news","21":"tag-pour","22":"tag-provence-alpes-cote-dazur","23":"tag-republique-francaise","24":"tag-rouee","25":"tag-son","26":"tag-une"},"share_on_mastodon":{"url":"https:\/\/pubeurope.com\/@fr\/115741108791395577","error":""},"_links":{"self":[{"href":"https:\/\/www.europesays.com\/fr\/wp-json\/wp\/v2\/posts\/607618","targetHints":{"allow":["GET"]}}],"collection":[{"href":"https:\/\/www.europesays.com\/fr\/wp-json\/wp\/v2\/posts"}],"about":[{"href":"https:\/\/www.europesays.com\/fr\/wp-json\/wp\/v2\/types\/post"}],"author":[{"embeddable":true,"href":"https:\/\/www.europesays.com\/fr\/wp-json\/wp\/v2\/users\/2"}],"replies":[{"embeddable":true,"href":"https:\/\/www.europesays.com\/fr\/wp-json\/wp\/v2\/comments?post=607618"}],"version-history":[{"count":0,"href":"https:\/\/www.europesays.com\/fr\/wp-json\/wp\/v2\/posts\/607618\/revisions"}],"wp:featuredmedia":[{"embeddable":true,"href":"https:\/\/www.europesays.com\/fr\/wp-json\/wp\/v2\/media\/607619"}],"wp:attachment":[{"href":"https:\/\/www.europesays.com\/fr\/wp-json\/wp\/v2\/media?parent=607618"}],"wp:term":[{"taxonomy":"category","embeddable":true,"href":"https:\/\/www.europesays.com\/fr\/wp-json\/wp\/v2\/categories?post=607618"},{"taxonomy":"post_tag","embeddable":true,"href":"https:\/\/www.europesays.com\/fr\/wp-json\/wp\/v2\/tags?post=607618"}],"curies":[{"name":"wp","href":"https:\/\/api.w.org\/{rel}","templated":true}]}}