{"id":607620,"date":"2025-12-18T14:45:14","date_gmt":"2025-12-18T14:45:14","guid":{"rendered":"https:\/\/www.europesays.com\/fr\/607620\/"},"modified":"2025-12-18T14:45:14","modified_gmt":"2025-12-18T14:45:14","slug":"ineligibilite-requise-contre-la-deputee-rn-marie-france-lorho-et-le-maire-dorange-yann-bompard","status":"publish","type":"post","link":"https:\/\/www.europesays.com\/fr\/607620\/","title":{"rendered":"in\u00e9ligibilit\u00e9 requise contre la d\u00e9put\u00e9e RN Marie-France Lorho et le maire d&rsquo;Orange Yann Bompard"},"content":{"rendered":"<p>\n    La d\u00e9put\u00e9e est poursuivie pour \u00abd\u00e9tournement de fonds publics\u00bb \u00e0 l\u2019encontre de l\u2019Assembl\u00e9e nationale et \u00absubornation de t\u00e9moin\u00bb. L\u2019\u00e9dile pour \u00abrecel de ce d\u00e9tournement\u00bb.<\/p>\n<p class=\"fig-paragraph\">\u00c0 trois mois des municipales, des peines de cinq ans d&rsquo;in\u00e9ligibilit\u00e9 avec application imm\u00e9diate ont \u00e9t\u00e9 requises jeudi \u00e0 Marseille \u00e0 l&rsquo;encontre de la d\u00e9put\u00e9e RN du Vaucluse\u00a0<a href=\"http:\/\/www.lefigaro.fr\/marseille\/la-deputee-rn-marie-france-lorho-et-le-maire-d-orange-yann-bompard-juges-a-marseille-pour-emploi-presume-fictif-20251217\" data-fig-type=\"NewsFlash\" data-gtm-custom-categorie=\"navigation\" data-gtm-custom-action=\"crossclick\" data-gtm-custom-label=\"Contextuel\" data-gtm-event=\"customEventSPE\" data-fig-domain=\"LEFIGARO\" target=\"_blank\" rel=\"noopener\">Marie-France Lorho<\/a>\u00a0et de son ex-collaborateur parlementaire Yann Bompard, actuel maire d&rsquo;Orange.<\/p>\n<p class=\"fig-paragraph\">Des in\u00e9ligibilit\u00e9s qui pourraient mettre un terme aux ambitions politiques de ces deux figures du Vaucluse, devenues des adversaires politiques sachant que la d\u00e9put\u00e9e est num\u00e9ro deux sur la liste RN aux municipales d&rsquo;Orange. Le maire, lui, sans cacher ses intentions, n&rsquo;a pas encore act\u00e9 sa candidature.<\/p>\n<p>                                            <a class=\"fig-a11y-skip\" href=\"#fig-a11y-skip-main-inarticle\" data-module=\"a11y-skip\" data-context=\"was @visible\"><br \/>\n    Passer la publicit\u00e9<br \/>\n<\/a>            <\/p>\n<p class=\"fig-paragraph\">La premi\u00e8re \u00e9tait poursuivie pour \u00abd\u00e9tournement de fonds publics\u00bb \u00e0 l&rsquo;encontre de l&rsquo;Assembl\u00e9e nationale et \u00absubornation de t\u00e9moin\u00bb, le second pour \u00abrecel de ce d\u00e9tournement\u00bb, soup\u00e7onn\u00e9 d&rsquo;avoir occup\u00e9 un emploi fictif de collaborateur parlementaire entre novembre 2021 et f\u00e9vrier 2023.<\/p>\n<p class=\"fig-paragraph\">La procureure Louise Chr\u00e9tien a \u00e9galement requis 18 mois de prison avec sursis \u00e0 l&rsquo;encontre de Marie-France Lorho, assortie de 10.000 euros d&rsquo;amende, et 24 mois avec sursis et 15.000 euros d&rsquo;amende \u00e0 l&rsquo;encontre de Yann Bompard, \u00abpour lequel il y a bien eu enrichissement personnel\u00bb. En l&rsquo;occurrence, le fait d&rsquo;avoir touch\u00e9 \u00abind\u00fbment\u00bb un salaire de 75.000 euros brut, soit 43.000 euros net.<\/p>\n<p>                                            \u00abUn lien de subordination totalement invers\u00e9\u00bb<\/p>\n<p class=\"fig-paragraph\">\u00abLa grande majorit\u00e9 des t\u00e2ches pr\u00e9vues\u00bb pour Yann Bompard \u00abn&rsquo;\u00e9taient pas effectu\u00e9es\u00bb, a lanc\u00e9 Louise Chr\u00e9tien, car \u00abmat\u00e9riellement, on comprend qu&rsquo;il manquait de temps pour remplir ses obligations contractuelles\u00bb.<\/p>\n<p class=\"fig-paragraph\">En cause, ses multiples casquettes de conseiller d\u00e9partemental, pr\u00e9sident d&rsquo;intercommunalit\u00e9, collaborateur parlementaire et, surtout, maire d&rsquo;Orange depuis fin 2021 lorsqu&rsquo;il prend le fauteuil de son p\u00e8re, Jacques Bompard, fondateur du microparti d&rsquo;extr\u00eame droite la Ligue du Sud. \u00abIl n&rsquo;avait aucune raison d&rsquo;\u00eatre pay\u00e9 trois fois pour le m\u00eame travail\u00bb, a point\u00e9 Louise Chr\u00e9tien, signalant aussi \u00abla pauvret\u00e9 des traces retrouv\u00e9es, une dizaine de mails, une dizaine de SMS\u00bb.<\/p>\n<p class=\"fig-paragraph\">La d\u00e9put\u00e9e RN n&rsquo;a \u00abpas endoss\u00e9 ses responsabilit\u00e9s d&#8217;employeur alors qu&rsquo;elle b\u00e9n\u00e9ficiait de l&rsquo;argent public\u00bb pour financer ce poste de collaborateur, a lanc\u00e9 aussi Louise Chr\u00e9tien. Et elle \u00aba mis six mois \u00e0 imposer \u00e0 M. Bompard un contrat \u00e0 mi-temps, sans prendre aucune mesure disciplinaire\u00bb, alors qu&rsquo;elle avait constat\u00e9 \u00abune baisse de son travail\u00bb depuis qu&rsquo;il \u00e9tait devenu maire. Elle \u00e9tait en r\u00e9alit\u00e9 \u00abdans un lien de subordination totalement invers\u00e9\u00bb, et vivait dans \u00abla peur, l&#8217;emprise de la famille Bompard\u00bb.<\/p>\n<p>                                            <a class=\"fig-a11y-skip\" href=\"#fig-a11y-skip-main-inarticle_mtf\" data-module=\"a11y-skip\" data-context=\"was @visible\"><br \/>\n    Passer la publicit\u00e9<br \/>\n<\/a>            <\/p>\n<p class=\"fig-paragraph\">Marie-France Lorho doit en effet \u00e0 Jacques Bompard sa carri\u00e8re. Il lui transmet son mandat de d\u00e9put\u00e9 en 2017 pour cause de cumul de mandat. Membre de son parti la Ligue du Sud jusqu&rsquo;en 2022 et ex-premi\u00e8re adjointe d&rsquo;Orange, elle est r\u00e9\u00e9lue d\u00e9put\u00e9e en 2022 puis en 2024, mais sous l&rsquo;\u00e9tiquette RN.<\/p>\n","protected":false},"excerpt":{"rendered":"La d\u00e9put\u00e9e est poursuivie pour \u00abd\u00e9tournement de fonds publics\u00bb \u00e0 l\u2019encontre de l\u2019Assembl\u00e9e nationale et \u00absubornation de t\u00e9moin\u00bb.&hellip;\n","protected":false},"author":2,"featured_media":607621,"comment_status":"","ping_status":"","sticky":false,"template":"","format":"standard","meta":{"footnotes":""},"categories":[2814],"tags":[1111,11,1777,674,1011,27,303,884,12,882,25,2848],"class_list":{"0":"post-607620","1":"post","2":"type-post","3":"status-publish","4":"format-standard","5":"has-post-thumbnail","7":"category-marseille","8":"tag-actu","9":"tag-actualites","10":"tag-eu","11":"tag-europe","12":"tag-fr","13":"tag-france","14":"tag-justice","15":"tag-marseille","16":"tag-news","17":"tag-provence-alpes-cote-dazur","18":"tag-republique-francaise","19":"tag-rn"},"share_on_mastodon":{"url":"https:\/\/pubeurope.com\/@fr\/115741114721940099","error":""},"_links":{"self":[{"href":"https:\/\/www.europesays.com\/fr\/wp-json\/wp\/v2\/posts\/607620","targetHints":{"allow":["GET"]}}],"collection":[{"href":"https:\/\/www.europesays.com\/fr\/wp-json\/wp\/v2\/posts"}],"about":[{"href":"https:\/\/www.europesays.com\/fr\/wp-json\/wp\/v2\/types\/post"}],"author":[{"embeddable":true,"href":"https:\/\/www.europesays.com\/fr\/wp-json\/wp\/v2\/users\/2"}],"replies":[{"embeddable":true,"href":"https:\/\/www.europesays.com\/fr\/wp-json\/wp\/v2\/comments?post=607620"}],"version-history":[{"count":0,"href":"https:\/\/www.europesays.com\/fr\/wp-json\/wp\/v2\/posts\/607620\/revisions"}],"wp:featuredmedia":[{"embeddable":true,"href":"https:\/\/www.europesays.com\/fr\/wp-json\/wp\/v2\/media\/607621"}],"wp:attachment":[{"href":"https:\/\/www.europesays.com\/fr\/wp-json\/wp\/v2\/media?parent=607620"}],"wp:term":[{"taxonomy":"category","embeddable":true,"href":"https:\/\/www.europesays.com\/fr\/wp-json\/wp\/v2\/categories?post=607620"},{"taxonomy":"post_tag","embeddable":true,"href":"https:\/\/www.europesays.com\/fr\/wp-json\/wp\/v2\/tags?post=607620"}],"curies":[{"name":"wp","href":"https:\/\/api.w.org\/{rel}","templated":true}]}}