{"id":607631,"date":"2025-12-18T14:52:24","date_gmt":"2025-12-18T14:52:24","guid":{"rendered":"https:\/\/www.europesays.com\/fr\/607631\/"},"modified":"2025-12-18T14:52:24","modified_gmt":"2025-12-18T14:52:24","slug":"paris-un-corps-ampute-retrouve-dans-la-seine-une-enquete-ouverte","status":"publish","type":"post","link":"https:\/\/www.europesays.com\/fr\/607631\/","title":{"rendered":"Paris\u00a0: un corps amput\u00e9 retrouv\u00e9 dans la Seine, une enqu\u00eate ouverte"},"content":{"rendered":"<p class=\"paragraph text_align_left lp-f-body-02\">Macabre d\u00e9couverte dans la Seine \u00e0 Paris. Mercredi apr\u00e8s-midi, le corps d\u2019un homme amput\u00e9 et pr\u00e9sentant plusieurs traces suspectes a \u00e9t\u00e9 retrouv\u00e9 dans le fleuve, \u00e0 proximit\u00e9 du Pont Neuf (<a href=\"https:\/\/www.leparisien.fr\/paris-75\/paris-75006\/\" target=\"_self\" rel=\"noopener\">VIe arrondissement<\/a> de <a href=\"https:\/\/www.leparisien.fr\/paris-75\/\" target=\"_self\" rel=\"noopener\">Paris<\/a>), nous indique le parquet de Paris, confirmant une information du <a href=\"https:\/\/www.lefigaro.fr\/faits-divers\/paris-le-corps-d-un-homme-ampute-retrouve-dans-la-seine-enquete-ouverte-pour-determiner-les-causes-du-deces-20251218\" target=\"_self\" rel=\"noopener\">Figaro<\/a>.<\/p>\n<p class=\"\">Selon une source polici\u00e8re, le corps a \u00e9t\u00e9 retrouv\u00e9 aux alentours de 14h10 ce mercredi et l\u2019homme ne portait qu\u2019un cale\u00e7on sur lui. \u00ab D\u2019apr\u00e8s les premi\u00e8res investigations, l\u2019homme a une main amput\u00e9e ainsi que deux impacts sur le thorax dont l\u2019origine reste \u00e0 d\u00e9terminer \u00bb, poursuit cette source polici\u00e8re.<\/p>\n<p>Le corps dans la Seine depuis trois semaines<\/p>\n<p class=\"\">Toujours selon cette m\u00eame source, le corps serait dans l\u2019eau depuis environ trois semaines et a \u00e9t\u00e9 transport\u00e9 \u00e0 l\u2019institut m\u00e9dico-l\u00e9gal de Paris. Une autopsie aurait \u00e9t\u00e9 demand\u00e9e par le parquet de Paris. Contact\u00e9e, la pr\u00e9fecture de police de n\u2019a pas donn\u00e9 suite \u00e0 notre sollicitation.<\/p>\n<p class=\"\">Le minist\u00e8re public confirme la pr\u00e9sence de marques sur le corps de l\u2019homme, mais indique qu\u2019elles \u00ab peuvent \u00eatre li\u00e9es \u00e0 son parcours dans la Seine et sa rencontre parfois brutale avec des obstacles \u00bb. Le parquet indique qu\u2019une enqu\u00eate en recherche des causes de la mort a \u00e9t\u00e9 confi\u00e9e au commissariat des Ve et VIe arrondissements de Paris.<\/p>\n<p>\u00ab Une dizaine de jeunes ont aper\u00e7u le corps \u00bb<\/p>\n<p class=\"\">\u00ab \u00c0 l\u2019origine, c\u2019est un groupe d\u2019une dizaine de jeunes qui ont aper\u00e7u le corps flotter \u00e0 la surface de l\u2019eau et d\u00e9river \u00bb, nous confie un t\u00e9moin, qui se promenait sur les quais de Seine du c\u00f4t\u00e9 de la Monnaie de Paris mercredi.<\/p>\n<p><img decoding=\"async\" class=\"image \" loading=\"lazy\" src=\"https:\/\/www.europesays.com\/fr\/wp-content\/uploads\/2025\/12\/DVEM4IVSP5ASTGGCP4A2PSRBVY.jpg\" alt=\"Quai de Conti (VIe), le 17 d\u00e9cembre. Le corps a \u00e9t\u00e9 rep\u00each\u00e9 au niveau de la pointe ouest de l'\u00eele de la Cit\u00e9. Michael Augustin\" align=\"\" data-rubrique-principale=\"\" data-article-type=\"\" fetchpriority=\"auto\"\/>Quai de Conti (VIe), le 17 d\u00e9cembre. Le corps a \u00e9t\u00e9 rep\u00each\u00e9 au niveau de la pointe ouest de l&rsquo;\u00eele de la Cit\u00e9. Michael Augustin<\/p>\n<p class=\"\">\u00ab Ils se sont pr\u00e9cipit\u00e9s sur les bateaux des secours qui se situaient en amont. Les pompiers sont imm\u00e9diatement intervenus et \u00e9norm\u00e9ment de policiers sont ensuite arriv\u00e9s sur les lieux \u00bb, poursuit le t\u00e9moin.<\/p>\n<p>Un nouveau corps dans la Seine en 2025<\/p>\n<p class=\"\">Cette d\u00e9couverte fait suite \u00e0 celles d\u2019ao\u00fbt dernier, o\u00f9 <a href=\"https:\/\/www.leparisien.fr\/val-de-marne-94\/val-de-marne-quatre-corps-retrouves-dans-la-seine-14-08-2025-DGURVPSMF5CCZJ424BJEMZUPMQ.php\" target=\"_self\" rel=\"noopener\">quatre corps avaient \u00e9t\u00e9 retrouv\u00e9s dans la Seine<\/a>, cette fois dans le Val-de-Marne, \u00e0 hauteur de Choisy-le-Roi. Un habitant de Cr\u00e9teil, un de Choisy-le-Roi et deux personnes sans domicile fixe faisaient partie des victimes.<\/p>\n<p class=\"\">Fin ao\u00fbt et fin septembre, deux nouveaux corps avaient \u00e9t\u00e9 retrouv\u00e9s \u00e0 Charenton-le-Pont (Val-de-Marne) et \u00e0 Vitry-sur-Seine (Val-de-Marne). Mais aucun lien n\u2019avait \u00e9t\u00e9 effectu\u00e9 avec les quatre premiers d\u00e9c\u00e8s, pour lesquels un homme avait \u00e9t\u00e9 <a href=\"https:\/\/www.leparisien.fr\/val-de-marne-94\/choisy-le-roi-94600\/cadavres-retrouves-dans-la-seine-la-mise-en-examen-du-principal-suspect-requise-pour-quatre-meurtres-24-08-2025-FRY3SCTL35HPDB5CXLVVDTFYKA.php\" target=\"_self\" rel=\"noopener\">plac\u00e9 en d\u00e9tention<\/a> provisoire fin ao\u00fbt.<\/p>\n","protected":false},"excerpt":{"rendered":"Macabre d\u00e9couverte dans la Seine \u00e0 Paris. Mercredi apr\u00e8s-midi, le corps d\u2019un homme amput\u00e9 et pr\u00e9sentant plusieurs traces&hellip;\n","protected":false},"author":2,"featured_media":607632,"comment_status":"","ping_status":"","sticky":false,"template":"","format":"standard","meta":{"footnotes":""},"categories":[1888],"tags":[11,1777,674,118,1011,27,1944,12,626,25],"class_list":{"0":"post-607631","1":"post","2":"type-post","3":"status-publish","4":"format-standard","5":"has-post-thumbnail","7":"category-paris","8":"tag-actualites","9":"tag-eu","10":"tag-europe","11":"tag-faits-divers","12":"tag-fr","13":"tag-france","14":"tag-ma-ville","15":"tag-news","16":"tag-paris","17":"tag-republique-francaise"},"share_on_mastodon":{"url":"https:\/\/pubeurope.com\/@fr\/115741141714267861","error":""},"_links":{"self":[{"href":"https:\/\/www.europesays.com\/fr\/wp-json\/wp\/v2\/posts\/607631","targetHints":{"allow":["GET"]}}],"collection":[{"href":"https:\/\/www.europesays.com\/fr\/wp-json\/wp\/v2\/posts"}],"about":[{"href":"https:\/\/www.europesays.com\/fr\/wp-json\/wp\/v2\/types\/post"}],"author":[{"embeddable":true,"href":"https:\/\/www.europesays.com\/fr\/wp-json\/wp\/v2\/users\/2"}],"replies":[{"embeddable":true,"href":"https:\/\/www.europesays.com\/fr\/wp-json\/wp\/v2\/comments?post=607631"}],"version-history":[{"count":0,"href":"https:\/\/www.europesays.com\/fr\/wp-json\/wp\/v2\/posts\/607631\/revisions"}],"wp:featuredmedia":[{"embeddable":true,"href":"https:\/\/www.europesays.com\/fr\/wp-json\/wp\/v2\/media\/607632"}],"wp:attachment":[{"href":"https:\/\/www.europesays.com\/fr\/wp-json\/wp\/v2\/media?parent=607631"}],"wp:term":[{"taxonomy":"category","embeddable":true,"href":"https:\/\/www.europesays.com\/fr\/wp-json\/wp\/v2\/categories?post=607631"},{"taxonomy":"post_tag","embeddable":true,"href":"https:\/\/www.europesays.com\/fr\/wp-json\/wp\/v2\/tags?post=607631"}],"curies":[{"name":"wp","href":"https:\/\/api.w.org\/{rel}","templated":true}]}}