{"id":607639,"date":"2025-12-18T14:56:19","date_gmt":"2025-12-18T14:56:19","guid":{"rendered":"https:\/\/www.europesays.com\/fr\/607639\/"},"modified":"2025-12-18T14:56:19","modified_gmt":"2025-12-18T14:56:19","slug":"donald-trump-sen-prend-a-ses-predecesseurs-sur-les-murs-de-la-maison-blanche","status":"publish","type":"post","link":"https:\/\/www.europesays.com\/fr\/607639\/","title":{"rendered":"Donald Trump s\u2019en prend \u00e0 ses pr\u00e9d\u00e9cesseurs sur les murs de la Maison-Blanche"},"content":{"rendered":"\n<p>C\u2019est la derni\u00e8re lubie du pr\u00e9sident am\u00e9ricain. Donald Trump vient de faire ajouter des plaques sous les photos ornant le Presidential Walk of Fame de la Maison-Blanche, soit la galerie de portraits officiels des anciens pr\u00e9sidents qui ornent le passage menant vers le Bureau ovale.<\/p>\n<p>Avec \u201cleur bordure couleur bronze et leur lettrage dor\u00e9, elles ont tout l\u2019air des plaques officielles qui ornent les sites historiques\u201d, <a class=\"ithalc\" data-ithal=\"lien_externe\" data-ithalc=\"[nav_article]\" target=\"_blank\" href=\"https:\/\/www.washingtonpost.com\/politics\/2025\/12\/17\/trump-trolls-biden-obama-new-plaques-presidential-walk-fame\/\" rel=\"noopener\">souligne <strong>The Washington Post<\/strong><\/a><strong>,<\/strong> mais leur texte est r\u00e9dig\u00e9 dans le plus pur style \u201cdes messages post\u00e9s par Donald Trump sur son r\u00e9seau Truth Social, et il ne refl\u00e8te l\u2019opinion que d\u2019un seul homme, celle de Donald Trump\u201d.<\/p>\n<p>               \u201cLe pire pr\u00e9sident de l\u2019histoire\u201d       <\/p>\n<p>C\u2019est, de loin, la plaque comm\u00e9morant la pr\u00e9sidence de Joe Biden qui est la plus d\u00e9sobligeante. Non seulement <a href=\"https:\/\/www.courrierinternational.com\/article\/etats-unis-joe-biden-figure-en-machine-a-signer-sur-un-portrait-accroche-dans-la-maison-blanche_235545\" target=\"_blank\" rel=\"noopener\">la photo du 46e pr\u00e9sident am\u00e9ricain a \u00e9t\u00e9 remplac\u00e9e par celle d\u2019un autopen (une machine \u00e0 signer)<\/a>, mais le texte ajout\u00e9 au-dessous stipule que \u201cSleepy Joe Biden\u201d (le surnom d\u00e9sobligeant dont Donald Trump a affubl\u00e9 son pr\u00e9d\u00e9cesseur pour moquer son d\u00e9clin li\u00e9 \u00e0 l\u2019\u00e2ge) a \u00e9t\u00e9 \u201cle pire pr\u00e9sident de l\u2019histoire am\u00e9ricaine\u201d. Il est entr\u00e9 en fonctions \u00e0 l\u2019issue de \u201cl\u2019\u00e9lection pr\u00e9sidentielle la plus corrompue de l\u2019histoire des \u00c9tats-Unis et a supervis\u00e9 une s\u00e9rie de catastrophes sans pr\u00e9c\u00e9dent qui a conduit notre nation au bord de la destruction\u201d, peut-on notamment lire.<\/p>\n<p>La plaque consacr\u00e9e \u00e0 la pr\u00e9sidence Obama met intentionnellement en exergue les deux pr\u00e9noms de celui-ci, \u201cBarack\u00a0Hussein\u201d. En soulignant qu\u2019il a \u00e9t\u00e9 \u201cl\u2019une des figures politiques les plus controvers\u00e9es de l\u2019histoire am\u00e9ricaine\u201d et qu\u2019il a pr\u00e9sid\u00e9 une \u00e8re \u201cde stagnation \u00e9conomique, approuv\u00e9 le terrible accord sur le nucl\u00e9aire iranien et sign\u00e9 l\u2019accord unilat\u00e9ral de Paris sur le climat\u201d, relate le quotidien de la capitale f\u00e9d\u00e9rale.<\/p>\n<p>Quant aux deux plaques \u2013 une pour chacun de ses mandats \u2013 plac\u00e9es sous les portraits de Donald Trump, elles donnent dans l\u2019hyperbole et \u201clouent avec enthousiasme les accomplissements\u201d de l\u2019actuel locataire de la Maison-Blanche, <a class=\"ithalc\" data-ithal=\"lien_externe\" data-ithalc=\"[nav_article]\" target=\"_blank\" href=\"https:\/\/www.nytimes.com\/2025\/12\/17\/us\/politics\/trump-presidential-walk-of-fame-white-house.html?campaign_id=2&amp;emc=edit_th_20251218&amp;instance_id=168128&amp;nl=today%27s-headlines&amp;regi_id=15200422&amp;segment_id=212433&amp;user_id=abbe9b8ef9e9430118f997c5fbc43b3c\" rel=\"noopener\">rel\u00e8ve <strong>The New York Times<\/strong><\/a><strong>.<\/strong><\/p>\n<p>      <img loading=\"lazy\" decoding=\"async\" src=\"https:\/\/www.europesays.com\/fr\/wp-content\/uploads\/2025\/12\/1766069779_934_sddefault.jpg\" alt=\"Trump displays new plaques at 'Presidential Walk of Fame'\" width=\"640\" height=\"360\"\/><\/p>\n","protected":false},"excerpt":{"rendered":"C\u2019est la derni\u00e8re lubie du pr\u00e9sident am\u00e9ricain. Donald Trump vient de faire ajouter des plaques sous les photos&hellip;\n","protected":false},"author":2,"featured_media":607640,"comment_status":"","ping_status":"","sticky":false,"template":"","format":"standard","meta":{"footnotes":""},"categories":[1589],"tags":[11,3822,592,75,73,1866,457,12,316,770,1864,1865,1863,308],"class_list":{"0":"post-607639","1":"post","2":"type-post","3":"status-publish","4":"format-standard","5":"has-post-thumbnail","7":"category-etats-unis","8":"tag-actualites","9":"tag-amu00e9riques","10":"tag-barack-obama","11":"tag-donald-trump","12":"tag-etats-unis","13":"tag-etats-unis-damerique","14":"tag-joe-biden","15":"tag-news","16":"tag-politique","17":"tag-u00e9tats-unis","18":"tag-united-states","19":"tag-united-states-of-america","20":"tag-us","21":"tag-usa"},"share_on_mastodon":{"url":"https:\/\/pubeurope.com\/@fr\/115741156835618737","error":""},"_links":{"self":[{"href":"https:\/\/www.europesays.com\/fr\/wp-json\/wp\/v2\/posts\/607639","targetHints":{"allow":["GET"]}}],"collection":[{"href":"https:\/\/www.europesays.com\/fr\/wp-json\/wp\/v2\/posts"}],"about":[{"href":"https:\/\/www.europesays.com\/fr\/wp-json\/wp\/v2\/types\/post"}],"author":[{"embeddable":true,"href":"https:\/\/www.europesays.com\/fr\/wp-json\/wp\/v2\/users\/2"}],"replies":[{"embeddable":true,"href":"https:\/\/www.europesays.com\/fr\/wp-json\/wp\/v2\/comments?post=607639"}],"version-history":[{"count":0,"href":"https:\/\/www.europesays.com\/fr\/wp-json\/wp\/v2\/posts\/607639\/revisions"}],"wp:featuredmedia":[{"embeddable":true,"href":"https:\/\/www.europesays.com\/fr\/wp-json\/wp\/v2\/media\/607640"}],"wp:attachment":[{"href":"https:\/\/www.europesays.com\/fr\/wp-json\/wp\/v2\/media?parent=607639"}],"wp:term":[{"taxonomy":"category","embeddable":true,"href":"https:\/\/www.europesays.com\/fr\/wp-json\/wp\/v2\/categories?post=607639"},{"taxonomy":"post_tag","embeddable":true,"href":"https:\/\/www.europesays.com\/fr\/wp-json\/wp\/v2\/tags?post=607639"}],"curies":[{"name":"wp","href":"https:\/\/api.w.org\/{rel}","templated":true}]}}