{"id":607650,"date":"2025-12-18T15:02:29","date_gmt":"2025-12-18T15:02:29","guid":{"rendered":"https:\/\/www.europesays.com\/fr\/607650\/"},"modified":"2025-12-18T15:02:29","modified_gmt":"2025-12-18T15:02:29","slug":"dermatose-nodulaire-lautoroute-a20-fermee-dans-les-deux-sens-de-circulation","status":"publish","type":"post","link":"https:\/\/www.europesays.com\/fr\/607650\/","title":{"rendered":"Dermatose nodulaire\u00a0: l\u2019autoroute A20 ferm\u00e9e dans les deux sens de circulation"},"content":{"rendered":"<p>\n                                                                    l&rsquo;essentiel<br \/>\n                                                                Circulation impossible, ce jeudi 18\u00a0d\u00e9cembre 2025, sur l\u2019A20 entre Cahors et Montauban. La d\u00e9viation mise en place va consid\u00e9rablement ralentir les temps de trajets. Le point de situation.\n                            <\/p>\n<p>Alors que l\u2019autoroute A 20 est toujours coup\u00e9e \u00e0 hauteur de l\u2019\u00e9changeur de Cahors-Sud en raison d\u2019une manifestation d\u2019agriculteurs dans le contexte de crise de la dermatose nodulaire, le pr\u00e9fet de Tarn-et-Garonne, Vincent Roberti, a ratifi\u00e9 plusieurs arr\u00eat\u00e9s s\u2019agissant des conditions de circulation.<\/p>\n<p><strong>Voici un point de situation peu avant 11\u00a0heures ce jeudi 18\u00a0d\u00e9cembre 2025\u00a0:<\/strong><\/p>\n<p>En application de l\u2019arr\u00eat\u00e9 zonal du 16\u00a0d\u00e9cembre 2025 et de l\u2019arr\u00eat\u00e9 pr\u00e9fectoral du 17\u00a0d\u00e9cembre 2025, depuis mercredi 17\u00a0d\u00e9cembre 2025 et jusqu\u2019\u00e0 nouvel ordre, la circulation de tous les v\u00e9hicules est interdite sur l\u2019autoroute A20 dans les deux sens de circulation entre l\u2019\u00e9changeur n\u00b057 Cahors-Nord (46) et l\u2018\u00e9changeur n\u00b060 Aussonne (82).<\/p>\n<p><strong>S\u2019agissant des mesures compl\u00e9mentaires\u00a0:<\/strong><\/p>\n<p>_ Sortie obligatoire et entr\u00e9e interdite \u00e0 l\u2019\u00e9changeur n\u00b057 Cahors-Nord (46), dans le sens Brive-<br \/>Montauban.<\/p>\n<p>_ Entr\u00e9es interdites \u00e0 l\u2019\u00e9changeur n\u00b058 Cahors-Sud (46).<\/p>\n<p>_ Entr\u00e9es interdites \u00e0 l\u2019\u00e9changeur n\u00b059 Caussade (82).<\/p>\n<p>_ Sortie obligatoire et entr\u00e9e interdite \u00e0 l\u2019\u00e9changeur n\u00b060 Aussone (82), dans le sens Montauban-Brive.<br \/>Cette interdiction de circulation n\u2019est applicable ni aux v\u00e9hicules de transports de fondants, ni aux v\u00e9hicules et engins de secours et d\u2019intervention.<\/p>\n<p>        <img decoding=\"async\" class=\"std-img__img responsive-img\" src=\"https:\/\/www.europesays.com\/fr\/wp-content\/uploads\/2025\/12\/1766070149_991_image.jpg\" alt=\"Ce mercredi, \u00e0 Caussade, la d\u00e9viation des poids lourds a quelque peu ralenti le trafic.\"\/><\/p>\n<p>                Ce mercredi, \u00e0 Caussade, la d\u00e9viation des poids lourds a quelque peu ralenti le trafic.<br \/>\n                                    DDM &#8211; Jean-Marc Barloy<\/p>\n<p>Une d\u00e9viation est pr\u00e9vue sur le r\u00e9seau secondaire, notamment via la RD820. Les usagers de la route sont invit\u00e9s \u00e0 respecter les d\u00e9viations, la signalisation mise en place et \u00e0 faire preuve de prudence \u00e0 l\u2019approche d\u2019\u00e9ventuels points de blocages.<\/p>\n","protected":false},"excerpt":{"rendered":"l&rsquo;essentiel Circulation impossible, ce jeudi 18\u00a0d\u00e9cembre 2025, sur l\u2019A20 entre Cahors et Montauban. La d\u00e9viation mise en place&hellip;\n","protected":false},"author":2,"featured_media":607651,"comment_status":"","ping_status":"","sticky":false,"template":"","format":"standard","meta":{"footnotes":""},"categories":[2],"tags":[11,327,70814,33,1011,27,19054,12,25,36586],"class_list":{"0":"post-607650","1":"post","2":"type-post","3":"status-publish","4":"format-standard","5":"has-post-thumbnail","7":"category-actualites","8":"tag-actualites","9":"tag-agriculture","10":"tag-dermatose-nodulaire","11":"tag-economie","12":"tag-fr","13":"tag-france","14":"tag-montauban","15":"tag-news","16":"tag-republique-francaise","17":"tag-tarn-et-garonne"},"share_on_mastodon":{"url":"https:\/\/pubeurope.com\/@fr\/115741180362244187","error":""},"_links":{"self":[{"href":"https:\/\/www.europesays.com\/fr\/wp-json\/wp\/v2\/posts\/607650","targetHints":{"allow":["GET"]}}],"collection":[{"href":"https:\/\/www.europesays.com\/fr\/wp-json\/wp\/v2\/posts"}],"about":[{"href":"https:\/\/www.europesays.com\/fr\/wp-json\/wp\/v2\/types\/post"}],"author":[{"embeddable":true,"href":"https:\/\/www.europesays.com\/fr\/wp-json\/wp\/v2\/users\/2"}],"replies":[{"embeddable":true,"href":"https:\/\/www.europesays.com\/fr\/wp-json\/wp\/v2\/comments?post=607650"}],"version-history":[{"count":0,"href":"https:\/\/www.europesays.com\/fr\/wp-json\/wp\/v2\/posts\/607650\/revisions"}],"wp:featuredmedia":[{"embeddable":true,"href":"https:\/\/www.europesays.com\/fr\/wp-json\/wp\/v2\/media\/607651"}],"wp:attachment":[{"href":"https:\/\/www.europesays.com\/fr\/wp-json\/wp\/v2\/media?parent=607650"}],"wp:term":[{"taxonomy":"category","embeddable":true,"href":"https:\/\/www.europesays.com\/fr\/wp-json\/wp\/v2\/categories?post=607650"},{"taxonomy":"post_tag","embeddable":true,"href":"https:\/\/www.europesays.com\/fr\/wp-json\/wp\/v2\/tags?post=607650"}],"curies":[{"name":"wp","href":"https:\/\/api.w.org\/{rel}","templated":true}]}}