{"id":607664,"date":"2025-12-18T15:14:13","date_gmt":"2025-12-18T15:14:13","guid":{"rendered":"https:\/\/www.europesays.com\/fr\/607664\/"},"modified":"2025-12-18T15:14:13","modified_gmt":"2025-12-18T15:14:13","slug":"en-2026-la-maison-se-reinvente-avec-un-coin-dedie-a","status":"publish","type":"post","link":"https:\/\/www.europesays.com\/fr\/607664\/","title":{"rendered":"En 2026, la maison se r\u00e9invente avec un coin d\u00e9di\u00e9 \u00e0&#8230;"},"content":{"rendered":"<p>Apr\u00e8s une dure journ\u00e9e de travail, il est agr\u00e9able de retrouver<br \/>\nsa maison. Les tendances d\u00e9co ne cessent de transformer notre<br \/>\nint\u00e9rieur. Voici, selon un article du site Homes &amp;<br \/>\nGardens, comment un simple am\u00e9nagement permet de cr\u00e9er un<br \/>\nespace apaisant et r\u00e9confortant.<\/p>\n<p>Un coin de la maison d\u00e9di\u00e9 \u00e0 la d\u00e9tente<\/p>\n<p>Cela fait plusieurs ann\u00e9es maintenant que les d\u00e9corateurs<br \/>\nd\u00a0\u00bbint\u00e9rieur observent des changements dans la fa\u00e7on qu&rsquo;ont les<br \/>\nparticuliers <strong>d&rsquo;am\u00e9nager leur logement<\/strong>. Ils<br \/>\nrepensent certaines pi\u00e8ces de leur maison afin de <a href=\"https:\/\/www.lejournaldelamaison.fr\/le-journal-de-la-maison\/piece-par-piece\/terrasse-jardin-piece-par-piece\/3-conseils-amenager-coin-detente-jardin-253681.html\" target=\"_blank\" rel=\"noopener\"><br \/>\ncr\u00e9er un coin \u00ab\u00a0d\u00e9tente\u00a0\u00bb<\/a>. Gala Magri\u00f1\u00e1, sp\u00e9cialiste du design<br \/>\nholistique, parle de \u00ab\u00a0petits sanctuaires\u00a0\u00bb. Ces derniers permettent<br \/>\nde recharger ses batteries apr\u00e8s une journ\u00e9e \u00e9puisante. Il peut<br \/>\ns&rsquo;agir <strong>d&rsquo;un coin lecture tr\u00e8s lumineux<\/strong>, ou bien<br \/>\nd&rsquo;une pi\u00e8ce d\u00e9di\u00e9e au repos.<\/p>\n<p>C&rsquo;est suite \u00e0 la pand\u00e9mie que cette tendance a commenc\u00e9 \u00e0 \u00eatre<br \/>\n<strong>adopt\u00e9e par le plus grand nombre<\/strong>. Aujourd&rsquo;hui, les<br \/>\npropri\u00e9taires souhaitent faire attention \u00e0 chaque d\u00e9tail : les<br \/>\nmat\u00e9riaux, les couleurs, la lumi\u00e8re. L&rsquo;essentiel est de tenir<br \/>\ncompte de leur impact sur le bien-\u00eatre, sur la sant\u00e9 physique et<br \/>\nmentale. En cr\u00e9ant <strong>des coins consacr\u00e9s \u00e0 la<br \/>\nd\u00e9tente<\/strong>, on obtient des refuges permettant de se calmer,<br \/>\nde <a href=\"https:\/\/www.lejournaldelamaison.fr\/le-journal-de-la-maison\/piece-par-piece\/salon\/regles-pour-creer-salon-apaisant-selon-psychologue-484575.html\" target=\"_blank\" rel=\"noopener\"><br \/>\nse couper du stress ext\u00e9rieur<\/a>.<\/p>\n<p>Un espace d\u00e9tente sur mesure<\/p>\n<p>Cet espace peut prendre de nombreuses formes et beaucoup<br \/>\nd&rsquo;accessoires peuvent vous aider \u00e0 instaurer une ambiance<br \/>\napaisante. Cela peut \u00eatre <a href=\"https:\/\/www.lejournaldelamaison.fr\/le-journal-de-la-maison\/piece-par-piece\/salon\/15-fauteuils-cosy-hiberner-cet-hiver-178610.html\" target=\"_blank\" rel=\"noopener\"><br \/>\nun fauteuil cosy<\/a> plac\u00e9 pr\u00e8s d&rsquo;une fen\u00eatre, <strong>une jolie<br \/>\nbiblioth\u00e8que \u00e0 c\u00f4t\u00e9 de la chemin\u00e9e<\/strong>, une salle de<br \/>\nm\u00e9ditation minimaliste&#8230; L&rsquo;important est que vous vous sentiez<br \/>\nparfaitement bien dans votre coin d\u00e9tente. Misez plut\u00f4t sur des<br \/>\nteintes neutres, douces, et n&rsquo;h\u00e9sitez pas \u00e0 <strong>int\u00e9grer des<br \/>\n\u00e9l\u00e9ments naturels<\/strong>, comme du bois, de la pierre ou des<br \/>\nplantes d&rsquo;int\u00e9rieur.<\/p>\n<p>La lumi\u00e8re joue aussi un r\u00f4le tr\u00e8s important, selon<br \/>\n<strong>l&rsquo;atmosph\u00e8re que vous souhaitez cr\u00e9er<\/strong>. Vous<br \/>\npouvez, par exemple, utiliser des bougies parfum\u00e9es pour r\u00e9chauffer<br \/>\nla pi\u00e8ce, opter pour un \u00e9clairage doux ou pour une lumi\u00e8re<br \/>\nnaturelle en laissant les rideaux ouverts. D&rsquo;autres astuces peuvent<br \/>\nvous aider \u00e0 rendre votre coin <a href=\"https:\/\/www.lejournaldelamaison.fr\/actualite\/voici-4-etapes-pour-transformer-un-interieur-froid-en-un-espace-chaleureux-et-cocooning-500315.html\" target=\"_blank\" rel=\"noopener\"><br \/>\nencore plus cocooning<\/a>. <strong>En diffusant de la musique<br \/>\nrelaxante<\/strong>, fa\u00e7on spa, vous installerez imm\u00e9diatement une<br \/>\nambiance calme et propice au repos.<\/p>\n<blockquote class=\"instagram-media\" style=\"background: #ffffff;border: 0;margin: 1px;width: 100%;padding: 0;max-width: 500px;\" data-instgrm-permalink=\"https:\/\/www.instagram.com\/reel\/DC7Fpf-Rnn6\/\" data-instgrm-version=\"14\"\/><p>\nComment am\u00e9nager son int\u00e9rieur pour<br \/>\ncr\u00e9er un espace reposant<\/p>\n<p>Pour cr\u00e9er un coin d\u00e9tente, <strong>\u00e9vitez de surcharger votre<br \/>\npi\u00e8ce<\/strong>. Le d\u00e9sordre emp\u00eache l&rsquo;esprit de se rel\u00e2cher.<br \/>\nD\u00e9sencombrez r\u00e9guli\u00e8rement, en vous d\u00e9barrassant du superflu. Vous<br \/>\npourrez ainsi lib\u00e9rer votre espace et mieux vous reposer. L&rsquo;air<br \/>\ndoit \u00eatre sain et agr\u00e9able \u00e0 respirer. Pour ce faire, plusieurs<br \/>\noptions sont \u00e0 votre disposition : <a href=\"https:\/\/www.lejournaldelamaison.fr\/le-journal-de-la-maison\/actus-deco\/diffuseur-huiles-essentielles-le-top-des-diffuseurs-pour-la-maison-sur-amazon-431131.html\" target=\"_blank\" rel=\"noopener\"><br \/>\ndes diffuseurs d&rsquo;huiles essentielles<\/a>, <strong>des plantes qui<br \/>\noxyg\u00e8nent l&rsquo;air<\/strong>, un brumisateur&#8230;<\/p>\n<p>Quand vous vous rendez dans votre coin d\u00e9tente, <strong>essayez<br \/>\nvraiment de d\u00e9connecter<\/strong>. Ranger votre t\u00e9l\u00e9phone ailleurs,<br \/>\net profitez plut\u00f4t <a href=\"https:\/\/www.lejournaldelamaison.fr\/le-journal-de-la-maison\/nouveautes\/tendances\/tendances-deco\/fini-bibliotheque-classique-voici-nouvelle-facon-ranger-livres-2025-selon-architectes-505734.html\" target=\"_blank\" rel=\"noopener\"><br \/>\nd&rsquo;un bon livre<\/a>, d&rsquo;une musique qui vous d\u00e9tend. Ce temps calme<br \/>\nest n\u00e9cessaire pour reprendre des forces et <strong>enlever le<br \/>\nstress accumul\u00e9<\/strong> durant la journ\u00e9e.<\/p>\n<p><script async src=\"\/\/www.instagram.com\/embed.js\"><\/script><\/p>\n","protected":false},"excerpt":{"rendered":"Apr\u00e8s une dure journ\u00e9e de travail, il est agr\u00e9able de retrouver sa maison. Les tendances d\u00e9co ne cessent&hellip;\n","protected":false},"author":2,"featured_media":607665,"comment_status":"","ping_status":"","sticky":false,"template":"","format":"standard","meta":{"footnotes":""},"categories":[1358],"tags":[13041,1348,1384,1385,37046,3917,12008,3477,71894,11803,1805,71895,1386,58,59,1086,4989,14537,1011,27,4743,151,2142,48423,471,12558,4990,7822,9066,17151],"class_list":{"0":"post-607664","1":"post","2":"type-post","3":"status-publish","4":"format-standard","5":"has-post-thumbnail","7":"category-arts-et-design","8":"tag-a","9":"tag-arts","10":"tag-arts-and-design","11":"tag-arts-et-design","12":"tag-astuce","13":"tag-avant","14":"tag-bien","15":"tag-cette","16":"tag-cocon","17":"tag-cree","18":"tag-de","19":"tag-decompresser","20":"tag-design","21":"tag-divertissement","22":"tag-entertainment","23":"tag-etre","24":"tag-fatigue","25":"tag-fetes","26":"tag-fr","27":"tag-france","28":"tag-la","29":"tag-les","30":"tag-maison","31":"tag-parfait","32":"tag-pour","33":"tag-simple","34":"tag-stress","35":"tag-toute","36":"tag-un","37":"tag-vrai"},"share_on_mastodon":{"url":"https:\/\/pubeurope.com\/@fr\/115741226648337823","error":""},"_links":{"self":[{"href":"https:\/\/www.europesays.com\/fr\/wp-json\/wp\/v2\/posts\/607664","targetHints":{"allow":["GET"]}}],"collection":[{"href":"https:\/\/www.europesays.com\/fr\/wp-json\/wp\/v2\/posts"}],"about":[{"href":"https:\/\/www.europesays.com\/fr\/wp-json\/wp\/v2\/types\/post"}],"author":[{"embeddable":true,"href":"https:\/\/www.europesays.com\/fr\/wp-json\/wp\/v2\/users\/2"}],"replies":[{"embeddable":true,"href":"https:\/\/www.europesays.com\/fr\/wp-json\/wp\/v2\/comments?post=607664"}],"version-history":[{"count":0,"href":"https:\/\/www.europesays.com\/fr\/wp-json\/wp\/v2\/posts\/607664\/revisions"}],"wp:featuredmedia":[{"embeddable":true,"href":"https:\/\/www.europesays.com\/fr\/wp-json\/wp\/v2\/media\/607665"}],"wp:attachment":[{"href":"https:\/\/www.europesays.com\/fr\/wp-json\/wp\/v2\/media?parent=607664"}],"wp:term":[{"taxonomy":"category","embeddable":true,"href":"https:\/\/www.europesays.com\/fr\/wp-json\/wp\/v2\/categories?post=607664"},{"taxonomy":"post_tag","embeddable":true,"href":"https:\/\/www.europesays.com\/fr\/wp-json\/wp\/v2\/tags?post=607664"}],"curies":[{"name":"wp","href":"https:\/\/api.w.org\/{rel}","templated":true}]}}