{"id":607670,"date":"2025-12-18T15:18:18","date_gmt":"2025-12-18T15:18:18","guid":{"rendered":"https:\/\/www.europesays.com\/fr\/607670\/"},"modified":"2025-12-18T15:18:18","modified_gmt":"2025-12-18T15:18:18","slug":"avatar-3-meilleur-demarrage-de-lannee-avec-plus-de-270-000-entrees-pour-son-premier-jour","status":"publish","type":"post","link":"https:\/\/www.europesays.com\/fr\/607670\/","title":{"rendered":"\u00ab Avatar 3 \u00bb : meilleur d\u00e9marrage de l\u2019ann\u00e9e avec plus de 270 000 entr\u00e9es pour son premier jour"},"content":{"rendered":"<p class=\"paragraph text_align_left lp-f-body-02\">On le sentait venir d\u00e8s mercredi matin, quand <a href=\"https:\/\/www.leparisien.fr\/culture-loisirs\/cinema\/avatar-3-les-premiers-spectateurs-impressionnes-par-cette-claque-visuelle-17-12-2025-UPENZGMIDBCJDJLJBHLT3GA6JU.php\" target=\"_blank\" rel=\"noreferrer noopener\">le nouvel opus d\u2019\u00ab Avatar \u00bb avait enregistr\u00e9 d\u00e8s 8 heures un score canon \u00e0 Paris<\/a> lors de sa toute premi\u00e8re s\u00e9ance au monde, au cin\u00e9ma UGC Cin\u00e9 Cit\u00e9 des Halles. Confirmation : sur sa premi\u00e8re journ\u00e9e d\u2019exploitation en France, <a href=\"https:\/\/www.leparisien.fr\/culture-loisirs\/cinema\/avatar-3-plus-sombre-plus-spectaculaire-plus-merveilleux-coup-de-foudre-pour-de-feu-et-de-cendres-16-12-2025-M7KTUJMPDBEWHAZC6XSFWXM46E.php\" target=\"_blank\" rel=\"noreferrer noopener\">\u00ab De Feu et de Cendres \u00bb<\/a> cumule 273 370 entr\u00e9es sur 728 copies, s\u2019octroyant ainsi le meilleur d\u00e9marrage de l\u2019ann\u00e9e, jusque-l\u00e0 d\u00e9tenu (avec 260 176 spectateurs) par un autre film distribu\u00e9 par Disney, la version en images r\u00e9elles de \u00ab Lilo &amp; Stitch \u00bb sortie le 21 mai dernier.<\/p>\n<p class=\"\">\u00c7a commence donc tr\u00e8s fort pour James Cameron et le troisi\u00e8me volet de sa saga, une situation \u00e0 laquelle le cin\u00e9aste est habitu\u00e9, puisque c\u2019est le cas \u00e0 chaque sortie des films de la franchise en France &#8211; \u00e7a n\u2019est pas pour rien qu\u2019il a insist\u00e9 pour que le long-m\u00e9trage de 3 h 17 d\u00e9bute sa carri\u00e8re en premi\u00e8re exclusivit\u00e9 dans notre pays, deux jours avant son lancement aux Etats-Unis.<\/p>\n<p>\u00ab Zootopie 2 \u00bb passe la barre des 4 millions d\u2019entr\u00e9es <\/p>\n<p class=\"\">Les autres nouveaut\u00e9s du 17 d\u00e9cembre enregistrent forc\u00e9ment des scores en-de\u00e7\u00e0 et sans aucune mesure, m\u00eame si certains tirent leur \u00e9pingle du jeu dans ce contexte, comme <a href=\"https:\/\/www.leparisien.fr\/culture-loisirs\/cinema\/le-chant-des-forets-vincent-munier-nous-devoile-comment-il-a-filme-les-animaux-sauvages-16-12-2025-QWMB554DT5HBXNY2KGJ2FZ6J7Y.php\" target=\"_blank\" rel=\"noreferrer noopener\">\u00ab Le Chant des for\u00eats \u00bb de Vincent Munier<\/a> qui a s\u00e9duit 42 585 amateurs (avant-premi\u00e8res comprises), se pla\u00e7ant en troisi\u00e8me position au box-office du jour. Le deuxi\u00e8me est un film <a href=\"https:\/\/www.leparisien.fr\/culture-loisirs\/cinema\/zootopie-2-demarre-en-fanfare-et-redonne-des-couleurs-aux-salles-obscures-27-11-2025-3G6ZTRK7VNC77DQFGFASRR7JU4.php\" target=\"_blank\" rel=\"noreferrer noopener\">qui poursuit son joli bonhomme de chemin<\/a>, toujours distribu\u00e9 par Disney : \u00ab Zootopie 2 \u00bb, qui passe la barre des 4 millions d\u2019entr\u00e9es depuis sa sortie.<\/p>\n<p class=\"\">Pour ce qui est du nouvel \u00ab Avatar \u00bb, ce score impressionnant de mercredi s\u2019av\u00e8re sup\u00e9rieur \u00e0 celui du deuxi\u00e8me volet, \u00ab La Voie de l\u2019eau \u00bb, qui il est vrai avait \u00e9t\u00e9 lanc\u00e9, en d\u00e9cembre 2022, le jour de la demi-finale de coupe du monde de football France-Maroc. Le tout premier opus d\u2019origine, \u00ab Avatar \u00bb, avait pour sa part fait un carton record pour un premier jour avec 330 934 spectateurs en d\u00e9cembre 2009.<\/p>\n<p>L\u2019avenir des deux derniers volets d\u00e9pend du box-office<\/p>\n<p class=\"\">Il reste maintenant \u00e0 ce que cet excellent d\u00e9marrage soit confirm\u00e9 dans les semaines qui viennent, pour pouvoir flirter, en fin d\u2019exploitation, avec les cumuls astronomiques des deux premiers volets : 14,6 millions pour \u00ab Avatar \u00bb et 14 millions tout rond pour \u00ab La Voie de l\u2019eau \u00bb. <\/p>\n<p class=\"\">Et, pour ce qui est du box-office mondial, \u00ab Avatar \u00bb d\u00e9tient toujours un record depuis 1939 avec 4 milliards de dollars de recettes. A suivre de pr\u00e8s, donc, car il il serait de bon augure pour James Cameron que \u00ab De feu et de cendres \u00bb atteigne, en France, la barre des 10 millions d\u2019entr\u00e9es et des scores proportionnellement \u00e9quivalents \u00e0 l\u2019international, afin qu\u2019il soit assur\u00e9 de pouvoir mener \u00e0 bien la production des deux ultimes volets de la saga, pr\u00e9vus en 2029 et 2031.<\/p>\n","protected":false},"excerpt":{"rendered":"On le sentait venir d\u00e8s mercredi matin, quand le nouvel opus d\u2019\u00ab Avatar \u00bb avait enregistr\u00e9 d\u00e8s 8&hellip;\n","protected":false},"author":2,"featured_media":607671,"comment_status":"","ping_status":"","sticky":false,"template":"","format":"standard","meta":{"footnotes":""},"categories":[1354],"tags":[650,872,58,59,1346,1011,27,1360],"class_list":{"0":"post-607670","1":"post","2":"type-post","3":"status-publish","4":"format-standard","5":"has-post-thumbnail","7":"category-films","8":"tag-cinema","9":"tag-culture-et-loisirs","10":"tag-divertissement","11":"tag-entertainment","12":"tag-films","13":"tag-fr","14":"tag-france","15":"tag-movies"},"share_on_mastodon":{"url":"https:\/\/pubeurope.com\/@fr\/115741243114613643","error":""},"_links":{"self":[{"href":"https:\/\/www.europesays.com\/fr\/wp-json\/wp\/v2\/posts\/607670","targetHints":{"allow":["GET"]}}],"collection":[{"href":"https:\/\/www.europesays.com\/fr\/wp-json\/wp\/v2\/posts"}],"about":[{"href":"https:\/\/www.europesays.com\/fr\/wp-json\/wp\/v2\/types\/post"}],"author":[{"embeddable":true,"href":"https:\/\/www.europesays.com\/fr\/wp-json\/wp\/v2\/users\/2"}],"replies":[{"embeddable":true,"href":"https:\/\/www.europesays.com\/fr\/wp-json\/wp\/v2\/comments?post=607670"}],"version-history":[{"count":0,"href":"https:\/\/www.europesays.com\/fr\/wp-json\/wp\/v2\/posts\/607670\/revisions"}],"wp:featuredmedia":[{"embeddable":true,"href":"https:\/\/www.europesays.com\/fr\/wp-json\/wp\/v2\/media\/607671"}],"wp:attachment":[{"href":"https:\/\/www.europesays.com\/fr\/wp-json\/wp\/v2\/media?parent=607670"}],"wp:term":[{"taxonomy":"category","embeddable":true,"href":"https:\/\/www.europesays.com\/fr\/wp-json\/wp\/v2\/categories?post=607670"},{"taxonomy":"post_tag","embeddable":true,"href":"https:\/\/www.europesays.com\/fr\/wp-json\/wp\/v2\/tags?post=607670"}],"curies":[{"name":"wp","href":"https:\/\/api.w.org\/{rel}","templated":true}]}}