{"id":607678,"date":"2025-12-18T15:22:13","date_gmt":"2025-12-18T15:22:13","guid":{"rendered":"https:\/\/www.europesays.com\/fr\/607678\/"},"modified":"2025-12-18T15:22:13","modified_gmt":"2025-12-18T15:22:13","slug":"une-equipe-francaise-detecte-sous-le-massif-central-une-anomalie-geologique-mesuree-pour-la-premiere-fois","status":"publish","type":"post","link":"https:\/\/www.europesays.com\/fr\/607678\/","title":{"rendered":"Une \u00e9quipe fran\u00e7aise d\u00e9tecte sous le Massif central une anomalie g\u00e9ologique mesur\u00e9e pour la premi\u00e8re fois"},"content":{"rendered":"<p>Une \u00e9quipe de recherche a r\u00e9v\u00e9l\u00e9 une <strong>signature<\/strong> souterraine sous le <strong>Massif<\/strong> central, dont l\u2019ampleur et la finesse de mesure n\u2019avaient encore jamais \u00e9t\u00e9 <strong>obtenues<\/strong>. Les instruments de nouvelle <strong>g\u00e9n\u00e9ration<\/strong> montrent un volume profond, chaud et atypiquement <strong>conducteur<\/strong>, qui pourrait redessiner notre <strong>compr\u00e9hension<\/strong> des moteurs g\u00e9odynamiques \u00e0 l\u2019\u0153uvre sous la <strong>France<\/strong>.<\/p>\n<p>Au c\u0153ur de ce r\u00e9sultat, l\u2019id\u00e9e que la <strong>lithosph\u00e8re<\/strong> n\u2019est pas un bloc fig\u00e9 mais un milieu <strong>vivant<\/strong>, parcouru par des flux de chaleur, de <strong>fluide<\/strong> et d\u2019\u00e9nergie <strong>m\u00e9canique<\/strong>. \u00ab Nous avons capt\u00e9 un signal que nous soup\u00e7onnions depuis <strong>longtemps<\/strong>, mais jamais avec une telle <strong>clart\u00e9<\/strong> \u00bb, explique la g\u00e9ophysicienne responsable du <strong>projet<\/strong>.<\/p>\n<p>Pourquoi cette d\u00e9couverte est in\u00e9dite<\/p>\n<p>Les chercheurs d\u00e9crivent une zone \u00e0 <strong>faible<\/strong> vitesse sismique, associ\u00e9e \u00e0 une <strong>forte<\/strong> conductivit\u00e9 \u00e9lectrique et \u00e0 une densit\u00e9 <strong>r\u00e9duite<\/strong> par rapport aux roches voisines. Ces trois <strong>indicateurs<\/strong> convergent vers un milieu <strong>plus<\/strong> chaud, \u00e9ventuellement enrichi en <strong>fluides<\/strong> et en petites fractions de <strong>fusion<\/strong> partielle.<\/p>\n<p>La profondeur affect\u00e9e serait de l\u2019ordre de <strong>60<\/strong> \u00e0 90 kilom\u00e8tres, avec des <strong>variations<\/strong> lat\u00e9rales nettes entre les segments <strong>orientaux<\/strong> et occidentaux du <strong>socle<\/strong>. \u00ab Ce n\u2019est pas un simple <strong>panache<\/strong>, ni une <strong>anomalie<\/strong> ponctuelle, mais un corps complexe et <strong>ramifi\u00e9<\/strong> \u00bb, pr\u00e9cise un sismologue du <strong>consortium<\/strong>.<\/p>\n<p>Comment l\u2019\u00e9quipe l\u2019a d\u00e9tect\u00e9e<\/p>\n<p>Le signal r\u00e9sulte d\u2019un croisement <strong>sans<\/strong> pr\u00e9c\u00e9dent de sismologie passive, de <strong>magn\u00e9totellurique<\/strong> large bande et de micro-variations <strong>gravim\u00e9triques<\/strong>. Les antennes d\u00e9ploy\u00e9es en r\u00e9seau <strong>dense<\/strong>, coupl\u00e9es \u00e0 des archives r\u00e9gionales, ont nourri une <strong>tomographie<\/strong> 3D \u00e0 haute <strong>r\u00e9solution<\/strong>.<\/p>\n<p>Les algorithmes d\u2019inversion ont \u00e9t\u00e9 <strong>contraints<\/strong> par la g\u00e9ologie de surface, la <strong>thermo<\/strong>-chronologie et des mesures de <strong>flux<\/strong> de chaleur. \u00ab C\u2019est l\u2019int\u00e9gration qui fait la <strong>diff\u00e9rence<\/strong> : chaque technique voit une <strong>facette<\/strong> du sous-sol, mais leur fusion r\u00e9v\u00e8le la <strong>structure<\/strong> enti\u00e8re \u00bb, r\u00e9sume un ing\u00e9nieur <strong>instrumentaliste<\/strong>.<\/p>\n<p>Ce que cela change pour le Massif central<\/p>\n<p>Cette structure profonde \u00e9claire la <strong>r\u00e9silience<\/strong> volcanique de la r\u00e9gion, bien au-del\u00e0 des \u00e9difices <strong>r\u00e9cents<\/strong>. Une alimentation thermique <strong>persistante<\/strong> peut expliquer des \u00e9missions <strong>diffuses<\/strong>, des sources chaudes et des anomalies de <strong>d\u00e9gazage<\/strong>.<\/p>\n<p>Les implications se dessinent sur plusieurs <strong>plans<\/strong>:<\/p>\n<ul>\n<li>G\u00e9odynamique r\u00e9gionale: une <strong>lithosph\u00e8re<\/strong> amincie et <strong>thermiquement<\/strong> perturb\u00e9e.<\/li>\n<li>Ressources: potentiel g\u00e9othermique <strong>profond<\/strong> \u00e0 cartographier avec prudence et <strong>rigueur<\/strong>.<\/li>\n<li>Risques: micro-sismicit\u00e9 \u00e0 <strong>suivre<\/strong>, sans alarmisme mais avec des <strong>outils<\/strong> adapt\u00e9s.<\/li>\n<li>Climat local: interactions eau\u2013roche\u2013gaz pouvant <strong>moduler<\/strong> certaines \u00e9missions <strong>naturelles<\/strong>.<\/li>\n<\/ul>\n<p>\u00ab Les donn\u00e9es ne crient pas \u00e0 un r\u00e9veil <strong>imminent<\/strong>, mais elles appellent \u00e0 une <strong>surveillance<\/strong> intelligente des signaux <strong>faibles<\/strong> \u00bb, insiste un sp\u00e9cialiste du <strong>risque<\/strong> et des r\u00e9seaux <strong>d\u2019observation<\/strong>. Des capteurs suppl\u00e9mentaires, plac\u00e9s aux bons <strong>endroits<\/strong>, pourraient distinguer entre <strong>circulations<\/strong> fluides, r\u00e9chauffement <strong>mantellique<\/strong> localis\u00e9 et remaniements <strong>structuraux<\/strong>.<\/p>\n<p>Les pistes en d\u00e9bat<\/p>\n<p>Deux familles d\u2019hypoth\u00e8ses se <strong>d\u00e9tachent<\/strong>. La premi\u00e8re mise sur une remont\u00e9e <strong>mantellique<\/strong> ti\u00e8de, canalis\u00e9e par des h\u00e9t\u00e9rog\u00e9n\u00e9it\u00e9s <strong>h\u00e9rit\u00e9es<\/strong> du Varisque, qui favorise la <strong>fusion<\/strong> partielle. La seconde invoque une <strong>d\u00e9lamination<\/strong> lithosph\u00e9rique, o\u00f9 des portions denses s\u2019enfoncent et laissent place \u00e0 un manteau <strong>plus<\/strong> chaud et moins <strong>visqueux<\/strong>.<\/p>\n<p>Le comportement \u00e9lectrique sugg\u00e8re des <strong>fluides<\/strong> salins et des films de <strong>melt<\/strong> interconnect\u00e9s, mais la fraction fondue resterait <strong>faible<\/strong>, compatible avec des vitesses <strong>sismiques<\/strong> seulement mod\u00e9r\u00e9ment abaiss\u00e9es. \u00ab Le diable est dans la <strong>connectivit\u00e9<\/strong> : quelques pourcents bien <strong>organis\u00e9s<\/strong> suffisent \u00e0 faire exploser la <strong>conductivit\u00e9<\/strong> \u00bb, note un expert en propri\u00e9t\u00e9s <strong>physiques<\/strong> des roches.<\/p>\n<p>M\u00e9thodes et limites<\/p>\n<p>La cartographie repose sur des <strong>mod\u00e8les<\/strong> qui ne sont jamais uniques; d\u2019autres distributions de <strong>temp\u00e9rature<\/strong>, de composition et de <strong>fluide<\/strong> peuvent reproduire les m\u00eames <strong>signaux<\/strong>. C\u2019est pourquoi l\u2019\u00e9quipe fournit des <strong>incertitudes<\/strong> explicites et publie les kernels de <strong>r\u00e9solution<\/strong> associ\u00e9s.<\/p>\n<p>Pour limiter les artefacts, les chercheurs ont crois\u00e9 des <strong>codes<\/strong> ind\u00e9pendants, test\u00e9 des jeux de <strong>donn\u00e9es<\/strong> synth\u00e9tiques et proc\u00e9d\u00e9 \u00e0 des analyses de <strong>sensibilit\u00e9<\/strong>. \u00ab Nous avons cherch\u00e9 ce qui ferait s\u2019effondrer l\u2019<strong>interpr\u00e9tation<\/strong>; ce stress test la rend au <strong>contraire<\/strong> plus robuste \u00bb, dit un <strong>membre<\/strong> de l\u2019\u00e9quipe.<\/p>\n<p>Et maintenant<\/p>\n<p>Les prochaines campagnes viseront \u00e0 densifier le <strong>r\u00e9seau<\/strong>, \u00e9tendre la fen\u00eatre de <strong>fr\u00e9quences<\/strong> et explorer les marges <strong>orientales<\/strong> du massif. Des profils magn\u00e9totelluriques <strong>profonds<\/strong>, coupl\u00e9s \u00e0 des exp\u00e9riences de <strong>bruit<\/strong> sismique corr\u00e9l\u00e9, affineront la continuit\u00e9 lat\u00e9rale du <strong>corps<\/strong>.<\/p>\n<p>Des partenariats avec des programmes <strong>europ\u00e9ens<\/strong> permettront d\u2019aligner les <strong>m\u00e9thodes<\/strong>, d\u2019ouvrir les jeux de <strong>donn\u00e9es<\/strong> et de comparer avec d\u2019autres provinces <strong>intracontinentales<\/strong>. \u00ab La meilleure garantie contre les <strong>illusions<\/strong>, c\u2019est la r\u00e9plicabilit\u00e9 et le regard <strong>crois\u00e9<\/strong> \u00bb, rappelle une coordinatrice du <strong>r\u00e9seau<\/strong>.<\/p>\n<p>Au-del\u00e0 de l\u2019exploit technique, la d\u00e9couverte redonne du <strong>relief<\/strong> \u00e0 une r\u00e9gion trop souvent per\u00e7ue comme <strong>inerte<\/strong>. Le sous-sol y appara\u00eet <strong>mobile<\/strong>, composite et parcouru de <strong>flux<\/strong> lents, dont la mesure patiente r\u00e9v\u00e8le la <strong>musique<\/strong> profonde de la <strong>Terre<\/strong>.<\/p>\n","protected":false},"excerpt":{"rendered":"Une \u00e9quipe de recherche a r\u00e9v\u00e9l\u00e9 une signature souterraine sous le Massif central, dont l\u2019ampleur et la finesse&hellip;\n","protected":false},"author":2,"featured_media":607679,"comment_status":"","ping_status":"","sticky":false,"template":"","format":"standard","meta":{"footnotes":""},"categories":[7],"tags":[1011,27,43,40,41,39,42,44],"class_list":{"0":"post-607678","1":"post","2":"type-post","3":"status-publish","4":"format-standard","5":"has-post-thumbnail","7":"category-sciences-et-technologies","8":"tag-fr","9":"tag-france","10":"tag-science","11":"tag-science-and-technology","12":"tag-sciences","13":"tag-sciences-et-technologies","14":"tag-technologies","15":"tag-technology"},"share_on_mastodon":{"url":"https:\/\/pubeurope.com\/@fr\/115741258230541184","error":""},"_links":{"self":[{"href":"https:\/\/www.europesays.com\/fr\/wp-json\/wp\/v2\/posts\/607678","targetHints":{"allow":["GET"]}}],"collection":[{"href":"https:\/\/www.europesays.com\/fr\/wp-json\/wp\/v2\/posts"}],"about":[{"href":"https:\/\/www.europesays.com\/fr\/wp-json\/wp\/v2\/types\/post"}],"author":[{"embeddable":true,"href":"https:\/\/www.europesays.com\/fr\/wp-json\/wp\/v2\/users\/2"}],"replies":[{"embeddable":true,"href":"https:\/\/www.europesays.com\/fr\/wp-json\/wp\/v2\/comments?post=607678"}],"version-history":[{"count":0,"href":"https:\/\/www.europesays.com\/fr\/wp-json\/wp\/v2\/posts\/607678\/revisions"}],"wp:featuredmedia":[{"embeddable":true,"href":"https:\/\/www.europesays.com\/fr\/wp-json\/wp\/v2\/media\/607679"}],"wp:attachment":[{"href":"https:\/\/www.europesays.com\/fr\/wp-json\/wp\/v2\/media?parent=607678"}],"wp:term":[{"taxonomy":"category","embeddable":true,"href":"https:\/\/www.europesays.com\/fr\/wp-json\/wp\/v2\/categories?post=607678"},{"taxonomy":"post_tag","embeddable":true,"href":"https:\/\/www.europesays.com\/fr\/wp-json\/wp\/v2\/tags?post=607678"}],"curies":[{"name":"wp","href":"https:\/\/api.w.org\/{rel}","templated":true}]}}