{"id":607686,"date":"2025-12-18T15:26:27","date_gmt":"2025-12-18T15:26:27","guid":{"rendered":"https:\/\/www.europesays.com\/fr\/607686\/"},"modified":"2025-12-18T15:26:27","modified_gmt":"2025-12-18T15:26:27","slug":"toutes-les-affiches-des-32es-de-finale-federation-francaise-de-football-fff","status":"publish","type":"post","link":"https:\/\/www.europesays.com\/fr\/607686\/","title":{"rendered":"Toutes les affiches des 32es de finale | F\u00e9d\u00e9ration Fran\u00e7aise de Football (FFF)"},"content":{"rendered":"<p>                                                              <img data-twic-src=\"https:\/\/www.europesays.com\/fr\/wp-content\/uploads\/2025\/12\/0191721cd6c2b672297abac586d61e1f.png\" data-credit=\"Richard LOYANT \/ FFF\" title=\"Richard LOYANT \/ FFF\" alt=\"Tirage au sort 32es Gambardella 2025-2026\" class=\"block\"\/>                                        <\/p>\n<p style=\"font-weight: bold\">Les matches des 32es de finale de l\u2019\u00e9dition 2025-2026 de la Coupe Gambardella Cr\u00e9dit Agricole sont connus apr\u00e8s le tirage au sort du jeudi 18 d\u00e9cembre.<\/p>\n<p>Lionel Rouxel, responsable des s\u00e9lections nationales de jeunes, et les membres de la Commission f\u00e9d\u00e9rale de gestion des comp\u00e9titions nationales jeunes ont proc\u00e9d\u00e9 au tirage au sort des 32es de finale de la 72e Coupe Gambardella Cr\u00e9dit Agricole, jeudi 18 d\u00e9cembre au si\u00e8ge de la F\u00e9d\u00e9ration. Il a \u00e9t\u00e9 cl\u00e9ment pour le tenant du titre, le Stade Rennais FC (niveau 1), qui a h\u00e9rit\u00e9 de la Berrichonne de Ch\u00e2teauroux (2). Le Dijon FCO (1), finaliste la saison derni\u00e8re, recevra l\u2019AS Saint-Priest (1) et l\u2019AJ Auxerre (1), recordman des victoires (sept), se rendra chez l\u2019APM Metz (2).<\/p>\n<p>Le tirage a r\u00e9serv\u00e9 six autres oppositions entre \u00e9quipes de niveau 1 : Dunkerque-Racing Club de France, Strasbourg-Schiltigheim, Toulouse-Clermont, Brest-Angers, Nice-Marseille et Saint-\u00c9tienne face \u00e0 Monaco. Le Valenciennes FC est le premier qualifi\u00e9 pour les 16es de finale apr\u00e8s son succ\u00e8s sur les Guadeloup\u00e9ens du CERFA FC (<a href=\"https:\/\/www.fff.fr\/article\/15974-valenciennes-premier-qualifie-en-16es.html\" target=\"_blank\" rel=\"noopener\">4-0<\/a>), mercredi 17 d\u00e9cembre. Les autres rencontres sont programm\u00e9es le dimanche 11 janvier 2026.<\/p>\n<p>\u00a0LE TIRAGE DES 32es DE FINALE\u00a0<\/p>\n<p style=\"text-align: left;\"><img decoding=\"async\" src=\"https:\/\/www.europesays.com\/fr\/wp-content\/uploads\/2025\/12\/1bfcabb4c1e1ce8f1d5b26af3e5bae48.jpg\" alt=\"\"\/><\/p>\n<p style=\"text-align: left;\"><img decoding=\"async\" src=\"https:\/\/www.europesays.com\/fr\/wp-content\/uploads\/2025\/12\/f9268e2c036a5ef43b9b78eee6247d5f.jpg\" alt=\"\"\/><\/p>\n<p style=\"text-align: left;\"><img decoding=\"async\" src=\"https:\/\/www.europesays.com\/fr\/wp-content\/uploads\/2025\/12\/d9a9a1fb68cc66626b1840b65a590433.jpg\" alt=\"\"\/><\/p>\n<p style=\"text-align: left;\"><img decoding=\"async\" src=\"https:\/\/www.europesays.com\/fr\/wp-content\/uploads\/2025\/12\/5a37e54fa2a87b39357e91b34d2ec059.jpg\" alt=\"\"\/><\/p>\n<p>\u00a0REVOIR LE TIRAGE\u00a0<\/p>\n<p><a href=\"https:\/\/epreuves.fff.fr\/competition\/engagement\/435165-coupe-gambardella-credit-agricole\/phase\/2\/1\/accueil\" target=\"_blank\" rel=\"noopener\"><strong>Tout sur la Coupe Gambardella Cr\u00e9dit Agricole<\/strong><\/a>Le calendrier 2025-2026<\/p>\n<ul>\n<li class=\"light\"><strong>32es de finale :<\/strong> dimanche 11 janvier 2026<\/li>\n<li class=\"light\"><strong>Tirage des 16es de finale :<\/strong> mardi 13 janvier 2026<\/li>\n<li class=\"light\"><strong>16es de finale :<\/strong> dimanche 1er f\u00e9vrier 2026<\/li>\n<li class=\"light\"><strong>Tirage des 8es de finale : <\/strong>jeudi 5 f\u00e9vrier 2026<\/li>\n<li class=\"light\"><strong>8es de finale :<\/strong> dimanche 1er mars 2026<\/li>\n<li class=\"light\"><strong>Tirages des quarts et demi-finales :<\/strong> jeudi 5 mars 2026<\/li>\n<li class=\"light\"><strong>Quarts de finale :<\/strong> dimanche 5 avril 2026<\/li>\n<li class=\"light\"><strong>Demi-finales :<\/strong> dimanche 26 avril 2026<\/li>\n<li class=\"light\"><strong>Finale :<\/strong> samedi 23 mai 2026<\/li>\n<\/ul>\n","protected":false},"excerpt":{"rendered":"Les matches des 32es de finale de l\u2019\u00e9dition 2025-2026 de la Coupe Gambardella Cr\u00e9dit Agricole sont connus apr\u00e8s&hellip;\n","protected":false},"author":2,"featured_media":607687,"comment_status":"","ping_status":"","sticky":false,"template":"","format":"standard","meta":{"footnotes":""},"categories":[2],"tags":[11,85,1011,27,12],"class_list":{"0":"post-607686","1":"post","2":"type-post","3":"status-publish","4":"format-standard","5":"has-post-thumbnail","7":"category-actualites","8":"tag-actualites","9":"tag-fff","10":"tag-fr","11":"tag-france","12":"tag-news"},"share_on_mastodon":{"url":"https:\/\/pubeurope.com\/@fr\/115741275066553512","error":""},"_links":{"self":[{"href":"https:\/\/www.europesays.com\/fr\/wp-json\/wp\/v2\/posts\/607686","targetHints":{"allow":["GET"]}}],"collection":[{"href":"https:\/\/www.europesays.com\/fr\/wp-json\/wp\/v2\/posts"}],"about":[{"href":"https:\/\/www.europesays.com\/fr\/wp-json\/wp\/v2\/types\/post"}],"author":[{"embeddable":true,"href":"https:\/\/www.europesays.com\/fr\/wp-json\/wp\/v2\/users\/2"}],"replies":[{"embeddable":true,"href":"https:\/\/www.europesays.com\/fr\/wp-json\/wp\/v2\/comments?post=607686"}],"version-history":[{"count":0,"href":"https:\/\/www.europesays.com\/fr\/wp-json\/wp\/v2\/posts\/607686\/revisions"}],"wp:featuredmedia":[{"embeddable":true,"href":"https:\/\/www.europesays.com\/fr\/wp-json\/wp\/v2\/media\/607687"}],"wp:attachment":[{"href":"https:\/\/www.europesays.com\/fr\/wp-json\/wp\/v2\/media?parent=607686"}],"wp:term":[{"taxonomy":"category","embeddable":true,"href":"https:\/\/www.europesays.com\/fr\/wp-json\/wp\/v2\/categories?post=607686"},{"taxonomy":"post_tag","embeddable":true,"href":"https:\/\/www.europesays.com\/fr\/wp-json\/wp\/v2\/tags?post=607686"}],"curies":[{"name":"wp","href":"https:\/\/api.w.org\/{rel}","templated":true}]}}