{"id":607710,"date":"2025-12-18T15:40:11","date_gmt":"2025-12-18T15:40:11","guid":{"rendered":"https:\/\/www.europesays.com\/fr\/607710\/"},"modified":"2025-12-18T15:40:11","modified_gmt":"2025-12-18T15:40:11","slug":"trafic-a-larret-sur-une-partie-de-la-ligne-b","status":"publish","type":"post","link":"https:\/\/www.europesays.com\/fr\/607710\/","title":{"rendered":"trafic \u00e0 l&rsquo;arr\u00eat sur une partie de la ligne B"},"content":{"rendered":"<p>                    Par<br \/>\n        <strong><br \/>\n            <a href=\"https:\/\/actu.fr\/auteur\/brian-legoff\" title=\"Consulter tous les articles de Brian Le Goff\" target=\"_blank\" rel=\"noopener\">Brian Le Goff<\/a><br \/>\n                    <\/strong><\/p>\n<p>        Publi\u00e9 le<\/p>\n<p>            18 d\u00e9c. 2025 \u00e0 15h37        <\/p>\n<p><strong>[Mise \u00e0 jour le jeudi 18 d\u00e9cembre \u00e0 16h37 :<\/strong> \u00c0 16h15, le compte X Star en direct annon\u00e7ait la reprise du trafic sur l\u2019ensemble de la ligne.]<\/p>\n<p class=\" wall-content\">Nouvelle panne sur la ligne B du m\u00e9tro \u00e0 Rennes. Depuis 15h, jeudi 18\u00a0d\u00e9cembre 2025, le trafic est perturb\u00e9 sur la seconde ligne de m\u00e9tro de la capitale bretonne. Apr\u00e8s un arr\u00eat total des rames de pr\u00e8s de 20\u00a0minutes, la circulation a repris partiellement.<\/p>\n<p class=\" wall-content\">En effet, le trafic reste interrompu entre les stations Gares et Saint-Jacques \u2013 Gait\u00e9. Les rames ne circulent qu\u2019entre les stations Saint-Germain et Cesson-Viasilva, apprend-on sur le compte X Star en direct.<\/p>\n<p class=\" wall-content\">Les raisons de cette panne ne sont pas donn\u00e9es.<\/p>\n<p class=\" wall-content\">Personnalisez votre actualit\u00e9 en ajoutant vos villes et m\u00e9dias en favori avec <a href=\"https:\/\/moncompte.actu.fr\" title=\"D\u00e9couvez Mon Actu\" rel=\"nofollow noopener\" data-trk=\"{&quot;cta&quot;:{&quot;action&quot;:&quot;https:\\\/\\\/moncompte.actu.fr&quot;,&quot;category&quot;:&quot;mon compte&quot;,&quot;from&quot;:&quot;article footer&quot;,&quot;name&quot;:&quot;Mon actu&quot;,&quot;type&quot;:&quot;cta&quot;}}\" target=\"_blank\">Mon Actu<\/a>.<\/p>\n","protected":false},"excerpt":{"rendered":"Par Brian Le Goff Publi\u00e9 le 18 d\u00e9c. 2025 \u00e0 15h37 [Mise \u00e0 jour le jeudi 18 d\u00e9cembre&hellip;\n","protected":false},"author":2,"featured_media":607711,"comment_status":"","ping_status":"","sticky":false,"template":"","format":"standard","meta":{"footnotes":""},"categories":[2821],"tags":[1111,11,829,1777,674,118,1011,27,5000,12,584,25,5001],"class_list":{"0":"post-607710","1":"post","2":"type-post","3":"status-publish","4":"format-standard","5":"has-post-thumbnail","7":"category-rennes","8":"tag-actu","9":"tag-actualites","10":"tag-bretagne","11":"tag-eu","12":"tag-europe","13":"tag-faits-divers","14":"tag-fr","15":"tag-france","16":"tag-metro-de-rennes","17":"tag-news","18":"tag-rennes","19":"tag-republique-francaise","20":"tag-reseau-star"},"share_on_mastodon":{"url":"https:\/\/pubeurope.com\/@fr\/115741328996863520","error":""},"_links":{"self":[{"href":"https:\/\/www.europesays.com\/fr\/wp-json\/wp\/v2\/posts\/607710","targetHints":{"allow":["GET"]}}],"collection":[{"href":"https:\/\/www.europesays.com\/fr\/wp-json\/wp\/v2\/posts"}],"about":[{"href":"https:\/\/www.europesays.com\/fr\/wp-json\/wp\/v2\/types\/post"}],"author":[{"embeddable":true,"href":"https:\/\/www.europesays.com\/fr\/wp-json\/wp\/v2\/users\/2"}],"replies":[{"embeddable":true,"href":"https:\/\/www.europesays.com\/fr\/wp-json\/wp\/v2\/comments?post=607710"}],"version-history":[{"count":0,"href":"https:\/\/www.europesays.com\/fr\/wp-json\/wp\/v2\/posts\/607710\/revisions"}],"wp:featuredmedia":[{"embeddable":true,"href":"https:\/\/www.europesays.com\/fr\/wp-json\/wp\/v2\/media\/607711"}],"wp:attachment":[{"href":"https:\/\/www.europesays.com\/fr\/wp-json\/wp\/v2\/media?parent=607710"}],"wp:term":[{"taxonomy":"category","embeddable":true,"href":"https:\/\/www.europesays.com\/fr\/wp-json\/wp\/v2\/categories?post=607710"},{"taxonomy":"post_tag","embeddable":true,"href":"https:\/\/www.europesays.com\/fr\/wp-json\/wp\/v2\/tags?post=607710"}],"curies":[{"name":"wp","href":"https:\/\/api.w.org\/{rel}","templated":true}]}}