{"id":607714,"date":"2025-12-18T15:42:10","date_gmt":"2025-12-18T15:42:10","guid":{"rendered":"https:\/\/www.europesays.com\/fr\/607714\/"},"modified":"2025-12-18T15:42:10","modified_gmt":"2025-12-18T15:42:10","slug":"sncf-la-circulation-des-trains-perturbee-sur-ces-lignes-tres-frequentees-depuis-strasbourg","status":"publish","type":"post","link":"https:\/\/www.europesays.com\/fr\/607714\/","title":{"rendered":"SNCF. La circulation des trains perturb\u00e9e sur ces lignes tr\u00e8s fr\u00e9quent\u00e9es depuis Strasbourg"},"content":{"rendered":"<p>                    Par<br \/>\n        <strong><br \/>\n            <a href=\"https:\/\/actu.fr\/auteur\/thomas-blanc\" title=\"Consulter tous les articles de Thomas Blanc\" target=\"_blank\" rel=\"noopener\">Thomas Blanc<\/a><br \/>\n                    <\/strong><\/p>\n<p>        Publi\u00e9 le<\/p>\n<p>            18 d\u00e9c. 2025 \u00e0 16h32        <\/p>\n<p>Plusieurs trains<strong> accusent des retards<\/strong> \u00e0 leur arriv\u00e9e en <a href=\"https:\/\/actu.fr\/tag\/gare-de-strasbourg\" target=\"_blank\" rel=\"noopener\">gare de Strasbourg<\/a> ce jeudi 18\u00a0d\u00e9cembre en fin d\u2019apr\u00e8s-midi. Ces perturbations sont dues \u00e0 un \u00ab\u2009<strong>d\u00e9rangement d\u2019installation<\/strong>\u2009\u00bb entre Strasbourg et Saverne, selon la <a href=\"https:\/\/actu.fr\/tag\/sncf\" target=\"_blank\" rel=\"noopener\">SNCF<\/a> jointe par Actu Strasbourg.<\/p>\n<p>La panne d\u2019un passage \u00e0 niveau cause des retards de trains<\/p>\n<p class=\" wall-content\">La panne d\u2019un passage \u00e0 niveau situ\u00e9 <strong>\u00e0 Vendenheim<\/strong> occasionne des retards allant \u00ab\u2009de 15 \u00e0 30\u00a0minutes\u2009\u00bb, d\u2019apr\u00e8s la SNCF.<\/p>\n<p class=\" wall-content\">\n<p class=\" wall-content\">La liaison TGV entre<strong> Paris Est et Strasbourg<\/strong> est impact\u00e9e tout comme les lignes TER vers <strong>Metz<\/strong>, <strong>Nancy<\/strong> et <strong>Sarreguemines<\/strong>, nous fait savoir la SNCF. Des \u00e9quipes sont sur place pour proc\u00e9der aux r\u00e9parations. \u00ab\u2009La fin des perturbations est pr\u00e9vue \u00e0 17h\u2009\u00bb, indique l\u2019entreprise publique.<\/p>\n<p class=\" wall-content\">Personnalisez votre actualit\u00e9 en ajoutant vos villes et m\u00e9dias en favori avec <a href=\"https:\/\/moncompte.actu.fr\" title=\"D\u00e9couvez Mon Actu\" rel=\"nofollow noopener\" data-trk=\"{&quot;cta&quot;:{&quot;action&quot;:&quot;https:\\\/\\\/moncompte.actu.fr&quot;,&quot;category&quot;:&quot;mon compte&quot;,&quot;from&quot;:&quot;article footer&quot;,&quot;name&quot;:&quot;Mon actu&quot;,&quot;type&quot;:&quot;cta&quot;}}\" target=\"_blank\">Mon Actu<\/a>.<\/p>\n","protected":false},"excerpt":{"rendered":"Par Thomas Blanc Publi\u00e9 le 18 d\u00e9c. 2025 \u00e0 16h32 Plusieurs trains accusent des retards \u00e0 leur arriv\u00e9e&hellip;\n","protected":false},"author":2,"featured_media":607715,"comment_status":"","ping_status":"","sticky":false,"template":"","format":"standard","meta":{"footnotes":""},"categories":[2820],"tags":[1111,11,1777,674,1011,27,20526,775,12,25,2215,104,640,2803],"class_list":{"0":"post-607714","1":"post","2":"type-post","3":"status-publish","4":"format-standard","5":"has-post-thumbnail","7":"category-strasbourg","8":"tag-actu","9":"tag-actualites","10":"tag-eu","11":"tag-europe","12":"tag-fr","13":"tag-france","14":"tag-gare-de-strasbourg","15":"tag-grand-est","16":"tag-news","17":"tag-republique-francaise","18":"tag-sncf","19":"tag-societe","20":"tag-strasbourg","21":"tag-transport"},"share_on_mastodon":{"url":"https:\/\/pubeurope.com\/@fr\/115741336813475950","error":""},"_links":{"self":[{"href":"https:\/\/www.europesays.com\/fr\/wp-json\/wp\/v2\/posts\/607714","targetHints":{"allow":["GET"]}}],"collection":[{"href":"https:\/\/www.europesays.com\/fr\/wp-json\/wp\/v2\/posts"}],"about":[{"href":"https:\/\/www.europesays.com\/fr\/wp-json\/wp\/v2\/types\/post"}],"author":[{"embeddable":true,"href":"https:\/\/www.europesays.com\/fr\/wp-json\/wp\/v2\/users\/2"}],"replies":[{"embeddable":true,"href":"https:\/\/www.europesays.com\/fr\/wp-json\/wp\/v2\/comments?post=607714"}],"version-history":[{"count":0,"href":"https:\/\/www.europesays.com\/fr\/wp-json\/wp\/v2\/posts\/607714\/revisions"}],"wp:featuredmedia":[{"embeddable":true,"href":"https:\/\/www.europesays.com\/fr\/wp-json\/wp\/v2\/media\/607715"}],"wp:attachment":[{"href":"https:\/\/www.europesays.com\/fr\/wp-json\/wp\/v2\/media?parent=607714"}],"wp:term":[{"taxonomy":"category","embeddable":true,"href":"https:\/\/www.europesays.com\/fr\/wp-json\/wp\/v2\/categories?post=607714"},{"taxonomy":"post_tag","embeddable":true,"href":"https:\/\/www.europesays.com\/fr\/wp-json\/wp\/v2\/tags?post=607714"}],"curies":[{"name":"wp","href":"https:\/\/api.w.org\/{rel}","templated":true}]}}