{"id":607718,"date":"2025-12-18T15:44:11","date_gmt":"2025-12-18T15:44:11","guid":{"rendered":"https:\/\/www.europesays.com\/fr\/607718\/"},"modified":"2025-12-18T15:44:11","modified_gmt":"2025-12-18T15:44:11","slug":"pres-de-nice-un-voisin-squatteur-menace-et-degrade-ce-supermarche-son-directeur-est-a-bout","status":"publish","type":"post","link":"https:\/\/www.europesays.com\/fr\/607718\/","title":{"rendered":"Pr\u00e8s de Nice. Un voisin squatteur menace et d\u00e9grade ce supermarch\u00e9, son directeur est \u00e0 bout"},"content":{"rendered":"<p>                    Par<br \/>\n        <strong><br \/>\n            <a href=\"https:\/\/actu.fr\/auteur\/arthur-frand\" title=\"Consulter tous les articles de Arthur Frand\" target=\"_blank\" rel=\"noopener\">Arthur Frand<\/a><br \/>\n                    <\/strong><\/p>\n<p>        Publi\u00e9 le<\/p>\n<p>            18 d\u00e9c. 2025 \u00e0 15h44<br \/>\n        ; mis \u00e0 jour le 18 d\u00e9c. 2025 \u00e0 15h45    <\/p>\n<p><strong>INFO ACTU NICE.<\/strong> C\u2019est une sc\u00e8ne qui <strong>interpelle<\/strong>. Lundi 15 d\u00e9cembre 2025, une vid\u00e9o post\u00e9e sur un groupe Facebook rassemblant des habitants d\u2019Antibes Juan-Les-Pins, pr\u00e8s de <a href=\"https:\/\/actu.fr\/nice\/\" target=\"_blank\" rel=\"noopener\">Nice,<\/a> dans les <a href=\"https:\/\/actu.fr\/provence-alpes-cote-d-azur\/alpes-maritimes_06\" target=\"_blank\" rel=\"noopener\">Alpes-Maritimes<\/a>, montrait une <strong>altercation<\/strong> entre un homme et des salari\u00e9s de l\u2019Intermarch\u00e9 La Badine d\u2019Antibes. Sur celle-ci, un riverain se plaint que le supermarch\u00e9 colle ses poubelles au mur de sa soi-disant maison. Mais la r\u00e9alit\u00e9 est bien diff\u00e9rente. Il s\u2019agit en effet d\u2019un voisin squatteur qui m\u00e8ne la <strong>vie dure<\/strong> \u00e0 l\u2019\u00e9tablissement, d\u00e9gradant ouvertement ses \u00e9quipements depuis d\u00e9but d\u00e9cembre. Le directeur de l\u2019Intermarch\u00e9 est \u00e0 bout. Plusieurs plaintes ont \u00e9t\u00e9 d\u00e9pos\u00e9es. actu Nice \u00e9claircit la situation.<\/p>\n<p>Un homme fait un scandale dans une vid\u00e9o<\/p>\n<p class=\" wall-content\">Sur la vid\u00e9o en question, supprim\u00e9e depuis par l\u2019auteur, on peut y entendre un homme s\u2019emporter face au directeur de l\u2019Intermarch\u00e9 La Badine d\u2019Antibes, en filmant des poubelles adoss\u00e9es au mur d\u2019une habitation mitoyenne. Il s\u2019insurge des odeurs et de la pr\u00e9sence de rats.\u00a0\u00ab\u2009Vous mettez la poubelle sur le mur de ma maison. Ne mettez rien ici. C\u2019est une route. Moi aussi, je vais appeler la police et d\u00e9poser plainte contre vous\u2009\u00bb, menace l\u2019homme. Face \u00e0 lui et une telle agressivit\u00e9, le directeur du supermarch\u00e9 et certains salari\u00e9s <strong>sont pris de court<\/strong>.<\/p>\n<p>    <a href=\"https:\/\/www.facebook.com\/plugins\/video.php?height=476&amp;href=https%3A%2F%2Fwww.facebook.com%2Freel%2F1211011554426112%2F&amp;show_text=false&amp;width=350&amp;t=0\" title=\"Ouvrie le lien\" target=\"_blank\" rel=\"noopener\">Cliquez ici pour visualiser le contenu<\/a><\/p>\n<p>Un squatteur dans la provocation<\/p>\n<p class=\" wall-content\">Sur une autre vid\u00e9o, \u00e9galement supprim\u00e9e depuis, l\u2019homme, exc\u00e9d\u00e9, s\u2019\u00e9tait film\u00e9 de nuit en train de d\u00e9placer les poubelles coll\u00e9es au mur de la maison. Mais selon nos informations, confirm\u00e9es par la mairie d\u2019Antibes, il ne s\u2019agit pas d\u2019un riverain du supermarch\u00e9 antibois mais d\u2019un <strong>squatteur qui vit en couple dans la fameuse maison<\/strong>. Ce que nombreux commentaires laissaient entendre, en dessous de la premi\u00e8re s\u00e9quence.<\/p>\n<p class=\" wall-content\">En r\u00e9alit\u00e9, l\u2019Intermarch\u00e9 d\u2019Antibes La Badine fait face \u00e0 des provocations \u00e0 r\u00e9p\u00e9tition. \u00ab\u2009La Ville d\u2019Antibes Juan-les-Pins a \u00e9t\u00e9 inform\u00e9e d\u2019une situation de tensions et de troubles \u00e0 l\u2019ordre public sur un site commercial du territoire, \u00e0 la suite de plusieurs signalements r\u00e9cents\u2009\u00bb, confirme la municipalit\u00e9, dans une r\u00e9ponse \u00e0 actu Nice.<\/p>\n<blockquote class=\"ac-article-quote wall-content\">\n<p>Selon les \u00e9l\u00e9ments port\u00e9s \u00e0 la connaissance de la collectivit\u00e9, l\u2019\u00e9tablissement concern\u00e9 fait face \u00e0 des difficult\u00e9s r\u00e9currentes li\u00e9es \u00e0 la pr\u00e9sence d\u2019un couple de squatteurs occupant ill\u00e9galement un bien mitoyen, propri\u00e9t\u00e9 d\u2019un tiers priv\u00e9. Cette situation aurait donn\u00e9 lieu \u00e0 plusieurs incidents, incluant des faits de violence, des d\u00e9gradations de biens et des atteintes aux installations.<\/p>\n<p>    <strong>Mairie d&rsquo;Antibes Juan-Les-Pins<\/strong>\n            <\/p><\/blockquote>\n<p>Cam\u00e9ras de surveillance et pompes \u00e0 essence cass\u00e9es<\/p>\n<p class=\" wall-content\">\u00ab\u2009Il instrumentalise une situation qui ne refl\u00e8te pas la r\u00e9alit\u00e9. Cet individu occupe ill\u00e9galement cette maison qui n\u2019a pas vocation \u00e0 \u00eatre habit\u00e9e. D\u00e9but d\u00e9cembre, il est venu en agressant une h\u00f4tesse de caisse en plein travail. Tout a commenc\u00e9 comme \u00e7a. On a fait une premi\u00e8re main courante. Mais il a recommenc\u00e9. Presque un jour sur deux, on constate un acte de vandalisme\u2009\u00bb, livre Michael Blouet, directeur de l\u2019Intermarch\u00e9 La Badine.<\/p>\n<p>Votre r\u00e9gion, votre actu !<\/p>\n<p>Recevez chaque jour les infos qui comptent pour vous.<\/p>\n<p>\t<a href=\"https:\/\/actu.fr\/newsletter\" class=\"ac-btn ac-btn--corner ac-btn--medium ac-btn--blue800\" target=\"_blank\" rel=\"noopener\">S&rsquo;incrire<\/a><\/p>\n<p class=\" wall-content\">Poubelles \u00e9ventr\u00e9es et d\u00e9vers\u00e9es devant l\u2019entr\u00e9e du personnel, menaces physiques et verbales\u2026 L\u2019homme multiplierait les exc\u00e8s. \u00ab\u2009Il a aussi cass\u00e9 les cam\u00e9ras de surveillance et toutes nos pompes \u00e0 essence avec un marteau\u2009\u00bb, pr\u00e9cise Michael Blouet. Ce mardi 16 d\u00e9cembre, ce supermarch\u00e9 a donc d\u00fb fermer sa station-service de mani\u00e8re temporaire.<\/p>\n<p>    <a href=\"https:\/\/www.facebook.com\/plugins\/post.php?href=https%3A%2F%2Fwww.facebook.com%2Fpermalink.php%3Fstory_fbid%3Dpfbid0R7aFwG9wB519Gt2zGhxWW2ZtnDgjD35poGk4wyq5cjaxvscjtC2VGs7SWekY8MY5l%26id%3D61561633824807&amp;show_text=true&amp;width=350\" title=\"Ouvrie le lien\" target=\"_blank\" rel=\"noopener\">Cliquez ici pour visualiser le contenu<\/a><\/p>\n<p class=\" wall-content\">Ces \u00e9v\u00e9nements ont conduit \u00e0 <strong>quatre d\u00e9p\u00f4ts de plainte<\/strong> aupr\u00e8s du commissariat d\u2019Antibes ces derniers jours, toujours selon nos informations. Le directeur de l\u2019Intermarch\u00e9 La Badine confie avoir re\u00e7u des menaces sur les r\u00e9seaux sociaux et se dit inquiet quant \u00e0 la situation. Il va retourner porter plainte pour diffamation.<\/p>\n<p>Le propri\u00e9taire de la maison veut une proc\u00e9dure d\u2019expulsion<\/p>\n<p class=\" wall-content\">Pour le moment, les services municipaux confient \u00eatre en lien avec les acteurs concern\u00e9s afin \u00ab\u2009de recueillir l\u2019ensemble des informations n\u00e9cessaires et d\u2019\u00e9valuer les suites \u00e0 donner, dans le respect strict du cadre l\u00e9gal et des comp\u00e9tences de chacun.\u2009\u00bb<\/p>\n<p class=\" wall-content\">De son c\u00f4t\u00e9, selon la ville, le propri\u00e9taire de la maison a indiqu\u00e9 son intention d\u2019engager prochainement une <strong>proc\u00e9dure d\u2019expulsion<\/strong> vis-\u00e0-vis du couple de squatteurs. Ces derniers semblent \u00e9galement g\u00eaner d\u2019autres habitants du quartier.<\/p>\n<p class=\" wall-content\">\u00ab\u2009Des riverains et une copropri\u00e9t\u00e9 voisine ont \u00e9galement fait \u00e9tat de <strong>difficult\u00e9s similaires<\/strong> et envisagent de saisir les services de police et de justice\u2009\u00bb, nous pr\u00e9cise \u00e9galement la municipalit\u00e9 d\u2019Antibes Juan-les-Pins, qui dit suivre la situation de pr\u00e8s pour que des r\u00e9ponses rapides et adapt\u00e9es soient donn\u00e9es \u00e0 cette situation.<\/p>\n<p class=\" wall-content\">Personnalisez votre actualit\u00e9 en ajoutant vos villes et m\u00e9dias en favori avec <a href=\"https:\/\/moncompte.actu.fr\" title=\"D\u00e9couvez Mon Actu\" rel=\"nofollow noopener\" data-trk=\"{&quot;cta&quot;:{&quot;action&quot;:&quot;https:\\\/\\\/moncompte.actu.fr&quot;,&quot;category&quot;:&quot;mon compte&quot;,&quot;from&quot;:&quot;article footer&quot;,&quot;name&quot;:&quot;Mon actu&quot;,&quot;type&quot;:&quot;cta&quot;}}\" target=\"_blank\">Mon Actu<\/a>.<\/p>\n","protected":false},"excerpt":{"rendered":"Par Arthur Frand Publi\u00e9 le 18 d\u00e9c. 2025 \u00e0 15h44 ; mis \u00e0 jour le 18 d\u00e9c. 2025&hellip;\n","protected":false},"author":2,"featured_media":607719,"comment_status":"","ping_status":"","sticky":false,"template":"","format":"standard","meta":{"footnotes":""},"categories":[2819],"tags":[1111,11,215,1777,674,1011,27,12,2401,1072,882,25,104],"class_list":{"0":"post-607718","1":"post","2":"type-post","3":"status-publish","4":"format-standard","5":"has-post-thumbnail","7":"category-nice","8":"tag-actu","9":"tag-actualites","10":"tag-commerce","11":"tag-eu","12":"tag-europe","13":"tag-fr","14":"tag-france","15":"tag-news","16":"tag-nice","17":"tag-police","18":"tag-provence-alpes-cote-dazur","19":"tag-republique-francaise","20":"tag-societe"},"share_on_mastodon":{"url":"https:\/\/pubeurope.com\/@fr\/115741344721308251","error":""},"_links":{"self":[{"href":"https:\/\/www.europesays.com\/fr\/wp-json\/wp\/v2\/posts\/607718","targetHints":{"allow":["GET"]}}],"collection":[{"href":"https:\/\/www.europesays.com\/fr\/wp-json\/wp\/v2\/posts"}],"about":[{"href":"https:\/\/www.europesays.com\/fr\/wp-json\/wp\/v2\/types\/post"}],"author":[{"embeddable":true,"href":"https:\/\/www.europesays.com\/fr\/wp-json\/wp\/v2\/users\/2"}],"replies":[{"embeddable":true,"href":"https:\/\/www.europesays.com\/fr\/wp-json\/wp\/v2\/comments?post=607718"}],"version-history":[{"count":0,"href":"https:\/\/www.europesays.com\/fr\/wp-json\/wp\/v2\/posts\/607718\/revisions"}],"wp:featuredmedia":[{"embeddable":true,"href":"https:\/\/www.europesays.com\/fr\/wp-json\/wp\/v2\/media\/607719"}],"wp:attachment":[{"href":"https:\/\/www.europesays.com\/fr\/wp-json\/wp\/v2\/media?parent=607718"}],"wp:term":[{"taxonomy":"category","embeddable":true,"href":"https:\/\/www.europesays.com\/fr\/wp-json\/wp\/v2\/categories?post=607718"},{"taxonomy":"post_tag","embeddable":true,"href":"https:\/\/www.europesays.com\/fr\/wp-json\/wp\/v2\/tags?post=607718"}],"curies":[{"name":"wp","href":"https:\/\/api.w.org\/{rel}","templated":true}]}}